{"id":12650,"date":"2025-03-18T05:16:44","date_gmt":"2025-03-18T04:16:44","guid":{"rendered":"https:\/\/www.journee-mondiale.com\/de\/die-farb-revolution-auf-unseren-naegeln-warum-2025-der-soap-effekt-deutsche-nagelstudios-erobert\/"},"modified":"2025-03-18T05:16:44","modified_gmt":"2025-03-18T04:16:44","slug":"die-farb-revolution-auf-unseren-naegeln-warum-2025-der-soap-effekt-deutsche-nagelstudios-erobert","status":"publish","type":"post","link":"https:\/\/www.journee-mondiale.com\/de\/die-farb-revolution-auf-unseren-naegeln-warum-2025-der-soap-effekt-deutsche-nagelstudios-erobert\/","title":{"rendered":"Die Farb-Revolution auf unseren N\u00e4geln: Warum 2025 der Soap-Effekt deutsche Nagelstudios erobert"},"content":{"rendered":"<p>Die Fr\u00fchlingssaison 2025 bringt frischen Wind in die Welt der Manik\u00fcre. W\u00e4hrend die Blumen zu sprie\u00dfen beginnen, zeigt sich der <strong>deutsche Nagellack-Markt<\/strong> von einer spannenden Dualit\u00e4t gepr\u00e4gt: Minimalismus trifft auf mutige Designs. Eine Entwicklung, die perfekt zur Aufbruchsstimmung des Fr\u00fchlings passt und uns dazu einl\u00e4dt, sowohl subtile als auch auff\u00e4llige Statements an unseren Fingerspitzen zu tragen.<\/p>\n<h2>Der &#8222;Soap Nails&#8220;-Trend erobert deutsche Nagelstudios<\/h2>\n<p>Pastellfarben und Naturt\u00f6ne dominieren aktuell die Fr\u00fchlingspalette, allen voran der &#8222;Soap Nails&#8220;-Look. &#8222;Die Soap Nails sind eine gro\u00dfartige M\u00f6glichkeit, einen eleganten und zeitlosen Look zu kreieren, der sich mit vielen Outfits vertr\u00e4gt&#8220;, erkl\u00e4rt Christina, Nageldesignerin aus M\u00fcnchen. Diese <strong>milchig-transparenten Designs<\/strong> erinnern tats\u00e4chlich an schimmernde Seifenblasen und verleihen den H\u00e4nden eine dezente Eleganz.<\/p>\n<h2>Zwischen Minimalismus und Mut: Die Fr\u00fchjahrs-Nail-Trends 2025<\/h2>\n<p>Der Fr\u00fchling 2025 wird von zwei scheinbar gegens\u00e4tzlichen Str\u00f6mungen gepr\u00e4gt. Einerseits die reduzierten &#8222;Clean Girl Nails&#8220;, andererseits mutige Farbexperimente. &#8222;Minimalistische Manik\u00fcren sind nicht nur stylish, sondern auch pflegeleicht&#8220;, betont Fan\u00e9lie, Gr\u00fcnderin des Instituts &#8222;Le coin des filles&#8220;. Wie <a href=\"https:\/\/www.journee-mondiale.com\/de\/category\/lebensstil\/\" target=\"_blank\">Lebensstil-Experten<\/a> best\u00e4tigen, spiegelt dieser Trend die allgemeine R\u00fcckbesinnung auf Nat\u00fcrlichkeit wider.<\/p>\n<h2>Lichtspiele auf Fingern\u00e4geln<\/h2>\n<p>Die Fr\u00fchlingsn\u00e4gel 2025 gleichen einem Kaleidoskop aus Licht und Farbe \u2013 von transparenten Glanzeffekten bis hin zu <strong>prismatischen Reflexionen<\/strong>. Wie Sonnenstrahlen, die durch Tautropfen brechen, fangen diese Designs das wiederkehrende Fr\u00fchlingslicht perfekt ein. Die Technik erinnert an die Art, wie auch bei <a href=\"https:\/\/www.journee-mondiale.com\/de\/category\/reisen\/\" target=\"_blank\">Reisen und Abenteuern<\/a> Lichtspiele in der Natur f\u00fcr magische Momente sorgen.<\/p>\n<h2>Praktische Tipps f\u00fcr langanhaltende Fr\u00fchlings-Manik\u00fcre<\/h2>\n<p>Damit die frischen Nageldesigns den April-Regenschauern standhalten, hier einige Experten-Empfehlungen:<\/p>\n<ul>\n<li>Verwenden Sie stets eine <strong>Base- und Top-Coat<\/strong> f\u00fcr maximale Haltbarkeit<\/li>\n<li>Trocknen Sie Ihre N\u00e4gel gr\u00fcndlich zwischen den einzelnen Schichten<\/li>\n<li>Tragen Sie t\u00e4glich Nagel\u00f6l auf f\u00fcr gesunde, flexible N\u00e4gel<\/li>\n<\/ul>\n<h2>Regionale Trendunterschiede in Deutschland<\/h2>\n<p>W\u00e4hrend Berlin als Trendsetter f\u00fcr <strong>geometrische Designs<\/strong> und Neonfarben gilt, bevorzugt man im S\u00fcden Deutschlands oft nat\u00fcrlichere Varianten. Diese regionalen Unterschiede sind wie die vielf\u00e4ltigen Traditionen, die wir bei verschiedenen <a href=\"https:\/\/www.journee-mondiale.com\/de\/\" target=\"_blank\">Welttagen<\/a> feiern \u2013 sie unterstreichen die kulturelle Vielfalt unseres Landes.<\/p>\n<h2>DIY oder Nagelstudio: Die Fr\u00fchlingsmanik\u00fcre 2025<\/h2>\n<p>Der neue Dualismus zwischen schlicht und gewagt macht die Fr\u00fchlings-Nageltrends besonders <strong>alltagstauglich<\/strong>. F\u00fcr Heimanwenderinnen eignen sich besonders:<\/p>\n<ul>\n<li>Pastellfarbene Lacke mit leichtem Schimmer f\u00fcr den Soap-Effekt<\/li>\n<li>D\u00fcnne Pinsel f\u00fcr minimalistische Akzente<\/li>\n<li>Transparente Glitzerlacke f\u00fcr subtile Lichtreflexe<\/li>\n<\/ul>\n<h2>Nachhaltigkeit erobert die Nagelmode<\/h2>\n<p>Die <a href=\"https:\/\/www.journee-mondiale.com\/de\/geschichte-der-welttage\/\" target=\"_blank\">Geschichte der Welttage<\/a> zeigt, wie Umweltbewusstsein zunehmend in den Fokus r\u00fcckt. Dies spiegelt sich auch in der Nagelkosmetik wider: <strong>Wasserbasierte Lacke<\/strong> und vegane Formeln gewinnen an Bedeutung. Wie ein zartes Fr\u00fchlingsblatt, das sich im Wind bewegt, ist auch die Nagelmode in stetiger Entwicklung hin zu mehr Umweltfreundlichkeit.<\/p>\n<h2>Von der Laufsteg-Inspiration zum Alltagslook<\/h2>\n<p>Die neuen Trends sind wie ein Spaziergang durch einen Fr\u00fchlingsgarten \u2013 jeder kann pfl\u00fccken, was gef\u00e4llt. Selbst die gewagteren Designs lassen sich durch Reduktion alltagstauglich interpretieren. Wer mehr \u00fcber <a href=\"https:\/\/www.journee-mondiale.com\/de\/juridisk-informationen\/\" target=\"_blank\">rechtliche Hinweise<\/a> bez\u00fcglich Nagelkosmetik wissen m\u00f6chte, kann sich bei Fachverb\u00e4nden informieren.<\/p>\n<h2>Fr\u00fchlingserwachen an den Fingerspitzen<\/h2>\n<p>Was k\u00f6nnten wir von dieser neuen Nail-Art-Saison mitnehmen? Vielleicht die Erkenntnis, dass Sch\u00f6nheit sowohl in der Zur\u00fcckhaltung als auch im mutigen Ausdruck liegen kann. Wie der Fr\u00fchling selbst laden uns die aktuellen Nageltrends dazu ein, nach einem langen Winter wieder aufzubl\u00fchen \u2013 sei es mit dezenten Seifenblasen-N\u00e4geln oder einem mutigen Farbspektakel.<\/p>\n","protected":false},"excerpt":{"rendered":"<p>Die Fr\u00fchlingssaison 2025 bringt frischen Wind in die Welt der Manik\u00fcre. W\u00e4hrend die Blumen zu sprie\u00dfen beginnen, zeigt sich der deutsche Nagellack-Markt von einer spannenden Dualit\u00e4t gepr\u00e4gt: Minimalismus trifft auf mutige Designs. Eine Entwicklung, die perfekt zur Aufbruchsstimmung des Fr\u00fchlings passt und uns dazu einl\u00e4dt, sowohl subtile als auch auff\u00e4llige Statements an unseren Fingerspitzen zu &#8230; <a title=\"Die Farb-Revolution auf unseren N\u00e4geln: Warum 2025 der Soap-Effekt deutsche Nagelstudios erobert\" class=\"read-more\" href=\"https:\/\/www.journee-mondiale.com\/de\/die-farb-revolution-auf-unseren-naegeln-warum-2025-der-soap-effekt-deutsche-nagelstudios-erobert\/\" aria-label=\"Mehr Informationen \u00fcber Die Farb-Revolution auf unseren N\u00e4geln: Warum 2025 der Soap-Effekt deutsche Nagelstudios erobert\">Lire plus<\/a><\/p>\n","protected":false},"author":1,"featured_media":12649,"comment_status":"","ping_status":"","sticky":false,"template":"","format":"standard","meta":{"footnotes":""},"categories":[48],"tags":[],"class_list":["post-12650","post","type-post","status-publish","format-standard","has-post-thumbnail","hentry","category-lebensstil"],"acf":[],"_yoast_wpseo_primary_category":null,"_yoast_wpseo_title":null,"_yoast_wpseo_metadesc":null,"_links":{"self":[{"href":"https:\/\/www.journee-mondiale.com\/de\/wp-json\/wp\/v2\/posts\/12650","targetHints":{"allow":["GET"]}}],"collection":[{"href":"https:\/\/www.journee-mondiale.com\/de\/wp-json\/wp\/v2\/posts"}],"about":[{"href":"https:\/\/www.journee-mondiale.com\/de\/wp-json\/wp\/v2\/types\/post"}],"author":[{"embeddable":true,"href":"https:\/\/www.journee-mondiale.com\/de\/wp-json\/wp\/v2\/users\/1"}],"replies":[{"embeddable":true,"href":"https:\/\/www.journee-mondiale.com\/de\/wp-json\/wp\/v2\/comments?post=12650"}],"version-history":[{"count":0,"href":"https:\/\/www.journee-mondiale.com\/de\/wp-json\/wp\/v2\/posts\/12650\/revisions"}],"wp:featuredmedia":[{"embeddable":true,"href":"https:\/\/www.journee-mondiale.com\/de\/wp-json\/wp\/v2\/media\/12649"}],"wp:attachment":[{"href":"https:\/\/www.journee-mondiale.com\/de\/wp-json\/wp\/v2\/media?parent=12650"}],"wp:term":[{"taxonomy":"category","embeddable":true,"href":"https:\/\/www.journee-mondiale.com\/de\/wp-json\/wp\/v2\/categories?post=12650"},{"taxonomy":"post_tag","embeddable":true,"href":"https:\/\/www.journee-mondiale.com\/de\/wp-json\/wp\/v2\/tags?post=12650"}],"curies":[{"name":"wp","href":"https:\/\/api.w.org\/{rel}","templated":true}]}}