{"id":12638,"date":"2025-03-17T21:14:59","date_gmt":"2025-03-17T20:14:59","guid":{"rendered":"https:\/\/www.journee-mondiale.com\/de\/so-trage-ich-mit-60-mein-langes-haar-und-warum-alle-friseure-mich-dafuer-bewundern\/"},"modified":"2025-03-17T21:14:59","modified_gmt":"2025-03-17T20:14:59","slug":"so-trage-ich-mit-60-mein-langes-haar-und-warum-alle-friseure-mich-dafuer-bewundern","status":"publish","type":"post","link":"https:\/\/www.journee-mondiale.com\/de\/so-trage-ich-mit-60-mein-langes-haar-und-warum-alle-friseure-mich-dafuer-bewundern\/","title":{"rendered":"So trage ich mit 60+ mein langes Haar (und warum alle Friseure mich daf\u00fcr bewundern)"},"content":{"rendered":"<p>Mit W\u00fcrde und Stil: Langes Haar auch jenseits der 60 modern tragen<\/p>\n<p>Der Fr\u00fchling 2025 bringt frischen Wind in die Welt der Frisuren \u2013 besonders f\u00fcr Frauen \u00fcber 60, die ihr langes Haar lieben. &#8222;<strong>Langes Haar<\/strong> ist zeitlos und kennt kein Alter&#8220;, erkl\u00e4rt die renommierte Berliner Hairstylistin Claudia Weber vom Salon &#8222;Silberglanz&#8220;. Vergessen Sie veraltete Vorstellungen, dass Frauen jenseits der 60 kurze Haare tragen m\u00fcssen. Mit den richtigen Techniken wird Ihre M\u00e4hne zum eleganten Statement Ihrer Pers\u00f6nlichkeit. Entdecken Sie mit uns, wie Sie Ihren <strong>individuellen Stil<\/strong> ausdr\u00fccken k\u00f6nnen, ohne veraltet zu wirken.<\/p>\n<h2>Die Kraft nat\u00fcrlicher Farben: Silber und Grau als Statement<\/h2>\n<p>Das Annehmen der nat\u00fcrlichen <strong>Haarfarbe<\/strong> ist einer der gr\u00f6\u00dften Trends 2025. &#8222;Silber ist das neue Blond&#8220;, schmunzelt Meisterfriseur Thomas Schmidt. &#8222;Frauen, die ihre nat\u00fcrliche Graut\u00f6nung betonen, strahlen eine unvergleichliche Authentizit\u00e4t aus.&#8220; Unterstreichen Sie Ihren grauen Look mit einem <a href=\"https:\/\/www.journee-mondiale.com\/de\/category\/lebensstil\/\" target=\"_blank\">Lebensstil-Tipps f\u00fcr Frauen \u00fcber 60<\/a>, der Ihre innere Sch\u00f6nheit nach au\u00dfen tr\u00e4gt.<\/p>\n<blockquote><p>&#8222;Ein gepflegtes Silber mit sanften Reflexen verleiht jedem langen Haar eine k\u00f6nigliche Aura. Es ist die Signatur einer Frau, die sich selbst annimmt und feiert.&#8220; &#8211; Claudia Weber, Hairstylistin<\/p><\/blockquote>\n<h2>Volumen durch clevere Schichttechnik<\/h2>\n<p>Lange Haare k\u00f6nnen mit zunehmendem Alter an F\u00fclle verlieren. Die L\u00f6sung? <strong>Strategische Schichten<\/strong>, die Bewegung und Leichtigkeit ins Haar zaubern. Diese Technik verleiht selbst feinem Haar spielerische Dynamik, ohne L\u00e4nge zu opfern.<\/p>\n<ul>\n<li>Weiche, gestufte Schichten um das Gesicht herum<\/li>\n<li>L\u00e4ngere Schichten im Nackenbereich f\u00fcr nat\u00fcrlichen Fall<\/li>\n<li>Seitenscheitel f\u00fcr optisches Volumen an der Haarwurzel<\/li>\n<\/ul>\n<h2>Das Gesicht sanft umrahmen: Die Kunst des Face-Framings<\/h2>\n<p>Wie ein ma\u00dfgeschneiderter Rahmen ein Kunstwerk hervorhebt, betont die richtige <strong>Gesichtsumrahmung<\/strong> Ihre nat\u00fcrliche Sch\u00f6nheit. Zarte Str\u00e4hnen oder ein weicher, l\u00e4ngerer Pony k\u00f6nnen Gesichtsz\u00fcge wunderbar schmeicheln. Diese Technik ist wie eine optische Verj\u00fcngungskur \u2013 ganz ohne Skalpell!<\/p>\n<h2>Textur und Bewegung: Der Schl\u00fcssel zur Jugendlichkeit<\/h2>\n<p>Nichts altert mehr als statisches, unbewegtes Haar. Sanfte <strong>Wellen und Locken<\/strong> hingegen verleihen Ihrem Look Lebendigkeit. Besonders auf Reisen k\u00f6nnen Sie verschiedene Looks ausprobieren und sich von internationalen Trends inspirieren lassen \u2013 <a href=\"https:\/\/www.journee-mondiale.com\/de\/category\/reisen\/\" target=\"_blank\">Stilvolle Reisetipps f\u00fcr \u00e4ltere Damen<\/a> helfen Ihnen dabei, stets elegant unterwegs zu sein.<\/p>\n<h2>Elegante Hochsteckfrisuren f\u00fcr besondere Anl\u00e4sse<\/h2>\n<p>Ein lockerer <strong>Chignon<\/strong> oder ein tiefer Dutt wirken sofort elegant und vorteilhaft. Anders als strenge Hochsteckfrisuren, die die Gesichtsz\u00fcge unn\u00f6tig straffen k\u00f6nnen, verleihen diese Varianten einen nat\u00fcrlich gehobenen Look.<\/p>\n<h2>Farbakzente, die Tiefe verleihen<\/h2>\n<p>Subtile <strong>Highlights<\/strong> k\u00f6nnen Ihrem Haar wunderbare Dimension verleihen. &#8222;Die Kombination aus Naturt\u00f6nen und strategisch platzierten Aufhellungen ist wie gutes Make-up f\u00fcr das Haar&#8220;, erkl\u00e4rt Schmidt. Moderne Techniken wie <a href=\"https:\/\/www.journee-mondiale.com\/de\/\" target=\"_blank\">Aktuelle Beauty-Trends f\u00fcr reife Frauen<\/a> zeigen, wie nat\u00fcrlich diese Akzente wirken k\u00f6nnen.<\/p>\n<h2>Haarpflege-Essentials f\u00fcr gesundes langes Haar<\/h2>\n<p>Langes Haar ben\u00f6tigt besondere <strong>Pflege<\/strong>, um gesund zu bleiben. <a href=\"https:\/\/www.journee-mondiale.com\/de\/juridisk-informationen\/\" target=\"_blank\">Gesundheitsaspekte der Haarpflege<\/a> sind gerade mit zunehmendem Alter nicht zu untersch\u00e4tzen.<\/p>\n<ul>\n<li>Feuchtigkeitsspendende Masken einmal w\u00f6chentlich<\/li>\n<li>Regelm\u00e4\u00dfiges Trimmen der Spitzen alle 8-10 Wochen<\/li>\n<li>Hitzeschutzprodukte vor jedem Styling verwenden<\/li>\n<\/ul>\n<h2>Accessoires: Elegante Akzente setzen<\/h2>\n<p>Stilvolle <strong>Haaraccessoires<\/strong> k\u00f6nnen Ihren Look perfektionieren. Von dezenten Seidenschals bis hin zu edlen Haarklammern \u2013 sie unterstreichen Ihre Individualit\u00e4t und lenken geschickt von problematischen Haarbereichen ab.<\/p>\n<h2>Ihre Ausstrahlung ist zeitlos \u2013 genau wie Ihr Stil<\/h2>\n<p>Wahre Sch\u00f6nheit kennt kein Alter. Die Geschichte zeigt uns, wie sich <a href=\"https:\/\/www.journee-mondiale.com\/de\/geschichte-der-welttage\/\" target=\"_blank\">Zeitlose Sch\u00f6nheitsideale im Wandel<\/a> immer wieder neu definieren. Langes Haar tr\u00e4gt mit W\u00fcrde ist wie ein guter Wein \u2013 es wird mit den Jahren nur besser. Mit diesen Tipps wird Ihr Haar zu Ihrem pers\u00f6nlichen Markenzeichen, das Eleganz und Selbstbewusstsein ausstrahlt. Denn das Sch\u00f6nste an einer Frau \u00fcber 60 ist nicht ihr Haar allein, sondern die Erfahrung und Lebensfreude, die sie ausstrahlt.<\/p>\n","protected":false},"excerpt":{"rendered":"<p>Mit W\u00fcrde und Stil: Langes Haar auch jenseits der 60 modern tragen Der Fr\u00fchling 2025 bringt frischen Wind in die Welt der Frisuren \u2013 besonders f\u00fcr Frauen \u00fcber 60, die ihr langes Haar lieben. &#8222;Langes Haar ist zeitlos und kennt kein Alter&#8220;, erkl\u00e4rt die renommierte Berliner Hairstylistin Claudia Weber vom Salon &#8222;Silberglanz&#8220;. Vergessen Sie veraltete &#8230; <a title=\"So trage ich mit 60+ mein langes Haar (und warum alle Friseure mich daf\u00fcr bewundern)\" class=\"read-more\" href=\"https:\/\/www.journee-mondiale.com\/de\/so-trage-ich-mit-60-mein-langes-haar-und-warum-alle-friseure-mich-dafuer-bewundern\/\" aria-label=\"Mehr Informationen \u00fcber So trage ich mit 60+ mein langes Haar (und warum alle Friseure mich daf\u00fcr bewundern)\">Lire plus<\/a><\/p>\n","protected":false},"author":1,"featured_media":12637,"comment_status":"","ping_status":"","sticky":false,"template":"","format":"standard","meta":{"footnotes":""},"categories":[48],"tags":[],"class_list":["post-12638","post","type-post","status-publish","format-standard","has-post-thumbnail","hentry","category-lebensstil"],"acf":[],"_yoast_wpseo_primary_category":null,"_yoast_wpseo_title":null,"_yoast_wpseo_metadesc":null,"_links":{"self":[{"href":"https:\/\/www.journee-mondiale.com\/de\/wp-json\/wp\/v2\/posts\/12638","targetHints":{"allow":["GET"]}}],"collection":[{"href":"https:\/\/www.journee-mondiale.com\/de\/wp-json\/wp\/v2\/posts"}],"about":[{"href":"https:\/\/www.journee-mondiale.com\/de\/wp-json\/wp\/v2\/types\/post"}],"author":[{"embeddable":true,"href":"https:\/\/www.journee-mondiale.com\/de\/wp-json\/wp\/v2\/users\/1"}],"replies":[{"embeddable":true,"href":"https:\/\/www.journee-mondiale.com\/de\/wp-json\/wp\/v2\/comments?post=12638"}],"version-history":[{"count":0,"href":"https:\/\/www.journee-mondiale.com\/de\/wp-json\/wp\/v2\/posts\/12638\/revisions"}],"wp:featuredmedia":[{"embeddable":true,"href":"https:\/\/www.journee-mondiale.com\/de\/wp-json\/wp\/v2\/media\/12637"}],"wp:attachment":[{"href":"https:\/\/www.journee-mondiale.com\/de\/wp-json\/wp\/v2\/media?parent=12638"}],"wp:term":[{"taxonomy":"category","embeddable":true,"href":"https:\/\/www.journee-mondiale.com\/de\/wp-json\/wp\/v2\/categories?post=12638"},{"taxonomy":"post_tag","embeddable":true,"href":"https:\/\/www.journee-mondiale.com\/de\/wp-json\/wp\/v2\/tags?post=12638"}],"curies":[{"name":"wp","href":"https:\/\/api.w.org\/{rel}","templated":true}]}}