{"id":12636,"date":"2025-03-17T18:02:28","date_gmt":"2025-03-17T17:02:28","guid":{"rendered":"https:\/\/www.journee-mondiale.com\/de\/diese-naturlandschaft-sieht-aus-wie-arizona-liegt-aber-in-frankreich-kannst-du-erraten-wo-sich-das-franzoesische-colorado-versteckt\/"},"modified":"2025-03-17T18:02:28","modified_gmt":"2025-03-17T17:02:28","slug":"diese-naturlandschaft-sieht-aus-wie-arizona-liegt-aber-in-frankreich-kannst-du-erraten-wo-sich-das-franzoesische-colorado-versteckt","status":"publish","type":"post","link":"https:\/\/www.journee-mondiale.com\/de\/diese-naturlandschaft-sieht-aus-wie-arizona-liegt-aber-in-frankreich-kannst-du-erraten-wo-sich-das-franzoesische-colorado-versteckt\/","title":{"rendered":"Diese Naturlandschaft sieht aus wie Arizona, liegt aber in Frankreich \u2013 kannst Du erraten, wo sich das &#8222;franz\u00f6sische Colorado&#8220; versteckt?"},"content":{"rendered":"<p>Im Herzen der Provence liegt ein Naturparadies, das zwischen M\u00e4rchen und Western-Film zu schweben scheint. Der Name ist Programm: Das &#8222;Colorado Proven\u00e7al&#8220; bei Rustrel pr\u00e4sentiert sich als surreales Farbenspiel, wo ockerfarbene Felsen in allen Nuancen von Gelb bis Tiefrot leuchten und eine Landschaft formen, die man in Europa kaum vermuten w\u00fcrde. &#8222;Wer hier zum ersten Mal steht, kann kaum glauben, dass er sich nicht in Arizona, sondern in Frankreich befindet&#8220;, erkl\u00e4rt Pierre Dumont, lokaler Wanderf\u00fchrer und Geologe.<\/p>\n<h2>Warum der &#8222;franz\u00f6sische Colorado&#8220; selbst Vielreisende \u00fcberrascht<\/h2>\n<p>Auf einer Fl\u00e4che von 30 Hektar erstreckt sich eine der spektakul\u00e4rsten Ockerlandschaften Europas. Die bizarre Formationen entstanden durch jahrhundertelangen Abbau der Pigmente, die einst f\u00fcr Farben und Kosmetik genutzt wurden. Heute f\u00fchren zwei markierte Wanderwege &#8211; der Sahara- und der anspruchsvollere Belvederes-Circuit &#8211; durch diese au\u00dfergew\u00f6hnliche Landschaft und bieten Zugang zu <a href=\"https:\/\/www.journee-mondiale.com\/de\/diese-schlucht-ist-frankreichs-verborgenes-naturwunder-mit-600-meter-tiefen-kalksteinwaenden-tuerkisblaues-wasser-wie-in-der-karibik\/\" target=\"_blank\">weitere franz\u00f6sische Naturwunder<\/a> von atemberaubender Sch\u00f6nheit.<\/p>\n<h2>Die ideale Reisezeit: Wann die Ockerfarben am intensivsten leuchten<\/h2>\n<p>Der Farbenzauber entfaltet sich am eindrucksvollsten zwischen April und Oktober. &#8222;Besonders magisch wirkt die Landschaft im Sonnenauf- oder -untergang, wenn das Licht die Ockerfelsen in ein flammendes Inferno verwandelt&#8220;, schw\u00e4rmt Fotografin Sophie Maurin. In den Sommermonaten sollten Besucher allerdings fr\u00fche Morgenstunden nutzen, da Temperaturen bis 35\u00b0C keine Seltenheit sind und der reflektierende Ocker die Hitze verst\u00e4rkt.<\/p>\n<h2>Drei versteckte Pfade, die nicht im Reisef\u00fchrer stehen<\/h2>\n<p>Abseits der Hauptrouten locken weniger bekannte Pfade Entdeckungsfreudige. Der &#8222;Sentier des Carriers&#8220; f\u00fchrt zu ehemaligen Abbausch\u00e4chten und gibt Einblicke in die industrielle Vergangenheit der Region. In der N\u00e4he finden sich auch die &#8222;Demoiselles Coiff\u00e9es&#8220;, mystische Felsformationen, die an Frauen mit kunstvollen Frisuren erinnern, sowie der k\u00fcnstlerisch gepr\u00e4gte Ockerweg von Mormoiron mit seinen faszinierenden Gravuren \u2013 perfekte Erg\u00e4nzungen zu den <a href=\"https:\/\/www.journee-mondiale.com\/de\/diese-region-in-frankreich-ist-der-letzte-wilde-fluss-europas-mit-versteckten-hoehlenwohnungen-die-seit-400-jahren-bewohnt-sind\/\" target=\"_blank\">historische H\u00f6hlenwohnungen der Provence<\/a>.<\/p>\n<h2>Farbenfrohes Trio: Die drei faszinierendsten Nachbard\u00f6rfer<\/h2>\n<p>Roussillon, nur zehn Kilometer entfernt, ist selbst ein lebendes Ockergem\u00e4lde mit ockerfarbenen H\u00e4usern und dem Ockerkonservatorium, das die Geschichte der Farbgewinnung erz\u00e4hlt. Das malerische Gordes thront auf einem H\u00fcgel mit Panoramablick \u00fcber die Landschaft, w\u00e4hrend Apt mit seinem traditionellen Wochenmarkt (samstags) kulinarische Sch\u00e4tze der Region pr\u00e4sentiert \u2013 ideale Ausgangspunkte f\u00fcr Erkundungen der <a href=\"https:\/\/www.journee-mondiale.com\/de\/dieses-mittelalterliche-steindorf-auf-1097-metern-hoehe-ist-das-vergessene-juwel-der-provence-kannst-du-erraten-wo-sich-dieser-himmlische-adlerhorst-versteckt\/\" target=\"_blank\">versteckte Juwelen der Provence<\/a>.<\/p>\n<h2>Die geologische Sensation hinter dem Farbspektakel<\/h2>\n<p>&#8222;Was viele nicht wissen&#8220;, erkl\u00e4rt Geologe Dumont, &#8222;ist dass diese Ockerschichten vor 100 Millionen Jahren als Meeresablagerungen entstanden und durch Eisenoxid ihre charakteristische F\u00e4rbung erhielten.&#8220; Das Ergebnis dieser geologischen Prozesse ist eine Landschaft, die in ihrer Farbintensit\u00e4t weltweit ihresgleichen sucht und zum fotografischen Eldorado wurde.<\/p>\n<h2>Deutsche Besucher im provenzalischen Westen<\/h2>\n<p>Bei deutschen Reisenden erfreut sich das Colorado Proven\u00e7al zunehmender Beliebtheit. &#8222;Deutsche G\u00e4ste sch\u00e4tzen besonders die Mischung aus Naturerlebnis und kulturellem Hintergrund&#8220;, berichtet Marie Dubois vom \u00f6rtlichen Tourismusb\u00fcro. &#8222;Sie sind oft erstaunt \u00fcber die Vielfalt der Region \u2013 vormittags Ockerland, nachmittags mittelalterliche D\u00f6rfer und abends ein Glas Ros\u00e9 in einem der ausgezeichneten Restaurants der <a href=\"https:\/\/www.journee-mondiale.com\/de\/diese-mittelalterliche-stadt-bewahrt-frankreichs-aelteste-herzogsfamilie-und-ihr-versteckter-marktplatz-gilt-als-der-schoenste-des-landes\/\" target=\"_blank\">charmante provenzalische St\u00e4dte<\/a> wie Roussillon oder Gordes.&#8220;<\/p>\n<h2>\u00dcbernachten zwischen Ockerbergen und Lavendelfeldern<\/h2>\n<p>Unterk\u00fcnfte gibt es f\u00fcr jeden Geschmack: Von luxuri\u00f6sen Landhotels \u00fcber charmante Chambres d&#8217;h\u00f4tes bis hin zum naturnahen Camping Fontaines, der ideal f\u00fcr Familien ist. Reservierungen sind besonders in der Hochsaison (Juli\/August) unerl\u00e4sslich, wenn das Gebiet von Naturfreunden und Fotografen aus aller Welt besucht wird.<\/p>\n<p>Das Colorado Proven\u00e7al ist mehr als nur ein fotogener Ort \u2013 es ist ein Naturschauspiel, das tiefe Eindr\u00fccke hinterl\u00e4sst und einen faszinierenden Einblick in geologische Prozesse und historische Industrie bietet. Inmitten der bekannten <a href=\"https:\/\/www.journee-mondiale.com\/de\/diese-versteckten-wasserfaelle-im-franzoesischen-suedwesten-sind-europas-letztes-unberuehrtes-naturparadies-15-meter-fallhoehe-und-mystisches-rauschen-im-wald\/\" target=\"_blank\">unber\u00fchrte Naturparadiese Frankreichs<\/a> sticht es durch seine unvergleichliche Farbenpracht hervor \u2013 ein Ort, an dem die Natur zum K\u00fcnstler wurde und ein Meisterwerk erschuf, das man gesehen haben muss.<\/p>\n","protected":false},"excerpt":{"rendered":"<p>Im Herzen der Provence liegt ein Naturparadies, das zwischen M\u00e4rchen und Western-Film zu schweben scheint. Der Name ist Programm: Das &#8222;Colorado Proven\u00e7al&#8220; bei Rustrel pr\u00e4sentiert sich als surreales Farbenspiel, wo ockerfarbene Felsen in allen Nuancen von Gelb bis Tiefrot leuchten und eine Landschaft formen, die man in Europa kaum vermuten w\u00fcrde. &#8222;Wer hier zum ersten &#8230; <a title=\"Diese Naturlandschaft sieht aus wie Arizona, liegt aber in Frankreich \u2013 kannst Du erraten, wo sich das &#8222;franz\u00f6sische Colorado&#8220; versteckt?\" class=\"read-more\" href=\"https:\/\/www.journee-mondiale.com\/de\/diese-naturlandschaft-sieht-aus-wie-arizona-liegt-aber-in-frankreich-kannst-du-erraten-wo-sich-das-franzoesische-colorado-versteckt\/\" aria-label=\"Mehr Informationen \u00fcber Diese Naturlandschaft sieht aus wie Arizona, liegt aber in Frankreich \u2013 kannst Du erraten, wo sich das &#8222;franz\u00f6sische Colorado&#8220; versteckt?\">Lire plus<\/a><\/p>\n","protected":false},"author":1,"featured_media":12635,"comment_status":"","ping_status":"","sticky":false,"template":"","format":"standard","meta":{"footnotes":""},"categories":[49],"tags":[],"class_list":["post-12636","post","type-post","status-publish","format-standard","has-post-thumbnail","hentry","category-reisen"],"acf":[],"_yoast_wpseo_primary_category":null,"_yoast_wpseo_title":null,"_yoast_wpseo_metadesc":null,"_links":{"self":[{"href":"https:\/\/www.journee-mondiale.com\/de\/wp-json\/wp\/v2\/posts\/12636","targetHints":{"allow":["GET"]}}],"collection":[{"href":"https:\/\/www.journee-mondiale.com\/de\/wp-json\/wp\/v2\/posts"}],"about":[{"href":"https:\/\/www.journee-mondiale.com\/de\/wp-json\/wp\/v2\/types\/post"}],"author":[{"embeddable":true,"href":"https:\/\/www.journee-mondiale.com\/de\/wp-json\/wp\/v2\/users\/1"}],"replies":[{"embeddable":true,"href":"https:\/\/www.journee-mondiale.com\/de\/wp-json\/wp\/v2\/comments?post=12636"}],"version-history":[{"count":0,"href":"https:\/\/www.journee-mondiale.com\/de\/wp-json\/wp\/v2\/posts\/12636\/revisions"}],"wp:featuredmedia":[{"embeddable":true,"href":"https:\/\/www.journee-mondiale.com\/de\/wp-json\/wp\/v2\/media\/12635"}],"wp:attachment":[{"href":"https:\/\/www.journee-mondiale.com\/de\/wp-json\/wp\/v2\/media?parent=12636"}],"wp:term":[{"taxonomy":"category","embeddable":true,"href":"https:\/\/www.journee-mondiale.com\/de\/wp-json\/wp\/v2\/categories?post=12636"},{"taxonomy":"post_tag","embeddable":true,"href":"https:\/\/www.journee-mondiale.com\/de\/wp-json\/wp\/v2\/tags?post=12636"}],"curies":[{"name":"wp","href":"https:\/\/api.w.org\/{rel}","templated":true}]}}