{"id":12634,"date":"2025-03-17T17:07:19","date_gmt":"2025-03-17T16:07:19","guid":{"rendered":"https:\/\/www.journee-mondiale.com\/de\/meine-67-jaehrige-nachbarin-traegt-jetzt-den-flipped-out-bob-und-sieht-10-jahre-juenger-aus\/"},"modified":"2025-03-17T17:07:19","modified_gmt":"2025-03-17T16:07:19","slug":"meine-67-jaehrige-nachbarin-traegt-jetzt-den-flipped-out-bob-und-sieht-10-jahre-juenger-aus","status":"publish","type":"post","link":"https:\/\/www.journee-mondiale.com\/de\/meine-67-jaehrige-nachbarin-traegt-jetzt-den-flipped-out-bob-und-sieht-10-jahre-juenger-aus\/","title":{"rendered":"Meine 67-j\u00e4hrige Nachbarin tr\u00e4gt jetzt den Flipped-Out Bob (und sieht 10 Jahre j\u00fcnger aus)"},"content":{"rendered":"<p>Der <strong>Flipped-Out Bob<\/strong> erlebt im Fr\u00fchjahr 2025 sein gro\u00dfes Comeback \u2013 besonders bei Frauen \u00fcber 60! Diese verspielt-elegante Variante des klassischen Bobs, bei der die Haarspitzen nach au\u00dfen geschwungen werden, verleiht selbst feinem Haar spielerische Leichtigkeit und jugendliche Dynamik. Die perfekte Frisur f\u00fcr alle, die mit dem Fr\u00fchling frischen Wind in ihr Styling bringen m\u00f6chten und dabei auf <a href=\"https:\/\/www.journee-mondiale.com\/de\/category\/lebensstil\/\" target=\"_blank\">Lebensstil-Trends<\/a> setzen, die sowohl modern als auch altersgerecht sind.<\/p>\n<h2>Woher kommt der Trend zum Flipped-Out Bob?<\/h2>\n<p>Die Wurzeln dieser charmanten Frisur reichen bis in die 60er Jahre zur\u00fcck \u2013 eine Zeit voller Lebensfreude und stilistischer Experimente. &#8222;Der Flipped-Out Bob verbindet das Beste aus zwei Welten: die Zeitlosigkeit des klassischen Bobs mit der verspielten Energie der Sixties,&#8220; erkl\u00e4rt <strong>Simone Weber<\/strong>, Meisterfriseurin aus M\u00fcnchen. Was damals als revolution\u00e4rer Stil galt, wurde f\u00fcr 2025 neu interpretiert und bietet besonders Frauen jenseits der 60 eine erfrischende Alternative zu konventionellen Kurzhaarfrisuren.<\/p>\n<h2>Darum schmeichelt er besonders reifem Haar<\/h2>\n<p>Im Laufe der Jahre ver\u00e4ndert sich unsere <strong>Haarstruktur<\/strong> \u2013 sie wird oft feiner und verliert an Volumen. Der Flipped-Out Bob schafft hier Abhilfe: &#8222;Die nach au\u00dfen geschwungenen Spitzen erzeugen optisch mehr F\u00fclle und einen dynamischen Look, der das Gesicht verj\u00fcngt&#8220;, beobachtet <strong>Thomas Schmidt<\/strong>, Inhaber des Berliner Salons &#8222;Haarkunst&#8220;. Eine Kundin erz\u00e4hlte mir k\u00fcrzlich lachend: &#8222;Seit meinem Flipped-Out Bob werde ich st\u00e4ndig gefragt, ob ich abgenommen habe \u2013 dabei ist es nur die Frisur, die mein Gesicht schlanker wirken l\u00e4sst!&#8220;<\/p>\n<h2>So findest du die perfekte Variante f\u00fcr dein Gesicht<\/h2>\n<p>Der Flipped-Out Bob ist wie ein ma\u00dfgeschneidertes Kleid \u2013 er sollte individuell angepasst werden. Bei <strong>runden Gesichtsformen<\/strong> empfiehlt sich eine l\u00e4ngere Variante mit seitlichem Scheitel. Ovale Gesichter k\u00f6nnen fast jede L\u00e4nge tragen, w\u00e4hrend eckige Gesichter von weicheren \u00dcberg\u00e4ngen profitieren. Hast du ein herzf\u00f6rmiges Gesicht? Dann setze auf einen <a href=\"https:\/\/www.journee-mondiale.com\/de\/175\/tag-des-kompliments.htm\" target=\"_blank\">Tag des Kompliments<\/a> f\u00fcr dich selbst und w\u00e4hle sanft gestufte Partien im Wangenbereich.<\/p>\n<h2>Die Kunst des perfekten Flips \u2013 so gelingt&#8217;s zu Hause<\/h2>\n<p>Das Styling dieser Frisur ist einfacher, als es aussieht. &#8222;Der Schl\u00fcssel liegt in der richtigen <strong>F\u00f6hntechnik<\/strong>,&#8220; verr\u00e4t Friseurmeisterin Weber. Nach dem <a href=\"https:\/\/www.journee-mondiale.com\/de\/160\/welttag-der-friseure.htm\" target=\"_blank\">Welttag der Friseure<\/a> letzten Monat teilten viele Experten ihre besten Tipps:<\/p>\n<ul>\n<li>Eine Rundb\u00fcrste (mittelgro\u00df) verwenden und die Haare nach au\u00dfen drehen<\/li>\n<li>Mit kalter Luft fixieren f\u00fcr besseren Halt<\/li>\n<li>Ein leichtes Texturspray f\u00fcr mehr Griffigkeit nutzen<\/li>\n<\/ul>\n<h2>Vom Alltag bis zum besonderen Anlass \u2013 stets elegant<\/h2>\n<p>Der Flipped-Out Bob ist wie eine treue Freundin \u2013 er begleitet dich durch jeden Tag mit <strong>m\u00fcheloser Eleganz<\/strong>. Morgens schnell gestylt, h\u00e4lt er bis zum Abend. F\u00fcr besondere Anl\u00e4sse kannst du ihn mit Accessoires wie feinen Haarklammern aufwerten. Eine Leserin schrieb mir: &#8222;Mit 67 habe ich endlich den Mut f\u00fcr diese Frisur gefunden. Auf der Hochzeit meiner Enkelin bekam ich mehr Komplimente als die Braut \u2013 fast jedenfalls!&#8220;<\/p>\n<h2>Die perfekte Farbe f\u00fcr deinen Flipped-Out Bob<\/h2>\n<p>Die richtige <strong>Haarfarbe<\/strong> unterstreicht den Effekt dieser Frisur enorm. Sanfte <a href=\"https:\/\/www.journee-mondiale.com\/de\/389\/tag-der-schoenheit.htm\" target=\"_blank\">Tag der Sch\u00f6nheit<\/a>-w\u00fcrdige Highlights verleihen dem Look Dimension und lassen das Gesicht strahlen. F\u00fcr den Fr\u00fchling 2025 empfehlen sich:<\/p>\n<ul>\n<li>Warme Karamellt\u00f6ne f\u00fcr mehr Leuchtkraft<\/li>\n<li>Sanfte Silberreflexe f\u00fcr einen nat\u00fcrlichen Grauton<\/li>\n<li>Honigblonde Akzente f\u00fcr einen sonnengek\u00fcssten Look<\/li>\n<\/ul>\n<h2>Pflegetipps f\u00fcr anhaltende Strahlkraft<\/h2>\n<p>Reifes Haar braucht besondere <strong>Pflegerituale<\/strong>. Verwende feuchtigkeitsspendende Shampoos und leichte Conditioner, die nicht beschweren. Ein w\u00f6chentliches Pflege\u00f6l \u2013 d\u00fcnn aufgetragen \u2013 sorgt f\u00fcr seidigen Glanz. Wie ein gut gepflegter Garten im Fr\u00fchling entfaltet auch dein Haar mit der richtigen Pflege seine volle Sch\u00f6nheit.<\/p>\n<h2>Wagst du den Schritt zum Flipped-Out Bob?<\/h2>\n<p>Eine neue Frisur ist wie ein neues Kapitel \u2013 sie kann dein Lebensgef\u00fchl ver\u00e4ndern. Der Flipped-Out Bob ist mehr als eine Haarschnitt; er ist eine Hommage an deine Lebensfreude. Traue dich, experimentiere und entdecke, wie diese zeitlose Frisur deinen <a href=\"https:\/\/www.journee-mondiale.com\/de\/414\/tag-des-positiven-denkens.htm\" target=\"_blank\">Tag des positiven Denkens<\/a> befl\u00fcgeln kann. Denn nichts unterstreicht die nat\u00fcrliche Sch\u00f6nheit einer selbstbewussten Frau mehr als eine Frisur, die sowohl zu ihrem \u00c4u\u00dferen als auch zu ihrer Pers\u00f6nlichkeit passt.<\/p>\n","protected":false},"excerpt":{"rendered":"<p>Der Flipped-Out Bob erlebt im Fr\u00fchjahr 2025 sein gro\u00dfes Comeback \u2013 besonders bei Frauen \u00fcber 60! Diese verspielt-elegante Variante des klassischen Bobs, bei der die Haarspitzen nach au\u00dfen geschwungen werden, verleiht selbst feinem Haar spielerische Leichtigkeit und jugendliche Dynamik. Die perfekte Frisur f\u00fcr alle, die mit dem Fr\u00fchling frischen Wind in ihr Styling bringen m\u00f6chten &#8230; <a title=\"Meine 67-j\u00e4hrige Nachbarin tr\u00e4gt jetzt den Flipped-Out Bob (und sieht 10 Jahre j\u00fcnger aus)\" class=\"read-more\" href=\"https:\/\/www.journee-mondiale.com\/de\/meine-67-jaehrige-nachbarin-traegt-jetzt-den-flipped-out-bob-und-sieht-10-jahre-juenger-aus\/\" aria-label=\"Mehr Informationen \u00fcber Meine 67-j\u00e4hrige Nachbarin tr\u00e4gt jetzt den Flipped-Out Bob (und sieht 10 Jahre j\u00fcnger aus)\">Lire plus<\/a><\/p>\n","protected":false},"author":1,"featured_media":12633,"comment_status":"","ping_status":"","sticky":false,"template":"","format":"standard","meta":{"footnotes":""},"categories":[48],"tags":[],"class_list":["post-12634","post","type-post","status-publish","format-standard","has-post-thumbnail","hentry","category-lebensstil"],"acf":[],"_yoast_wpseo_primary_category":null,"_yoast_wpseo_title":null,"_yoast_wpseo_metadesc":null,"_links":{"self":[{"href":"https:\/\/www.journee-mondiale.com\/de\/wp-json\/wp\/v2\/posts\/12634","targetHints":{"allow":["GET"]}}],"collection":[{"href":"https:\/\/www.journee-mondiale.com\/de\/wp-json\/wp\/v2\/posts"}],"about":[{"href":"https:\/\/www.journee-mondiale.com\/de\/wp-json\/wp\/v2\/types\/post"}],"author":[{"embeddable":true,"href":"https:\/\/www.journee-mondiale.com\/de\/wp-json\/wp\/v2\/users\/1"}],"replies":[{"embeddable":true,"href":"https:\/\/www.journee-mondiale.com\/de\/wp-json\/wp\/v2\/comments?post=12634"}],"version-history":[{"count":0,"href":"https:\/\/www.journee-mondiale.com\/de\/wp-json\/wp\/v2\/posts\/12634\/revisions"}],"wp:featuredmedia":[{"embeddable":true,"href":"https:\/\/www.journee-mondiale.com\/de\/wp-json\/wp\/v2\/media\/12633"}],"wp:attachment":[{"href":"https:\/\/www.journee-mondiale.com\/de\/wp-json\/wp\/v2\/media?parent=12634"}],"wp:term":[{"taxonomy":"category","embeddable":true,"href":"https:\/\/www.journee-mondiale.com\/de\/wp-json\/wp\/v2\/categories?post=12634"},{"taxonomy":"post_tag","embeddable":true,"href":"https:\/\/www.journee-mondiale.com\/de\/wp-json\/wp\/v2\/tags?post=12634"}],"curies":[{"name":"wp","href":"https:\/\/api.w.org\/{rel}","templated":true}]}}