{"id":12632,"date":"2025-03-17T15:16:56","date_gmt":"2025-03-17T14:16:56","guid":{"rendered":"https:\/\/www.journee-mondiale.com\/de\/warum-ich-nach-12-jahren-meinen-acrylnaegeln-tschuess-sagte-und-was-mit-meinen-naturnaegeln-geschah\/"},"modified":"2025-03-17T15:16:56","modified_gmt":"2025-03-17T14:16:56","slug":"warum-ich-nach-12-jahren-meinen-acrylnaegeln-tschuess-sagte-und-was-mit-meinen-naturnaegeln-geschah","status":"publish","type":"post","link":"https:\/\/www.journee-mondiale.com\/de\/warum-ich-nach-12-jahren-meinen-acrylnaegeln-tschuess-sagte-und-was-mit-meinen-naturnaegeln-geschah\/","title":{"rendered":"Warum ich nach 12 Jahren meinen Acryln\u00e4geln Tsch\u00fcss sagte (und was mit meinen Naturn\u00e4geln geschah&#8230;)"},"content":{"rendered":"<p>Mit dem Fr\u00fchling in voller Bl\u00fcte und der bevorstehenden Ostersaison 2025 k\u00f6nnte es an der Zeit sein, deinen Acryln\u00e4geln Lebewohl zu sagen und deinen Naturn\u00e4geln eine Auszeit zu g\u00f6nnen. Das Entfernen von Acryln\u00e4geln zu Hause erscheint vielen zun\u00e4chst als Herausforderung. Doch mit den <strong>richtigen Techniken<\/strong> und etwas Geduld kannst du diesen Prozess sicher meistern.<\/p>\n<h2>Warum die heimische Entfernung von Acryln\u00e4geln im Fr\u00fchling sinnvoll ist<\/h2>\n<p>Der Fr\u00fchling symbolisiert Erneuerung \u2013 auch f\u00fcr deine <strong>Nagelgesundheit<\/strong>. &#8222;Nach den Wintermonaten sehnen sich unsere N\u00e4gel oft nach einer Regenerationsphase. Eine Pause von Acryln\u00e4geln bietet die perfekte Gelegenheit, sie wieder zu st\u00e4rken&#8220;, erkl\u00e4rt Nagelspezialistin Christina Weber vom Berliner Beauty-Institut.<\/p>\n<h2>Schonende Vorbereitung: Der erste Schritt zur erfolgreichen Entfernung<\/h2>\n<p>Bevor du mit dem eigentlichen Entfernungsprozess beginnst, ist eine gr\u00fcndliche Vorbereitung entscheidend. K\u00fcrze deine Acryln\u00e4gel mit einer <strong>grobk\u00f6rnigen Feile<\/strong> so weit wie m\u00f6glich. Dies reduziert die zu l\u00f6sende Acrylmenge erheblich und verk\u00fcrzt die Einwirkzeit des Acetons.<\/p>\n<h2>Die Aceton-Methode: Effektiv aber mit Vorsicht anzuwenden<\/h2>\n<p>Die meistgenutzte Technik verwendet Aceton als L\u00f6sungsmittel. &#8222;Aceton kann den Nagel stark austrocknen, daher ist eine gute Pflege nach der Entfernung entscheidend&#8220;, betont <a href=\"https:\/\/www.journee-mondiale.com\/de\/category\/lebensstil\/\" target=\"_blank\">Hautpflege und Kosmetik<\/a>-Expertin Isabella Tombinski-Robb. Tr\u00e4nke Wattepads mit Aceton, platziere sie auf deinen N\u00e4geln und umwickle jeden Finger mit <strong>Alufolie<\/strong> f\u00fcr 15-30 Minuten.<\/p>\n<h2>Nat\u00fcrliche Alternativen f\u00fcr umweltbewusste Fr\u00fchlingstypen<\/h2>\n<p>Suchst du nach sanfteren Methoden, passt zur aktuellen <a href=\"https:\/\/www.journee-mondiale.com\/de\/category\/lebensstil\/beauty\/\" target=\"_blank\">Beauty-Trends f\u00fcr N\u00e4gel<\/a>? Ein warmes Seifenbad kann eine \u00fcberraschend wirksame Alternative sein. Diese Methode braucht zwar mehr Zeit (etwa 30-40 Minuten), schont aber deine N\u00e4gel und ist v\u00f6llig frei von aggressiven Chemikalien.<\/p>\n<ul>\n<li>Warmes Wasser mit mildem Sp\u00fclmittel mischen<\/li>\n<li>Finger f\u00fcr 30-40 Minuten einweichen<\/li>\n<li>Acrylschicht vorsichtig mit einem Rosenholzst\u00e4bchen l\u00f6sen<\/li>\n<\/ul>\n<h2>So vermeidest du h\u00e4ufige Fehler beim DIY-Nagelentfernen<\/h2>\n<p>Der gr\u00f6\u00dfte Fehler ist \u00fcberm\u00e4\u00dfiges Kratzen oder Hebeln an den Acryln\u00e4geln. &#8222;Dies kann den <strong>Naturnagel<\/strong> dauerhaft sch\u00e4digen und zu unsch\u00f6nem Wachstum f\u00fchren&#8220;, warnt Dr. Matthias Berger, Dermatologe aus M\u00fcnchen. Lass die Produkte ihre Arbeit tun und wende niemals rohe Gewalt an!<\/p>\n<h2>Intensive Nagelpflege nach der Entfernung \u2013 gerade im Fr\u00fchling wichtig<\/h2>\n<p>Nach dem Entfernen sind deine N\u00e4gel besonders empfindlich und ben\u00f6tigen <a href=\"https:\/\/www.journee-mondiale.com\/de\/naturliche-nagelpflege\/\" target=\"_blank\">Nat\u00fcrliche Nagelpflege<\/a>. Wie ein Garten nach dem Winter brauchen sie N\u00e4hrstoffe und Feuchtigkeit. Verwende regelm\u00e4\u00dfig <strong>Nagel\u00f6l<\/strong> und trage eine reichhaltige Handcreme auf.<\/p>\n<ul>\n<li>T\u00e4glich Nagel\u00f6l mit Vitamin E und Jojoba auftragen<\/li>\n<li>Biotin-reiche Nahrungserg\u00e4nzungsmittel erw\u00e4gen<\/li>\n<li>Handschuhe bei Hausarbeiten tragen<\/li>\n<\/ul>\n<h2>Achte auf deine Haut w\u00e4hrend des Entfernungsprozesses<\/h2>\n<p>Beim Umgang mit Aceton ist <a href=\"https:\/\/www.journee-mondiale.com\/de\/hautschutz-kosmetik\/\" target=\"_blank\">Hautschutz bei Kosmetikanwendungen<\/a> essenziell. Trage vorher eine fettige Creme auf die Haut rund um die N\u00e4gel auf. Dies schafft eine <strong>Schutzbarriere<\/strong> gegen das austrocknende Aceton und verhindert Irritationen.<\/p>\n<h2>Nachhaltige Alternativen zu herk\u00f6mmlichen Acryln\u00e4geln<\/h2>\n<p>Der Fr\u00fchling 2025 steht im Zeichen der Nachhaltigkeit. Immer mehr Deutsche interessieren sich f\u00fcr <a href=\"https:\/\/www.journee-mondiale.com\/de\/nachhaltige-schonheitsprodukte\/\" target=\"_blank\">Nachhaltige Sch\u00f6nheitsprodukte<\/a> und umweltfreundliche Alternativen zu Acryln\u00e4geln, wie wasserbasierte Nagellacke oder biologisch abbaubare Press-on-N\u00e4gel.<\/p>\n<h2>Wann ist der professionelle Weg die bessere Wahl?<\/h2>\n<p>Bei sehr dicken oder komplizierten Acryln\u00e4geln solltest du professionelle Hilfe in Betracht ziehen. Wie beim Fr\u00fchjahrsputz gilt: Manche Aufgaben \u00fcberl\u00e4sst man besser den Profis. Die <strong>Investition<\/strong> in einen Salonbesuch kann langfristig deine Nagelgesundheit bewahren.<\/p>\n<p>Bist du bereit, deinen N\u00e4geln eine Fr\u00fchlingserneuerung zu g\u00f6nnen? Mit diesen Techniken und der richtigen Nachsorge kannst du den \u00dcbergang von Acryln\u00e4geln zu nat\u00fcrlichen, gesunden N\u00e4geln harmonisch gestalten \u2013 genau rechtzeitig, um mit frischen, gepflegten H\u00e4nden in die neue Saison zu starten.<\/p>\n","protected":false},"excerpt":{"rendered":"<p>Mit dem Fr\u00fchling in voller Bl\u00fcte und der bevorstehenden Ostersaison 2025 k\u00f6nnte es an der Zeit sein, deinen Acryln\u00e4geln Lebewohl zu sagen und deinen Naturn\u00e4geln eine Auszeit zu g\u00f6nnen. Das Entfernen von Acryln\u00e4geln zu Hause erscheint vielen zun\u00e4chst als Herausforderung. Doch mit den richtigen Techniken und etwas Geduld kannst du diesen Prozess sicher meistern. Warum &#8230; <a title=\"Warum ich nach 12 Jahren meinen Acryln\u00e4geln Tsch\u00fcss sagte (und was mit meinen Naturn\u00e4geln geschah&#8230;)\" class=\"read-more\" href=\"https:\/\/www.journee-mondiale.com\/de\/warum-ich-nach-12-jahren-meinen-acrylnaegeln-tschuess-sagte-und-was-mit-meinen-naturnaegeln-geschah\/\" aria-label=\"Mehr Informationen \u00fcber Warum ich nach 12 Jahren meinen Acryln\u00e4geln Tsch\u00fcss sagte (und was mit meinen Naturn\u00e4geln geschah&#8230;)\">Lire plus<\/a><\/p>\n","protected":false},"author":1,"featured_media":12631,"comment_status":"","ping_status":"","sticky":false,"template":"","format":"standard","meta":{"footnotes":""},"categories":[48],"tags":[],"class_list":["post-12632","post","type-post","status-publish","format-standard","has-post-thumbnail","hentry","category-lebensstil"],"acf":[],"_yoast_wpseo_primary_category":null,"_yoast_wpseo_title":null,"_yoast_wpseo_metadesc":null,"_links":{"self":[{"href":"https:\/\/www.journee-mondiale.com\/de\/wp-json\/wp\/v2\/posts\/12632","targetHints":{"allow":["GET"]}}],"collection":[{"href":"https:\/\/www.journee-mondiale.com\/de\/wp-json\/wp\/v2\/posts"}],"about":[{"href":"https:\/\/www.journee-mondiale.com\/de\/wp-json\/wp\/v2\/types\/post"}],"author":[{"embeddable":true,"href":"https:\/\/www.journee-mondiale.com\/de\/wp-json\/wp\/v2\/users\/1"}],"replies":[{"embeddable":true,"href":"https:\/\/www.journee-mondiale.com\/de\/wp-json\/wp\/v2\/comments?post=12632"}],"version-history":[{"count":0,"href":"https:\/\/www.journee-mondiale.com\/de\/wp-json\/wp\/v2\/posts\/12632\/revisions"}],"wp:featuredmedia":[{"embeddable":true,"href":"https:\/\/www.journee-mondiale.com\/de\/wp-json\/wp\/v2\/media\/12631"}],"wp:attachment":[{"href":"https:\/\/www.journee-mondiale.com\/de\/wp-json\/wp\/v2\/media?parent=12632"}],"wp:term":[{"taxonomy":"category","embeddable":true,"href":"https:\/\/www.journee-mondiale.com\/de\/wp-json\/wp\/v2\/categories?post=12632"},{"taxonomy":"post_tag","embeddable":true,"href":"https:\/\/www.journee-mondiale.com\/de\/wp-json\/wp\/v2\/tags?post=12632"}],"curies":[{"name":"wp","href":"https:\/\/api.w.org\/{rel}","templated":true}]}}