{"id":12626,"date":"2025-03-17T10:39:28","date_gmt":"2025-03-17T09:39:28","guid":{"rendered":"https:\/\/www.journee-mondiale.com\/de\/diese-stadt-vereint-bauhaus-revolution-und-unesco-gartenreich-wo-gropius-moderne-auf-fuerstliche-parklandschaften-trifft\/"},"modified":"2025-03-17T10:39:28","modified_gmt":"2025-03-17T09:39:28","slug":"diese-stadt-vereint-bauhaus-revolution-und-unesco-gartenreich-wo-gropius-moderne-auf-fuerstliche-parklandschaften-trifft","status":"publish","type":"post","link":"https:\/\/www.journee-mondiale.com\/de\/diese-stadt-vereint-bauhaus-revolution-und-unesco-gartenreich-wo-gropius-moderne-auf-fuerstliche-parklandschaften-trifft\/","title":{"rendered":"Diese Stadt vereint Bauhaus-Revolution und UNESCO-Gartenreich \u2013 wo Gropius&#8216; Moderne auf f\u00fcrstliche Parklandschaften trifft"},"content":{"rendered":"<p>In Dessau tanzt die Moderne mit dem Historischen \u2013 eine Stadt, die Bauhaus-Purismus und verspielte Gartenpracht zu einer \u00fcberraschenden Harmonie vereint. W\u00e4hrend viele Sachsen-Anhalt nur fl\u00fcchtig auf der Landkarte wahrnehmen, verbirgt sich hier ein UNESCO-gekr\u00f6ntes Doppeljuwel, das selbst Walter Gropius zum Schw\u00e4rmen brachte: &#8222;In Dessau fand das Bauhaus seine gr\u00f6\u00dfte Freiheit&#8220;, notierte der Architekt \u00fcber die pr\u00e4gende Zeit von 1925 bis 1932.<\/p>\n<h2>Das architektonische Erbe, das die Welt ver\u00e4nderte<\/h2>\n<p>Das Bauhaus-Geb\u00e4ude thront mit seiner ikonischen Glasfassade wie ein Manifest der Moderne \u00fcber der Stadt. &#8222;Hier revolutionierten wir nicht nur die Architektur, sondern auch den Alltag&#8220;, erkl\u00e4rte einst Mies van der Rohe. Die ber\u00fchmten Meisterh\u00e4user, in denen legend\u00e4re K\u00fcnstler wie Paul Klee und Wassily Kandinsky lebten, stehen als wei\u00dfe Kuben im Kiefernwald \u2013 ein <a href=\"https:\/\/www.journee-mondiale.com\/de\/diese-stadt-der-14-tuerme-bewahrt-1000-jahre-geschichte-auf-einem-granitfelsen-zweisprachiges-juwel-der-oberlausitz-mit-schiefstem-turm-deutschlands\/\" target=\"_blank\">historisches St\u00e4dtejuwel in Sachsen<\/a>-Anhalt, dessen klare Linien heute noch verbl\u00fcffen.<\/p>\n<h2>Gr\u00fcnes Wunder im Gartenreich Dessau-W\u00f6rlitz<\/h2>\n<p>Nur wenige Kilometer entfernt entfaltet sich ein v\u00f6llig anderes Welterbe: Das Gartenreich Dessau-W\u00f6rlitz \u2013 ein Gesamtkunstwerk der Aufkl\u00e4rung. Anders als die strenge Bauhaus-\u00c4sthetik schwelgt es in romantischen Landschaftsbildern. F\u00fcrst Franz lie\u00df hier Ende des 18. Jahrhunderts die erste englische Gartenanlage Kontinentaleuropas erschaffen, vergleichbar mit anderen bedeutenden <a href=\"https:\/\/www.journee-mondiale.com\/de\/diese-bayerische-gemeinde-versteckt-einen-smaragdgruenen-see-mit-210-quadratkilometern-unberuehrtem-alpenschutzgebiet-der-einzige-seiner-art-in-deutschland\/\" target=\"_blank\">deutsche Naturschutzgebiete<\/a>. &#8222;Wir schufen ein Bildungsprogramm zum Durchwandern&#8220;, notierte der vision\u00e4re F\u00fcrst in seinen Tageb\u00fcchern.<\/p>\n<h2>Die fliegenden Sch\u00e4tze des Technikmuseums<\/h2>\n<p>Im Technikmuseum Hugo Junkers taucht man ein in die Geschichte der Luftfahrtpioniere. &#8222;Mein Ganzmetallflugzeug war eine Revolution \u2013 vergleichbar mit dem, was Gropius f\u00fcr die Architektur leistete&#8220;, soll Junkers gesagt haben. Besonders beeindruckend: die originale Ju 52, liebevoll &#8222;Tante Ju&#8220; genannt, die als zuverl\u00e4ssigstes Verkehrsflugzeug ihrer Zeit galt.<\/p>\n<h2>Von Parktr\u00e4umen und Schl\u00f6sserpracht<\/h2>\n<p>Das Georgium und Luisium begeistern mit ihrer Parklandschaft, die zum Flanieren einl\u00e4dt. Diese intimen Anlagen stehen im Dialog mit anderen <a href=\"https:\/\/www.journee-mondiale.com\/de\/diese-mittelalterliche-stadt-bewahrt-eine-treue-burg-der-reformation-und-feiert-das-groesste-samba-festival-ausserhalb-brasiliens-die-fraenkische-krone-mit-koeniglichen-geheimnissen\/\" target=\"_blank\">Kulturerbest\u00e4dte in Deutschland<\/a>, bieten aber eine besondere Ruhe jenseits gro\u00dfer Touristenstr\u00f6me. Die kleinen Schl\u00f6sser beherbergen Kunstsch\u00e4tze und versprechen entspannte Stunden im Gr\u00fcnen.<\/p>\n<h2>Gaumenfreuden an der Elbe<\/h2>\n<p>Nach architektonischen Entdeckungen lockt das Kornhaus direkt an der Elbe. Der Bauhaus-Bau mit seiner halbrunden Terrasse bietet nicht nur visuelle Gen\u00fcsse. &#8222;Unser Sauerbraten mit Kl\u00f6\u00dfen bringt Berliner zum Schw\u00e4rmen&#8220;, schmunzelt K\u00fcchenchef Werner Schmidt. Der Blick \u00fcber den Fluss bei Sonnenuntergang geh\u00f6rt zu den magischen Momenten Dessaus.<\/p>\n<h2>Versteckte Perlen abseits der Hauptrouten<\/h2>\n<p>Das Umweltbundesamt pr\u00e4sentiert nachhaltige Architektur in Reinform \u2013 ein moderner Kontrapunkt zum historischen Bauhaus. Der charmante Tierpark und eine Radtour auf dem Elberadweg geh\u00f6ren zu den lokalen Geheimtipps, die sich perfekt mit <a href=\"https:\/\/www.journee-mondiale.com\/de\/dieser-winterort-im-harz-versteckt-den-hoechsten-berg-niedersachsens-mit-971-metern-hoehe-und-einen-mystischen-naturmythenpfad-den-kinder-ueber-smartphones-vergessen-lassen\/\" target=\"_blank\">Ausflugsziele im Harz<\/a> kombinieren lassen.<\/p>\n<h2>Den idealen Dessau-Moment erwischen<\/h2>\n<p>Der beste Zeitpunkt f\u00fcr einen Besuch liegt zwischen April und Oktober. Fr\u00fchlingsbl\u00fcten lassen das Gartenreich erwachen, w\u00e4hrend die Sommermonate perfekt f\u00fcr Radtouren sind. Der Herbst verzaubert mit goldenen Bl\u00e4ttern in den weitl\u00e4ufigen Parks \u2013 vergleichbar mit anderen <a href=\"https:\/\/www.journee-mondiale.com\/de\/diese-waldoase-in-der-hauptstadt-versteckt-3-000-hektar-unberuehrte-natur-nur-minuten-vom-trubel-entfernt\/\" target=\"_blank\">urbane Naturgebiete Deutschlands<\/a>, aber mit historischer Tiefe.<\/p>\n<h2>Mit allen Sinnen erleben<\/h2>\n<p>&#8222;Dessau muss man f\u00fchlen, nicht nur sehen&#8220;, erkl\u00e4rte eine langj\u00e4hrige Bauhaus-F\u00fchrerin einmal. Das klare Licht, das durch die gro\u00dfen Fenster der Meisterh\u00e4user f\u00e4llt, der Duft von Lindenbl\u00fcten im Gartenreich, das Rauschen der Elbe \u2013 all das vereint sich zu einem multisensorischen Erlebnis, das selbst verw\u00f6hnte St\u00e4dtereisende verzaubert.<\/p>\n<p>Wer Dessau besucht, erlebt kein gew\u00f6hnliches Reiseziel, sondern eine Zeitreise durch zwei kontr\u00e4re Weltkulturerbe-St\u00e4tten. Zwischen klaren Bauhaus-Linien und verspielten Gartenlandschaften offenbart sich ein Deutschland, das modernes Designdenken und romantische Naturverbundenheit gleicherma\u00dfen feiert \u2013 eine Symbiose, die selbst nach mehrt\u00e4gigem Aufenthalt immer wieder neue Perspektiven er\u00f6ffnet.<\/p>\n","protected":false},"excerpt":{"rendered":"<p>In Dessau tanzt die Moderne mit dem Historischen \u2013 eine Stadt, die Bauhaus-Purismus und verspielte Gartenpracht zu einer \u00fcberraschenden Harmonie vereint. W\u00e4hrend viele Sachsen-Anhalt nur fl\u00fcchtig auf der Landkarte wahrnehmen, verbirgt sich hier ein UNESCO-gekr\u00f6ntes Doppeljuwel, das selbst Walter Gropius zum Schw\u00e4rmen brachte: &#8222;In Dessau fand das Bauhaus seine gr\u00f6\u00dfte Freiheit&#8220;, notierte der Architekt \u00fcber &#8230; <a title=\"Diese Stadt vereint Bauhaus-Revolution und UNESCO-Gartenreich \u2013 wo Gropius&#8216; Moderne auf f\u00fcrstliche Parklandschaften trifft\" class=\"read-more\" href=\"https:\/\/www.journee-mondiale.com\/de\/diese-stadt-vereint-bauhaus-revolution-und-unesco-gartenreich-wo-gropius-moderne-auf-fuerstliche-parklandschaften-trifft\/\" aria-label=\"Mehr Informationen \u00fcber Diese Stadt vereint Bauhaus-Revolution und UNESCO-Gartenreich \u2013 wo Gropius&#8216; Moderne auf f\u00fcrstliche Parklandschaften trifft\">Lire plus<\/a><\/p>\n","protected":false},"author":1,"featured_media":12625,"comment_status":"","ping_status":"","sticky":false,"template":"","format":"standard","meta":{"footnotes":""},"categories":[49],"tags":[],"class_list":["post-12626","post","type-post","status-publish","format-standard","has-post-thumbnail","hentry","category-reisen"],"acf":[],"_yoast_wpseo_primary_category":null,"_yoast_wpseo_title":null,"_yoast_wpseo_metadesc":null,"_links":{"self":[{"href":"https:\/\/www.journee-mondiale.com\/de\/wp-json\/wp\/v2\/posts\/12626","targetHints":{"allow":["GET"]}}],"collection":[{"href":"https:\/\/www.journee-mondiale.com\/de\/wp-json\/wp\/v2\/posts"}],"about":[{"href":"https:\/\/www.journee-mondiale.com\/de\/wp-json\/wp\/v2\/types\/post"}],"author":[{"embeddable":true,"href":"https:\/\/www.journee-mondiale.com\/de\/wp-json\/wp\/v2\/users\/1"}],"replies":[{"embeddable":true,"href":"https:\/\/www.journee-mondiale.com\/de\/wp-json\/wp\/v2\/comments?post=12626"}],"version-history":[{"count":0,"href":"https:\/\/www.journee-mondiale.com\/de\/wp-json\/wp\/v2\/posts\/12626\/revisions"}],"wp:featuredmedia":[{"embeddable":true,"href":"https:\/\/www.journee-mondiale.com\/de\/wp-json\/wp\/v2\/media\/12625"}],"wp:attachment":[{"href":"https:\/\/www.journee-mondiale.com\/de\/wp-json\/wp\/v2\/media?parent=12626"}],"wp:term":[{"taxonomy":"category","embeddable":true,"href":"https:\/\/www.journee-mondiale.com\/de\/wp-json\/wp\/v2\/categories?post=12626"},{"taxonomy":"post_tag","embeddable":true,"href":"https:\/\/www.journee-mondiale.com\/de\/wp-json\/wp\/v2\/tags?post=12626"}],"curies":[{"name":"wp","href":"https:\/\/api.w.org\/{rel}","templated":true}]}}