{"id":12624,"date":"2025-03-17T10:37:03","date_gmt":"2025-03-17T09:37:03","guid":{"rendered":"https:\/\/www.journee-mondiale.com\/de\/die-5-luxurioesesten-winter-nageltrends-2025-die-jede-frau-kennen-sollte-sie-halten-sogar-bei-minusgraden\/"},"modified":"2025-03-17T10:37:03","modified_gmt":"2025-03-17T09:37:03","slug":"die-5-luxurioesesten-winter-nageltrends-2025-die-jede-frau-kennen-sollte-sie-halten-sogar-bei-minusgraden","status":"publish","type":"post","link":"https:\/\/www.journee-mondiale.com\/de\/die-5-luxurioesesten-winter-nageltrends-2025-die-jede-frau-kennen-sollte-sie-halten-sogar-bei-minusgraden\/","title":{"rendered":"Die 5 luxuri\u00f6sesten Winter-Nageltrends 2025, die jede Frau kennen sollte (sie halten sogar bei Minusgraden&#8230;)"},"content":{"rendered":"<p>Die Winter-Nageltrends 2025 \u2013 Luxus und Praktikabilit\u00e4t an Ihren Fingerspitzen<\/p>\n<p>Der Winter steht vor der T\u00fcr und mit ihm eine F\u00fclle <strong>frischer Nageldesigns<\/strong>, die selbst die k\u00e4ltesten M\u00e4rztage zum Strahlen bringen. W\u00e4hrend die Natur langsam erwacht, setzen die Nageltrends bereits auf Fr\u00fchlingsfrische und winterliche Eleganz zugleich. &#8222;In diesem Winter sehen wir eine wundervolle Kombination aus Luxus und Alltagstauglichkeit&#8220;, erkl\u00e4rt <strong>Sabine Weiler<\/strong>, f\u00fchrende Nageldesignerin aus M\u00fcnchen. &#8222;Deutsche Frauen suchen nach Designs, die sowohl im B\u00fcro als auch bei der Abendveranstaltung Eindruck machen.&#8220;<\/p>\n<h2>Samtige Eleganz: Der Velvet-Trend erobert Deutschland<\/h2>\n<p>An der Spitze der Wintertrends 2025 steht der <strong>Velvet Finish<\/strong> \u2013 N\u00e4gel mit samtiger Oberfl\u00e4che, die zum Ber\u00fchren einladen. Diese luxuri\u00f6se Textur verleiht selbst schlichten Farben eine besondere Tiefe und ist perfekt f\u00fcr die \u00dcbergangszeit zwischen Winter und Fr\u00fchling. Die Technik erinnert an frisch gefallenen Schnee auf Berliner D\u00e4chern \u2013 zart und dennoch auff\u00e4llig.<\/p>\n<h2>Mocha Mousse: Die Farbe der Saison<\/h2>\n<p>Warme Braun- und Kaffeet\u00f6ne dominieren die Farbpalette dieses Winter. <strong>Mocha Mousse Nails<\/strong> passen perfekt zur deutschen Kaffeekultur und bieten eine elegante Alternative zu den \u00fcblichen dunklen Wintert\u00f6nen. &#8222;Diese Farben schmeicheln jeder Hautfarbe und sind vielseitig kombinierbar&#8220;, so <a href=\"https:\/\/www.journee-mondiale.com\/de\/500\/tag-der-haende.htm\" target=\"_blank\">Ganzheitliche Handpflege<\/a>-Expertin Lisa M\u00fcller.<\/p>\n<h2>Frostige Metallics: Winterzauber auf den N\u00e4geln<\/h2>\n<p>Wie ein <strong>Wintersonnentag<\/strong> funkeln die metallischen Designs dieses Jahr besonders intensiv. Eisblaue und silberne T\u00f6ne reflektieren das Licht und erinnern an gefrorene Seen. Diese Designs wirken wie kleine Kunstwerke und k\u00f6nnen selbst schlichte Winteroutfits aufwerten \u2013 genau wie ein funkelnder Eiszapfen an einem grauen Wintertag.<\/p>\n<h2>Schneeflocken-Design: Filigrane Wintersymbole<\/h2>\n<p>Keine Winterkollektion ohne <strong>Schneeflocken-Muster<\/strong>. 2025 werden sie besonders filigran und kunstvoll gestaltet, oft auf einem matten Untergrund. Deutsche Nagelstudios berichten von gro\u00dfer Nachfrage nach diesen individuellen Designs, die jede Frau zu einem Unikat machen.<\/p>\n<h2>Praktische Tipps f\u00fcr winterfeste N\u00e4gel<\/h2>\n<ul>\n<li>Verwenden Sie eine starke Basis- und Deckschicht f\u00fcr l\u00e4ngere Haltbarkeit<\/li>\n<li>Hydratisieren Sie Nagelhaut und H\u00e4nde regelm\u00e4\u00dfig mit \u00f6lbasierten Produkten<\/li>\n<li><strong>Naturverbundenheit<\/strong>: W\u00e4hlen Sie Farben, die zu Ihrem Hautton passen<\/li>\n<li><a href=\"https:\/\/www.journee-mondiale.com\/de\/458\/tag-der-sauberkeit.htm\" target=\"_blank\">Hygiene bei der Nagelpflege<\/a> ist besonders in der kalten Jahreszeit wichtig<\/li>\n<\/ul>\n<h2>Deutsche Lieblingsprodukte f\u00fcr den perfekten Nagellook<\/h2>\n<p>Auf dem deutschen Markt sind besonders <strong>OPI<\/strong>, <strong>Essie<\/strong> und <strong>Sally Hansen<\/strong> beliebt. &#8222;Deutsche Konsumentinnen achten vermehrt auf Inhaltsstoffe und Nachhaltigkeit&#8220;, betont Kosmetikexpertin <strong>Dr. Christine Berg<\/strong>. <a href=\"https:\/\/www.journee-mondiale.com\/de\/449\/tag-des-deutschen-bieres.htm\" target=\"_blank\">Traditionsbewusstsein im deutschen Markt<\/a> zeigt sich auch bei der Pr\u00e4ferenz f\u00fcr langlebige Qualit\u00e4tsprodukte.<\/p>\n<blockquote><p>&#8222;Die richtige Pflege ist entscheidend, um gesunde und sch\u00f6ne N\u00e4gel zu haben.&#8220; &#8211; Dr. med. Christine Schrammek<\/p><\/blockquote>\n<h2>Irisierender Zauber: Die Trends f\u00fcr M\u00e4rz und April<\/h2>\n<p>W\u00e4hrend wir uns dem Fr\u00fchling n\u00e4hern, gewinnen <strong>irisierende Designs<\/strong> an Beliebtheit. Diese prismatischen Farben wechseln je nach Lichteinfall und schaffen einen zauberhaften Effekt, ideal f\u00fcr <a href=\"https:\/\/www.journee-mondiale.com\/de\/312\/8-maerz-weltfrauentag.htm\" target=\"_blank\">Selbstausdruck durch Nageldesign<\/a> in der \u00dcbergangszeit.<\/p>\n<h2>F\u00fcr jeden etwas dabei: Vom Alltag bis zur Feier<\/h2>\n<p>Was macht die aktuellen Trends so besonders? Sie sind anpassungsf\u00e4hig! Glitzernde Akzente k\u00f6nnen sowohl den Arbeitsalltag als auch festliche Anl\u00e4sse begleiten. <a href=\"https:\/\/www.journee-mondiale.com\/de\/367\/15-mai-internationaler-tag-der-familien.htm\" target=\"_blank\">Sch\u00f6nheit in der Familie teilen<\/a> wird durch diese vielseitigen Designs zum Kinderspiel \u2013 vom Teenie bis zur Gro\u00dfmutter findet jede ihren passenden Winterlook.<\/p>\n<h2>Wie finden Sie Ihren perfekten Winterlook?<\/h2>\n<p>Experimentieren Sie mit verschiedenen Texturen und Farben, um Ihren individuellen Stil zu entdecken. Die Vielfalt der Wintertrends 2025 bietet f\u00fcr jeden Geschmack und jede Gelegenheit die passende Option. Lassen Sie Ihre N\u00e4gel zum Ausdruck Ihrer Pers\u00f6nlichkeit werden \u2013 selbst im winterlichen M\u00e4rz!<\/p>\n","protected":false},"excerpt":{"rendered":"<p>Die Winter-Nageltrends 2025 \u2013 Luxus und Praktikabilit\u00e4t an Ihren Fingerspitzen Der Winter steht vor der T\u00fcr und mit ihm eine F\u00fclle frischer Nageldesigns, die selbst die k\u00e4ltesten M\u00e4rztage zum Strahlen bringen. W\u00e4hrend die Natur langsam erwacht, setzen die Nageltrends bereits auf Fr\u00fchlingsfrische und winterliche Eleganz zugleich. &#8222;In diesem Winter sehen wir eine wundervolle Kombination aus &#8230; <a title=\"Die 5 luxuri\u00f6sesten Winter-Nageltrends 2025, die jede Frau kennen sollte (sie halten sogar bei Minusgraden&#8230;)\" class=\"read-more\" href=\"https:\/\/www.journee-mondiale.com\/de\/die-5-luxurioesesten-winter-nageltrends-2025-die-jede-frau-kennen-sollte-sie-halten-sogar-bei-minusgraden\/\" aria-label=\"Mehr Informationen \u00fcber Die 5 luxuri\u00f6sesten Winter-Nageltrends 2025, die jede Frau kennen sollte (sie halten sogar bei Minusgraden&#8230;)\">Lire plus<\/a><\/p>\n","protected":false},"author":1,"featured_media":12623,"comment_status":"","ping_status":"","sticky":false,"template":"","format":"standard","meta":{"footnotes":""},"categories":[48],"tags":[],"class_list":["post-12624","post","type-post","status-publish","format-standard","has-post-thumbnail","hentry","category-lebensstil"],"acf":[],"_yoast_wpseo_primary_category":null,"_yoast_wpseo_title":null,"_yoast_wpseo_metadesc":null,"_links":{"self":[{"href":"https:\/\/www.journee-mondiale.com\/de\/wp-json\/wp\/v2\/posts\/12624","targetHints":{"allow":["GET"]}}],"collection":[{"href":"https:\/\/www.journee-mondiale.com\/de\/wp-json\/wp\/v2\/posts"}],"about":[{"href":"https:\/\/www.journee-mondiale.com\/de\/wp-json\/wp\/v2\/types\/post"}],"author":[{"embeddable":true,"href":"https:\/\/www.journee-mondiale.com\/de\/wp-json\/wp\/v2\/users\/1"}],"replies":[{"embeddable":true,"href":"https:\/\/www.journee-mondiale.com\/de\/wp-json\/wp\/v2\/comments?post=12624"}],"version-history":[{"count":0,"href":"https:\/\/www.journee-mondiale.com\/de\/wp-json\/wp\/v2\/posts\/12624\/revisions"}],"wp:featuredmedia":[{"embeddable":true,"href":"https:\/\/www.journee-mondiale.com\/de\/wp-json\/wp\/v2\/media\/12623"}],"wp:attachment":[{"href":"https:\/\/www.journee-mondiale.com\/de\/wp-json\/wp\/v2\/media?parent=12624"}],"wp:term":[{"taxonomy":"category","embeddable":true,"href":"https:\/\/www.journee-mondiale.com\/de\/wp-json\/wp\/v2\/categories?post=12624"},{"taxonomy":"post_tag","embeddable":true,"href":"https:\/\/www.journee-mondiale.com\/de\/wp-json\/wp\/v2\/tags?post=12624"}],"curies":[{"name":"wp","href":"https:\/\/api.w.org\/{rel}","templated":true}]}}