{"id":12622,"date":"2025-03-17T08:44:39","date_gmt":"2025-03-17T07:44:39","guid":{"rendered":"https:\/\/www.journee-mondiale.com\/de\/diese-5-eleganten-frisuren-retten-jede-hochzeit-auch-wenn-ihr-haar-duenn-ist\/"},"modified":"2025-03-17T08:44:39","modified_gmt":"2025-03-17T07:44:39","slug":"diese-5-eleganten-frisuren-retten-jede-hochzeit-auch-wenn-ihr-haar-duenn-ist","status":"publish","type":"post","link":"https:\/\/www.journee-mondiale.com\/de\/diese-5-eleganten-frisuren-retten-jede-hochzeit-auch-wenn-ihr-haar-duenn-ist\/","title":{"rendered":"Diese 5 eleganten Frisuren retten jede Hochzeit (auch wenn Ihr Haar d\u00fcnn ist&#8230;)"},"content":{"rendered":"<p>Der Fr\u00fchling 2025 ist da, und mit ihm kommen festliche Anl\u00e4sse wie Hochzeiten, Firmenfeiern und Galaabende. Die Wahl der <strong>perfekten Frisur<\/strong> ist dabei genauso wichtig wie das Outfit selbst. Welche Haarschnitte eignen sich besonders gut f\u00fcr formelle Events? Lassen Sie uns gemeinsam in die Welt der eleganten Frisuren eintauchen, die nicht nur beeindrucken, sondern auch praktisch sind.<\/p>\n<h2>Die Comeback-Stars: Elegante Frisuren f\u00fcr Frauen<\/h2>\n<p>F\u00fcr das Fr\u00fchjahr 2025 erleben wir eine Renaissance klassischer Eleganz mit modernem Twist. &#8222;Wir sehen eine deutliche R\u00fcckkehr zu <strong>strukturierten Hochsteckfrisuren<\/strong>, die dennoch eine gewisse Leichtigkeit ausstrahlen&#8220;, erkl\u00e4rt Christina Weber, Chefin des renommierten Berliner Salons &#8222;Haar &#038; Stil&#8220;. Die <a href=\"https:\/\/www.journee-mondiale.com\/de\/haar-schneiden-nach-mondkalender\/\" target=\"_blank\">Haar schneiden nach Mondkalender<\/a> Methode wird dabei von vielen genutzt, um das beste Ergebnis f\u00fcr den besonderen Tag zu erzielen.<\/p>\n<p>Der <strong>gedrehte Dutt<\/strong> steht dabei an erster Stelle \u2013 perfekt f\u00fcr schulterlanges bis langes Haar. Er wirkt wie eine Skulptur auf dem Kopf, beh\u00e4lt aber eine nat\u00fcrliche Ausstrahlung. Eine Kundin erz\u00e4hlte mir: &#8222;Bei der Hochzeit meiner besten Freundin hielt diese Frisur vom Morgen bis Mitternacht \u2013 trotz Tanzen und Freudentr\u00e4nen!&#8220;<\/p>\n<h2>Kurzhaarschnitte mit formeller Note<\/h2>\n<p>Auch mit kurzen Haaren l\u00e4sst sich Eleganz zaubern. Der <strong>strukturierte Pixie-Cut<\/strong> ist wie ein ma\u00dfgeschneiderter Anzug \u2013 er betont die Gesichtsz\u00fcge und verleiht gleichzeitig Selbstbewusstsein. Mit etwas Texturpaste lassen sich einzelne Str\u00e4hnen definieren und so dem Look eine formelle Note verleihen.<\/p>\n<h2>Der Klassiker mit neuem Gesicht: Der Bob<\/h2>\n<p>Der <strong>asymmetrische Bob<\/strong> hat sich als vielseitiger Allrounder f\u00fcr formelle Anl\u00e4sse etabliert. Mit einer Seite leicht l\u00e4nger als die andere, schafft er eine interessante Silhouette, die besonders gut zu eleganten Abendkleidern passt. <a href=\"https:\/\/www.journee-mondiale.com\/de\/frisuren-mit-pony\/\" target=\"_blank\">Frisuren mit Pony<\/a> geben dem Look zus\u00e4tzlich eine moderne Note und k\u00f6nnen perfekt die Gesichtsform betonen.<\/p>\n<h2>M\u00e4nner-Trends: Zeitlose Eleganz trifft moderne Schnitte<\/h2>\n<p>&#8222;Der <strong>moderne Pompadour<\/strong> ist wie ein guter Wein \u2013 er reift mit der Zeit und passt zu fast jedem Anlass&#8220;, meint Thomas Berger, Friseurmeister aus M\u00fcnchen. Diese Frisur kombiniert klassisches Styling mit zeitgem\u00e4\u00dfen Elementen und eignet sich hervorragend f\u00fcr formelle Events. M\u00e4nner mit Haarausfall k\u00f6nnen auf <a href=\"https:\/\/www.journee-mondiale.com\/de\/besten-frisuren-fur-manner-mit-geheimratsecken\/\" target=\"_blank\">Frisuren bei Geheimratsecken<\/a> zur\u00fcckgreifen, die ebenfalls elegant wirken.<\/p>\n<h3>Die besten Optionen f\u00fcr formelle Anl\u00e4sse:<\/h3>\n<ul>\n<li>Der <strong>texturierte Undercut<\/strong> \u2013 pr\u00e4zise, aber nicht zu streng<\/li>\n<li>Der <strong>klassische Seitenscheitel<\/strong> \u2013 zeitlos wie ein gut geschnittener Anzug<\/li>\n<li>Die <strong>moderne Interpretation des Slick-Back<\/strong> \u2013 elegant ohne \u00fcbertrieben zu wirken<\/li>\n<\/ul>\n<h2>Personalisierung ist der Schl\u00fcssel<\/h2>\n<p>Wie bei einem ma\u00dfgeschneiderten Kleidungsst\u00fcck sollte auch die Frisur zur Person passen. F\u00fcr <a href=\"https:\/\/www.journee-mondiale.com\/de\/besten-frisuren-fur-dunnes-haar\/\" target=\"_blank\">Frisuren f\u00fcr d\u00fcnnes Haar<\/a> empfehlen sich Schnitte mit Stufungen, die mehr Volumen zaubern. Die eigene Gesichtsform bestimmt ma\u00dfgeblich, welcher Schnitt am vorteilhaftesten aussieht.<\/p>\n<h2>Styling-Produkte: Die geheimen Helfer<\/h2>\n<p>Die richtige <strong>Styling-Routine<\/strong> ist entscheidend f\u00fcr den Halt der Frisur w\u00e4hrend eines langen Events. Eine ausgekl\u00fcgelte Kombination aus Halt gebenden und glanz verleihenden Produkten sorgt daf\u00fcr, dass die Frisur vom Sektempfang bis zum letzten Tanz h\u00e4lt. <a href=\"https:\/\/www.journee-mondiale.com\/de\/braune-haarfarben\/\" target=\"_blank\">Braune Haarfarben<\/a> k\u00f6nnen dabei besonders elegant wirken und viele Styling-Optionen bieten.<\/p>\n<h3>Must-haves f\u00fcr formelle Frisuren:<\/h3>\n<ul>\n<li>Hochwertiges <strong>Haarspray<\/strong> mit flexiblem Halt<\/li>\n<li><strong>Hitzeschutzspray<\/strong> f\u00fcr die Vorbereitung<\/li>\n<li><strong>Haarglanz-Serum<\/strong> f\u00fcr den letzten Schliff<\/li>\n<\/ul>\n<h2>Die Frisur als Kr\u00f6nung des Gesamtkunstwerks<\/h2>\n<p>Eine formelle Frisur ist wie die Signatur unter einem Kunstwerk \u2013 sie vervollst\u00e4ndigt den Look und setzt pers\u00f6nliche Akzente. Trauen Sie sich, mit Ihrer Frisur f\u00fcr den n\u00e4chsten festlichen Anlass zu experimentieren, aber bleiben Sie sich selbst treu. Denn die sch\u00f6nste Frisur ist immer die, in der Sie sich rundum wohlf\u00fchlen und die Ihren nat\u00fcrlichen Charme unterstreicht.<\/p>\n","protected":false},"excerpt":{"rendered":"<p>Der Fr\u00fchling 2025 ist da, und mit ihm kommen festliche Anl\u00e4sse wie Hochzeiten, Firmenfeiern und Galaabende. Die Wahl der perfekten Frisur ist dabei genauso wichtig wie das Outfit selbst. Welche Haarschnitte eignen sich besonders gut f\u00fcr formelle Events? Lassen Sie uns gemeinsam in die Welt der eleganten Frisuren eintauchen, die nicht nur beeindrucken, sondern auch &#8230; <a title=\"Diese 5 eleganten Frisuren retten jede Hochzeit (auch wenn Ihr Haar d\u00fcnn ist&#8230;)\" class=\"read-more\" href=\"https:\/\/www.journee-mondiale.com\/de\/diese-5-eleganten-frisuren-retten-jede-hochzeit-auch-wenn-ihr-haar-duenn-ist\/\" aria-label=\"Mehr Informationen \u00fcber Diese 5 eleganten Frisuren retten jede Hochzeit (auch wenn Ihr Haar d\u00fcnn ist&#8230;)\">Lire plus<\/a><\/p>\n","protected":false},"author":1,"featured_media":12621,"comment_status":"","ping_status":"","sticky":false,"template":"","format":"standard","meta":{"footnotes":""},"categories":[48],"tags":[],"class_list":["post-12622","post","type-post","status-publish","format-standard","has-post-thumbnail","hentry","category-lebensstil"],"acf":[],"_yoast_wpseo_primary_category":null,"_yoast_wpseo_title":null,"_yoast_wpseo_metadesc":null,"_links":{"self":[{"href":"https:\/\/www.journee-mondiale.com\/de\/wp-json\/wp\/v2\/posts\/12622","targetHints":{"allow":["GET"]}}],"collection":[{"href":"https:\/\/www.journee-mondiale.com\/de\/wp-json\/wp\/v2\/posts"}],"about":[{"href":"https:\/\/www.journee-mondiale.com\/de\/wp-json\/wp\/v2\/types\/post"}],"author":[{"embeddable":true,"href":"https:\/\/www.journee-mondiale.com\/de\/wp-json\/wp\/v2\/users\/1"}],"replies":[{"embeddable":true,"href":"https:\/\/www.journee-mondiale.com\/de\/wp-json\/wp\/v2\/comments?post=12622"}],"version-history":[{"count":0,"href":"https:\/\/www.journee-mondiale.com\/de\/wp-json\/wp\/v2\/posts\/12622\/revisions"}],"wp:featuredmedia":[{"embeddable":true,"href":"https:\/\/www.journee-mondiale.com\/de\/wp-json\/wp\/v2\/media\/12621"}],"wp:attachment":[{"href":"https:\/\/www.journee-mondiale.com\/de\/wp-json\/wp\/v2\/media?parent=12622"}],"wp:term":[{"taxonomy":"category","embeddable":true,"href":"https:\/\/www.journee-mondiale.com\/de\/wp-json\/wp\/v2\/categories?post=12622"},{"taxonomy":"post_tag","embeddable":true,"href":"https:\/\/www.journee-mondiale.com\/de\/wp-json\/wp\/v2\/tags?post=12622"}],"curies":[{"name":"wp","href":"https:\/\/api.w.org\/{rel}","templated":true}]}}