{"id":12618,"date":"2025-03-17T05:55:41","date_gmt":"2025-03-17T04:55:41","guid":{"rendered":"https:\/\/www.journee-mondiale.com\/de\/die-neue-baggy-jeans-2025-warum-dieses-revival-meine-garderobe-und-vielleicht-auch-ihre-fuer-immer-veraendert-hat\/"},"modified":"2025-03-17T05:55:41","modified_gmt":"2025-03-17T04:55:41","slug":"die-neue-baggy-jeans-2025-warum-dieses-revival-meine-garderobe-und-vielleicht-auch-ihre-fuer-immer-veraendert-hat","status":"publish","type":"post","link":"https:\/\/www.journee-mondiale.com\/de\/die-neue-baggy-jeans-2025-warum-dieses-revival-meine-garderobe-und-vielleicht-auch-ihre-fuer-immer-veraendert-hat\/","title":{"rendered":"Die neue Baggy Jeans 2025: Warum dieses Revival meine Garderobe (und vielleicht auch Ihre) f\u00fcr immer ver\u00e4ndert hat"},"content":{"rendered":"<p>Im Fr\u00fchling 2025 erleben wir eine modische Renaissance, die selbst die eingefleischtesten Fashion-Skeptiker begeistert: &#8222;Jean baggy revisit\u00e9&#8220; &#8211; die neu interpretierte Baggy Jeans erobert die Stra\u00dfen Deutschlands. Diese entspannte, aber dennoch elegante Jeans-Silhouette verbindet m\u00fchelos Komfort mit Stil und beweist, dass Fashion-Statements nicht unbequem sein m\u00fcssen.<\/p>\n<h2>Die Baggy-Revolution im Fr\u00fchjahr 2025<\/h2>\n<p>Was einst als 90er-Jahre-Relikt galt, feiert jetzt <strong>triumphale R\u00fcckkehr<\/strong> mit zeitgem\u00e4\u00dfen Twists. &#8222;Die neue Baggy Jeans ist wie ein charismatischer Freund, der gleichzeitig Halt gibt und Freiheit schenkt&#8220;, erkl\u00e4rt Modedesignerin Claudia Becker aus Hamburg. Besonders beliebt: <strong>Baggy Cargo Jeans<\/strong> mit funktionalen Taschen \u2013 perfekt f\u00fcr die \u00dcbergangszeit zwischen Winter und Fr\u00fchling.<\/p>\n<h2>Warum gerade jetzt?<\/h2>\n<p>Der Zeitpunkt k\u00f6nnte nicht besser sein. Nach Jahren figurbetonter Silhouetten sehnen sich viele nach Bewegungsfreiheit. Die <a href=\"https:\/\/www.journee-mondiale.com\/de\/226\/tag-der-jeans\/\" target=\"_blank\">Tag der Jeans<\/a> Feierlichkeiten zeigen: Denim bleibt unser treuester Modebegleiter, ver\u00e4ndert aber st\u00e4ndig sein Gesicht. Im Fr\u00fchling 2025 dominieren neben Baggy Styles auch:<\/p>\n<ul>\n<li>Barrel Jeans mit taillierter Passform oben und ausgestelltem Bein<\/li>\n<li>Wide-Leg Jeans f\u00fcr maximale Bewegungsfreiheit<\/li>\n<li>Helle Waschungen, die perfekt zur Fr\u00fchlingsstimmung passen<\/li>\n<\/ul>\n<h2>Der deutsche Touch: L\u00e4ssig trifft Pr\u00e4zision<\/h2>\n<p>In Deutschland interpretieren wir den Trend mit typisch deutscher Pr\u00e4zision. &#8222;Wir kombinieren das L\u00e4ssige der Baggy Jeans mit <strong>durchdachten Details<\/strong> und hochwertigen Materialien&#8220;, beobachtet Modejournalist Thomas Weber. Diese Balance zwischen Entspanntheit und Qualit\u00e4tsbewusstsein macht den <a href=\"https:\/\/www.journee-mondiale.com\/de\/lebensstil\/\" target=\"_blank\">Deutscher Lebensstil<\/a> auch in der Mode einzigartig.<\/p>\n<h2>Styling-Guide f\u00fcr Anf\u00e4nger<\/h2>\n<p>Wer neu im Baggy-Universum ist, sollte zun\u00e4chst mit einfachen Kombinationen experimentieren. Wie ein unber\u00fchrtes Fr\u00fchlingsfeld, das nur darauf wartet, bepflanzt zu werden, bietet die Baggy Jeans zahlreiche Styling-M\u00f6glichkeiten:<\/p>\n<ul>\n<li>Schmale Oberteile zum Ausgleich der Volumen-Silhouette<\/li>\n<li>Layering mit leichten Fr\u00fchlingsjacken<\/li>\n<li>Markante <a href=\"https:\/\/www.journee-mondiale.com\/de\/mode-accessoires\/\" target=\"_blank\">Mode &#038; Accessoires<\/a> als interessante Kontrastpunkte<\/li>\n<\/ul>\n<h2>Von High Street bis Luxury<\/h2>\n<p>Die Vielseitigkeit des Trends spiegelt sich auch im Preisspektrum wider. &#8222;Von <strong>preiswerten Einstiegsmodellen<\/strong> bis zu luxuri\u00f6sen Designer-Interpretationen \u2013 der Markt bietet f\u00fcr jedes Budget passende Optionen&#8220;, erkl\u00e4rt Modeberaterin Franziska Scholz. Gerade zum <a href=\"https:\/\/www.journee-mondiale.com\/de\/483\/tag-des-shoppings\/\" target=\"_blank\">Tag des Shoppings<\/a> lohnt sich ein Blick in die Kollektionen von H&#038;M, Zara oder f\u00fcr h\u00f6here Anspr\u00fcche G-Star Raw und Diesel.<\/p>\n<h2>Nachhaltigkeitsaspekt nicht vergessen<\/h2>\n<p>Erfreulich ist, dass viele Hersteller mittlerweile auf <strong>nachhaltige Produktion<\/strong> setzen. Wie ein vorsichtig gepflegter Garten, der Jahr f\u00fcr Jahr neue Bl\u00fcten treibt, kann auch eine gut gepflegte Qualit\u00e4ts-Jeans lange Freude bereiten. Recycelte Materialien und wasserparende F\u00e4rbetechniken gewinnen an Bedeutung.<\/p>\n<h2>Die perfekte Passform finden<\/h2>\n<p>Trotz des lockeren Schnitts sollte die Passform im Fokus stehen. Die Jeans sollte wie eine sch\u00fctzende Umarmung wirken \u2013 pr\u00e4sent, aber nicht einengend. Achten Sie besonders auf den Bund und die L\u00e4nge. Viele <a href=\"https:\/\/www.journee-mondiale.com\/de\/mode\/\" target=\"_blank\">Aktuelle Modetrends<\/a> zeigen Baggy Jeans in verschiedenen L\u00e4ngen, vom Kn\u00f6chel bis zum Boden.<\/p>\n<h2>Wagemut oder Zur\u00fcckhaltung?<\/h2>\n<p>Werden Sie Teil dieser modischen Fr\u00fchlingserwachung 2025? Die &#8222;Jean baggy revisit\u00e9&#8220; ist mehr als ein fl\u00fcchtiger Trend \u2013 sie verk\u00f6rpert ein neues Selbstbewusstsein, das Komfort nicht dem Stil opfert. Experimentieren Sie mit verschiedenen Kombinationen und finden Sie Ihren pers\u00f6nlichen Baggy-Style, der perfekt in den deutschen Fr\u00fchling passt!<\/p>\n","protected":false},"excerpt":{"rendered":"<p>Im Fr\u00fchling 2025 erleben wir eine modische Renaissance, die selbst die eingefleischtesten Fashion-Skeptiker begeistert: &#8222;Jean baggy revisit\u00e9&#8220; &#8211; die neu interpretierte Baggy Jeans erobert die Stra\u00dfen Deutschlands. Diese entspannte, aber dennoch elegante Jeans-Silhouette verbindet m\u00fchelos Komfort mit Stil und beweist, dass Fashion-Statements nicht unbequem sein m\u00fcssen. Die Baggy-Revolution im Fr\u00fchjahr 2025 Was einst als 90er-Jahre-Relikt &#8230; <a title=\"Die neue Baggy Jeans 2025: Warum dieses Revival meine Garderobe (und vielleicht auch Ihre) f\u00fcr immer ver\u00e4ndert hat\" class=\"read-more\" href=\"https:\/\/www.journee-mondiale.com\/de\/die-neue-baggy-jeans-2025-warum-dieses-revival-meine-garderobe-und-vielleicht-auch-ihre-fuer-immer-veraendert-hat\/\" aria-label=\"Mehr Informationen \u00fcber Die neue Baggy Jeans 2025: Warum dieses Revival meine Garderobe (und vielleicht auch Ihre) f\u00fcr immer ver\u00e4ndert hat\">Lire plus<\/a><\/p>\n","protected":false},"author":1,"featured_media":12617,"comment_status":"","ping_status":"","sticky":false,"template":"","format":"standard","meta":{"footnotes":""},"categories":[48],"tags":[],"class_list":["post-12618","post","type-post","status-publish","format-standard","has-post-thumbnail","hentry","category-lebensstil"],"acf":[],"_yoast_wpseo_primary_category":null,"_yoast_wpseo_title":null,"_yoast_wpseo_metadesc":null,"_links":{"self":[{"href":"https:\/\/www.journee-mondiale.com\/de\/wp-json\/wp\/v2\/posts\/12618","targetHints":{"allow":["GET"]}}],"collection":[{"href":"https:\/\/www.journee-mondiale.com\/de\/wp-json\/wp\/v2\/posts"}],"about":[{"href":"https:\/\/www.journee-mondiale.com\/de\/wp-json\/wp\/v2\/types\/post"}],"author":[{"embeddable":true,"href":"https:\/\/www.journee-mondiale.com\/de\/wp-json\/wp\/v2\/users\/1"}],"replies":[{"embeddable":true,"href":"https:\/\/www.journee-mondiale.com\/de\/wp-json\/wp\/v2\/comments?post=12618"}],"version-history":[{"count":0,"href":"https:\/\/www.journee-mondiale.com\/de\/wp-json\/wp\/v2\/posts\/12618\/revisions"}],"wp:featuredmedia":[{"embeddable":true,"href":"https:\/\/www.journee-mondiale.com\/de\/wp-json\/wp\/v2\/media\/12617"}],"wp:attachment":[{"href":"https:\/\/www.journee-mondiale.com\/de\/wp-json\/wp\/v2\/media?parent=12618"}],"wp:term":[{"taxonomy":"category","embeddable":true,"href":"https:\/\/www.journee-mondiale.com\/de\/wp-json\/wp\/v2\/categories?post=12618"},{"taxonomy":"post_tag","embeddable":true,"href":"https:\/\/www.journee-mondiale.com\/de\/wp-json\/wp\/v2\/tags?post=12618"}],"curies":[{"name":"wp","href":"https:\/\/api.w.org\/{rel}","templated":true}]}}