{"id":12616,"date":"2025-03-17T04:36:01","date_gmt":"2025-03-17T03:36:01","guid":{"rendered":"https:\/\/www.journee-mondiale.com\/de\/mit-diesen-7-eleganten-fruehjahrs-frisuren-fuehlen-frauen-ueber-70-sich-sofort-10-jahre-juenger-der-pixie-cut-veraenderte-alles\/"},"modified":"2025-03-17T04:36:01","modified_gmt":"2025-03-17T03:36:01","slug":"mit-diesen-7-eleganten-fruehjahrs-frisuren-fuehlen-frauen-ueber-70-sich-sofort-10-jahre-juenger-der-pixie-cut-veraenderte-alles","status":"publish","type":"post","link":"https:\/\/www.journee-mondiale.com\/de\/mit-diesen-7-eleganten-fruehjahrs-frisuren-fuehlen-frauen-ueber-70-sich-sofort-10-jahre-juenger-der-pixie-cut-veraenderte-alles\/","title":{"rendered":"Mit diesen 7 eleganten Fr\u00fchjahrs-Frisuren f\u00fchlen Frauen \u00fcber 70 sich sofort 10 Jahre j\u00fcnger (der Pixie-Cut ver\u00e4nderte alles&#8230;)"},"content":{"rendered":"<p>Der Fr\u00fchling steht vor der T\u00fcr und mit ihm die Lust auf Ver\u00e4nderung! Besonders f\u00fcr Frauen \u00fcber 70 bietet die kommende Saison wunderbare M\u00f6glichkeiten, mit <strong>modernen Frisuren<\/strong> einen zeitgem\u00e4\u00dfen Look zu kreieren. &#8222;Die richtige Frisur kann Jahre vom Gesicht nehmen und gleichzeitig Eleganz und Charakter betonen&#8220;, erkl\u00e4rt <strong>Christine Walther<\/strong>, Chefstylisten des renommierten Berliner Salons &#8222;Haarkunst&#8220;.<\/p>\n<h2>Zeitlose Pixie-Cuts mit frischer Fr\u00fchlingsinterpretation<\/h2>\n<p>Der <strong>Pixie-Cut<\/strong> bleibt auch im Fr\u00fchling 2025 ein absoluter Favorit. &#8222;Wie ein frisch geschnittener Garten im Fr\u00fchling l\u00e4sst ein gut gestylter Pixie das Gesicht aufbl\u00fchen&#8220;, schw\u00e4rmt Walther. Besonders bei feinem oder d\u00fcnner werdendem Haar schafft diese Frisur Volumen und Struktur. Mit <a href=\"https:\/\/www.journee-mondiale.com\/de\/category\/lebensstil\/\" target=\"_blank\">Moderne Frisur-Trends<\/a> l\u00e4sst sich der klassische Schnitt durch weiche Fransen an der Stirn oder l\u00e4ngere Partien im Nacken zeitgem\u00e4\u00df interpretieren.<\/p>\n<h2>Volumin\u00f6se Bob-Varianten f\u00fcr mehr Frische<\/h2>\n<p>Der <strong>Layered Bob<\/strong> ist die perfekte Wahl f\u00fcr den Fr\u00fchling 2025. Diese vielseitige Frisur reicht vom Kinn bis zu den Schultern und schafft durch strategisch platzierte Stufen Bewegung und F\u00fclle. &#8222;Viele meiner Kundinnen \u00fcber 70 erleben mit einem Bob einen regelrechten Verj\u00fcngungsschub&#8220;, berichtet <strong>Michael Berger<\/strong>, Friseurmeister aus M\u00fcnchen.<\/p>\n<blockquote><p>Ich sage meinen Kundinnen immer: Ein Bob ist wie ein gutes Fundament f\u00fcr ein Haus \u2013 er gibt Struktur und l\u00e4sst sich nach Belieben dekorieren.<\/p><\/blockquote>\n<h2>Nat\u00fcrliche Graut\u00f6ne elegant in Szene setzen<\/h2>\n<p>Die Zeiten, in denen graues Haar versteckt wurde, sind l\u00e4ngst vorbei. <strong>Silber- und Graut\u00f6ne<\/strong> werden 2025 bewusst in Szene gesetzt. Besonders elegant wirken sie in Kombination mit klaren Schnittlinien und <a href=\"https:\/\/www.journee-mondiale.com\/de\/juridisk-informationen\/\" target=\"_blank\">Haarf\u00e4rbemittel und Gesundheit<\/a> spielen dabei eine wichtige Rolle. Setzen Sie auf schonende Pflegeprodukte, die den nat\u00fcrlichen Glanz unterstreichen.<\/p>\n<h3>Tipps f\u00fcr gepflegtes Grauhaar:<\/h3>\n<ul>\n<li>Verwenden Sie <strong>violettes Shampoo<\/strong> gegen Gelbstich<\/li>\n<li>Investieren Sie in hochwertige Feuchtigkeitsprodukte<\/li>\n<li>G\u00f6nnen Sie sich regelm\u00e4\u00dfige Auffrischungsschnitte<\/li>\n<\/ul>\n<h2>Leichte Wellen f\u00fcr Fr\u00fchlingsfrische<\/h2>\n<p>Sanfte <strong>Wellen und Locken<\/strong> bringen Bewegung und Lebendigkeit ins Haar. &#8222;Wie ein sanfter Fr\u00fchlingswind, der durch die Wiesen streift, verleihen leichte Wellen selbst feinem Haar Dynamik&#8220;, erkl\u00e4rt Christine Walther. Mit einem Lockenstab oder Schaumfestiger lassen sich diese m\u00fchelos kreieren \u2013 auch bei k\u00fcrzeren Frisuren.<\/p>\n<h2>Federleichte Stufen f\u00fcr mehr Volumen<\/h2>\n<p>F\u00fcr alle, die nicht zu kurz schneiden m\u00f6chten, sind <strong>federleichte Stufenschnitte<\/strong> die ideale L\u00f6sung. Sie nehmen schwerem Haar die Last und geben feinem Haar F\u00fclle. Eine Kundin erz\u00e4hlte mir k\u00fcrzlich: &#8222;Mit meinem neuen Stufenschnitt f\u00fchle ich mich wie neugeboren \u2013 endlich hat mein Haar wieder Schwung!&#8220; Diese Schnitte harmonieren perfekt mit <a href=\"https:\/\/www.journee-mondiale.com\/de\/\" target=\"_blank\">Aktuelle Beauty-Trends<\/a> des Fr\u00fchjahrs.<\/p>\n<h3>Pflege-Essentials f\u00fcr den Fr\u00fchling:<\/h3>\n<ul>\n<li>Leichte <strong>Leave-in-Conditioner<\/strong> statt schwerer Masken<\/li>\n<li>Hitzeschutzprodukte f\u00fcr F\u00f6hn und Stylingtools<\/li>\n<li>UV-Schutz f\u00fcr die ersten Sonnenstrahlen<\/li>\n<\/ul>\n<h2>Moderne Asymmetrie f\u00fcr mutige Trendsetter<\/h2>\n<p>Wer etwas mehr Mut beweisen m\u00f6chte, greift zu <strong>asymmetrischen Schnitten<\/strong>. Eine Seite etwas l\u00e4nger als die andere schafft einen modernen, k\u00fcnstlerischen Look. Dabei gilt: Je dezenter der Unterschied, desto alltagstauglicher die Frisur. Diese Schnitte sind wie die <a href=\"https:\/\/www.journee-mondiale.com\/de\/geschichte-der-welttage\/\" target=\"_blank\">Evolution der Frisurtrends<\/a> in einer Person \u2013 zeitlos und innovativ zugleich.<\/p>\n<h2>Wie finden Sie Ihren pers\u00f6nlichen Fr\u00fchlingslook?<\/h2>\n<p>Die perfekte Frisur sollte nicht nur modern sein, sondern auch zu Ihrem <strong>Gesicht, Lebensstil<\/strong> und der Beschaffenheit Ihres Haares passen. Planen Sie einen <a href=\"https:\/\/www.journee-mondiale.com\/de\/category\/reisen\/\" target=\"_blank\">Styling f\u00fcr Reisen<\/a>? Dann ist Pflegeleichtigkeit besonders wichtig. Nehmen Sie ein Foto Ihrer Lieblingsfrisur mit zum Beratungsgespr\u00e4ch und lassen Sie sich von einem Experten individuell beraten. Der Fr\u00fchling 2025 bietet die perfekte Gelegenheit, mit einer neuen Frisur aufzubl\u00fchen!<\/p>\n","protected":false},"excerpt":{"rendered":"<p>Der Fr\u00fchling steht vor der T\u00fcr und mit ihm die Lust auf Ver\u00e4nderung! Besonders f\u00fcr Frauen \u00fcber 70 bietet die kommende Saison wunderbare M\u00f6glichkeiten, mit modernen Frisuren einen zeitgem\u00e4\u00dfen Look zu kreieren. &#8222;Die richtige Frisur kann Jahre vom Gesicht nehmen und gleichzeitig Eleganz und Charakter betonen&#8220;, erkl\u00e4rt Christine Walther, Chefstylisten des renommierten Berliner Salons &#8222;Haarkunst&#8220;. &#8230; <a title=\"Mit diesen 7 eleganten Fr\u00fchjahrs-Frisuren f\u00fchlen Frauen \u00fcber 70 sich sofort 10 Jahre j\u00fcnger (der Pixie-Cut ver\u00e4nderte alles&#8230;)\" class=\"read-more\" href=\"https:\/\/www.journee-mondiale.com\/de\/mit-diesen-7-eleganten-fruehjahrs-frisuren-fuehlen-frauen-ueber-70-sich-sofort-10-jahre-juenger-der-pixie-cut-veraenderte-alles\/\" aria-label=\"Mehr Informationen \u00fcber Mit diesen 7 eleganten Fr\u00fchjahrs-Frisuren f\u00fchlen Frauen \u00fcber 70 sich sofort 10 Jahre j\u00fcnger (der Pixie-Cut ver\u00e4nderte alles&#8230;)\">Lire plus<\/a><\/p>\n","protected":false},"author":1,"featured_media":12615,"comment_status":"","ping_status":"","sticky":false,"template":"","format":"standard","meta":{"footnotes":""},"categories":[48],"tags":[],"class_list":["post-12616","post","type-post","status-publish","format-standard","has-post-thumbnail","hentry","category-lebensstil"],"acf":[],"_yoast_wpseo_primary_category":null,"_yoast_wpseo_title":null,"_yoast_wpseo_metadesc":null,"_links":{"self":[{"href":"https:\/\/www.journee-mondiale.com\/de\/wp-json\/wp\/v2\/posts\/12616","targetHints":{"allow":["GET"]}}],"collection":[{"href":"https:\/\/www.journee-mondiale.com\/de\/wp-json\/wp\/v2\/posts"}],"about":[{"href":"https:\/\/www.journee-mondiale.com\/de\/wp-json\/wp\/v2\/types\/post"}],"author":[{"embeddable":true,"href":"https:\/\/www.journee-mondiale.com\/de\/wp-json\/wp\/v2\/users\/1"}],"replies":[{"embeddable":true,"href":"https:\/\/www.journee-mondiale.com\/de\/wp-json\/wp\/v2\/comments?post=12616"}],"version-history":[{"count":0,"href":"https:\/\/www.journee-mondiale.com\/de\/wp-json\/wp\/v2\/posts\/12616\/revisions"}],"wp:featuredmedia":[{"embeddable":true,"href":"https:\/\/www.journee-mondiale.com\/de\/wp-json\/wp\/v2\/media\/12615"}],"wp:attachment":[{"href":"https:\/\/www.journee-mondiale.com\/de\/wp-json\/wp\/v2\/media?parent=12616"}],"wp:term":[{"taxonomy":"category","embeddable":true,"href":"https:\/\/www.journee-mondiale.com\/de\/wp-json\/wp\/v2\/categories?post=12616"},{"taxonomy":"post_tag","embeddable":true,"href":"https:\/\/www.journee-mondiale.com\/de\/wp-json\/wp\/v2\/tags?post=12616"}],"curies":[{"name":"wp","href":"https:\/\/api.w.org\/{rel}","templated":true}]}}