{"id":12614,"date":"2025-03-17T03:13:13","date_gmt":"2025-03-17T02:13:13","guid":{"rendered":"https:\/\/www.journee-mondiale.com\/de\/diese-koenigliche-nekropole-beherbergt-43-franzoesische-monarchen-und-ein-architektonisches-geheimnis-das-die-europaeische-geschichte-veraenderte\/"},"modified":"2025-03-17T03:13:13","modified_gmt":"2025-03-17T02:13:13","slug":"diese-koenigliche-nekropole-beherbergt-43-franzoesische-monarchen-und-ein-architektonisches-geheimnis-das-die-europaeische-geschichte-veraenderte","status":"publish","type":"post","link":"https:\/\/www.journee-mondiale.com\/de\/diese-koenigliche-nekropole-beherbergt-43-franzoesische-monarchen-und-ein-architektonisches-geheimnis-das-die-europaeische-geschichte-veraenderte\/","title":{"rendered":"Diese k\u00f6nigliche Nekropole beherbergt 43 franz\u00f6sische Monarchen (und ein architektonisches Geheimnis, das die europ\u00e4ische Geschichte ver\u00e4nderte)"},"content":{"rendered":"<h2>Die verborgene K\u00f6nigsnekropole: Wo Frankreichs Herrscher ihre letzte Ruhe fanden<\/h2>\n<p>Ein gewaltiger Raum voller marmorner Grabst\u00e4tten empf\u00e4ngt den Besucher. Doch dies ist keine gew\u00f6hnliche Kirche, sondern das historische Ged\u00e4chtnis Frankreichs in Stein gemei\u00dfelt. Die Basilique Cath\u00e9drale de Saint-Denis, nur wenige Kilometer n\u00f6rdlich von Paris, birgt ein kaum zu fassendes k\u00f6nigliches Geheimnis: Hier ruhen die \u00dcberreste von 43 K\u00f6nigen und 32 K\u00f6niginnen Frankreichs, von Dagobert I. bis Louis XVIII. &#8222;Wer die Geschichte Frankreichs verstehen will, muss hierher kommen&#8220;, erkl\u00e4rt Marie Dubois, Historikerin und F\u00fchrerin in der Basilika. &#8222;Hier nahm die <a href=\"https:\/\/www.journee-mondiale.com\/de\/dieses-koenigliche-schloss-vereint-vier-epochen-in-seinen-mauern-wo-sieben-herrscher-frankreichs-geschichte-schrieben\/\" target=\"_blank\">k\u00f6nigliche Geschichte Frankreichs<\/a> ihren Lauf.&#8220;<\/p>\n<h2>Die Geburtsstunde der Gotik<\/h2>\n<p>Saint-Denis ist nicht nur eine Grabst\u00e4tte, sondern gilt als Wiege der gotischen Architektur. Im 12. Jahrhundert revolutionierte Abt Suger hier den Kirchenbau. &#8222;Suger schuf etwas v\u00f6llig Neues&#8220;, betont Kunsthistoriker Pierre Moreau. &#8222;Seine Innovationen mit Spitzb\u00f6gen und farbigen Glasfenstern ver\u00e4nderten die europ\u00e4ische <a href=\"https:\/\/www.journee-mondiale.com\/de\/diese-mittelalterliche-stadt-bewacht-frankreichs-beruehmteste-weinregion-mit-einer-900-jahre-alten-festung-und-johanna-von-orleans-aenderte-hier-die-geschichte\/\" target=\"_blank\">mittelalterliche Architektur Frankreichs<\/a> f\u00fcr immer.&#8220; Die majest\u00e4tischen Fenster tauchen das Innere in ein mystisches Lichtspiel, das schon damals Besucher in Ehrfurcht versetzte.<\/p>\n<h2>Eine Kathedrale im Wandel<\/h2>\n<p>Derzeit erlebt die Basilika eine spannende Transformation. Bis 2028 wird die historische Fl\u00e8che (Turmspitze) rekonstruiert \u2013 ein ambitioniertes Projekt, das Besucher hautnah miterleben k\u00f6nnen. &#8222;Die offene Baustelle ist ein Fenster in die Vergangenheit&#8220;, schw\u00e4rmt Dr. Claudine Lambert vom Restaurierungsteam. &#8222;Hier k\u00f6nnen Besucher mitverfolgen, wie mittelalterliche Baukunst im 21. Jahrhundert wiederbelebt wird.&#8220;<\/p>\n<h2>Ein k\u00f6niglicher Rundgang<\/h2>\n<p>Im Inneren erz\u00e4hlen prachtvolle Grabmonumente die Geschichte Frankreichs. Besonders beeindruckend sind die Grabm\u00e4ler von Heinrich II. und Katharina von Medici. Eine lokale Legende besagt, dass zur Geisterstunde die k\u00f6niglichen Grabstatuen zum Leben erwachen und \u00fcber ihre einstigen Reiche diskutieren. Tats\u00e4chlich wurden w\u00e4hrend der Franz\u00f6sischen Revolution viele Gr\u00e4ber gesch\u00e4ndet, doch dank Alexandre Lenoir, der viele Skulpturen rettete, k\u00f6nnen wir diese Kunstwerke heute bewundern.<\/p>\n<h2>Abseits der Touristenpfade<\/h2>\n<p>Nach dem Besuch der Basilika lohnt ein Spaziergang durch Saint-Denis selbst. Der lebhafte March\u00e9 de Saint-Denis bietet lokale K\u00f6stlichkeiten, w\u00e4hrend der Canal Saint-Denis zur beschaulichen Erkundung einl\u00e4dt. Als Geheimtipp gilt das Caf\u00e9 des Artistes, wo traditionelle franz\u00f6sische K\u00fcche serviert wird. &#8222;Unser Coq au Vin ist nach einem Rezept zubereitet, das selbst Marie Antoinette geschmeckt h\u00e4tte&#8220;, scherzt Inhaber Jean Dupont. Entdecken Sie auch <a href=\"https:\/\/www.journee-mondiale.com\/de\/dieser-pariser-vorort-verbirgt-eine-weltreise-auf-42-hektar-5-verschiedene-laender-in-einem-einzigen-garten\/\" target=\"_blank\">weitere Sehensw\u00fcrdigkeiten im Pariser Umland<\/a>.<\/p>\n<h2>Praktisches f\u00fcr deutsche Reisende<\/h2>\n<p>Die beste Reisezeit f\u00fcr Saint-Denis ist von April bis Oktober. Von Deutschland aus erreicht man Paris bequem mit Direktfl\u00fcgen oder dem TGV. Von dort nehmen Sie einfach die Metro-Linie 13 oder Tram 1 nach Saint-Denis. \u00dcbernachtungsm\u00f6glichkeiten gibt es f\u00fcr jeden Geldbeutel, vom g\u00fcnstigen Hostel (ab 20\u20ac) bis zum Luxushotel (ab 150\u20ac). Denken Sie daran, in der Basilika angemessene Kleidung zu tragen \u2013 ein Zeichen des Respekts an dieser historischen St\u00e4tte.<\/p>\n<h2>Ein kulturelles Juwel im Wandel<\/h2>\n<p>Saint-Denis erf\u00e4hrt derzeit eine kulturelle Wiedergeburt. Neben dem Restaurierungsprojekt der Fl\u00e8che ziehen innovative Ausstellungen und digitale Erfahrungswelten Besucher an. &#8222;Wir verbinden Geschichte mit Zukunft&#8220;, erkl\u00e4rt Kulturmanagerin Sophie Renault. Entdecken Sie hier und in der Umgebung <a href=\"https:\/\/www.journee-mondiale.com\/de\/dieses-franzoesische-dorf-versteckt-eine-600-jahre-alte-festung-wo-einheimische-ihren-kaffee-im-schatten-koeniglicher-geschichte-geniessen\/\" target=\"_blank\">verborgene historische Sch\u00e4tze<\/a> der Region.<\/p>\n<h2>Die k\u00f6nigliche Nekropole anders erleben<\/h2>\n<p>Ein besonderer Tipp: Besuchen Sie die Basilika bei Sonnenuntergang, wenn das goldene Licht durch die bunten Glasfenster f\u00e4llt. Die sp\u00e4tmittelalterlichen Grabmonumente werfen dann gespenstische Schatten, w\u00e4hrend die Sonne sich verabschiedet \u2013 ein mystisches Erlebnis, das die Vergangenheit lebendig werden l\u00e4sst. Bei den regelm\u00e4\u00dfigen abendlichen Konzerten k\u00f6nnen Sie die au\u00dfergew\u00f6hnliche Akustik der Kathedrale erleben.<\/p>\n<p>Die Basilique Cath\u00e9drale de Saint-Denis ist mehr als ein historisches Monument \u2013 sie ist ein lebendiges Zeugnis franz\u00f6sischer Geschichte und Innovation. Wer Paris besucht, sollte diesen Ort keinesfalls verpassen. Hier sp\u00fcrt man den Atem der Jahrhunderte und die Kraft der Gotik wie nirgendwo sonst. Eine authentische Alternative zum \u00fcberf\u00fcllten Paris und ein Tor zu <a href=\"https:\/\/www.journee-mondiale.com\/de\/diese-rosa-villa-an-der-franzoesischen-riviera-beherbergt-9-verschiedene-welten-auf-einem-grundstueck-mit-tanzenden-wasserspielen\/\" target=\"_blank\">einzigartigen Kulturst\u00e4tten Frankreichs<\/a>.<\/p>\n","protected":false},"excerpt":{"rendered":"<p>Die verborgene K\u00f6nigsnekropole: Wo Frankreichs Herrscher ihre letzte Ruhe fanden Ein gewaltiger Raum voller marmorner Grabst\u00e4tten empf\u00e4ngt den Besucher. Doch dies ist keine gew\u00f6hnliche Kirche, sondern das historische Ged\u00e4chtnis Frankreichs in Stein gemei\u00dfelt. Die Basilique Cath\u00e9drale de Saint-Denis, nur wenige Kilometer n\u00f6rdlich von Paris, birgt ein kaum zu fassendes k\u00f6nigliches Geheimnis: Hier ruhen die \u00dcberreste &#8230; <a title=\"Diese k\u00f6nigliche Nekropole beherbergt 43 franz\u00f6sische Monarchen (und ein architektonisches Geheimnis, das die europ\u00e4ische Geschichte ver\u00e4nderte)\" class=\"read-more\" href=\"https:\/\/www.journee-mondiale.com\/de\/diese-koenigliche-nekropole-beherbergt-43-franzoesische-monarchen-und-ein-architektonisches-geheimnis-das-die-europaeische-geschichte-veraenderte\/\" aria-label=\"Mehr Informationen \u00fcber Diese k\u00f6nigliche Nekropole beherbergt 43 franz\u00f6sische Monarchen (und ein architektonisches Geheimnis, das die europ\u00e4ische Geschichte ver\u00e4nderte)\">Lire plus<\/a><\/p>\n","protected":false},"author":1,"featured_media":12613,"comment_status":"","ping_status":"","sticky":false,"template":"","format":"standard","meta":{"footnotes":""},"categories":[49],"tags":[],"class_list":["post-12614","post","type-post","status-publish","format-standard","has-post-thumbnail","hentry","category-reisen"],"acf":[],"_yoast_wpseo_primary_category":null,"_yoast_wpseo_title":null,"_yoast_wpseo_metadesc":null,"_links":{"self":[{"href":"https:\/\/www.journee-mondiale.com\/de\/wp-json\/wp\/v2\/posts\/12614","targetHints":{"allow":["GET"]}}],"collection":[{"href":"https:\/\/www.journee-mondiale.com\/de\/wp-json\/wp\/v2\/posts"}],"about":[{"href":"https:\/\/www.journee-mondiale.com\/de\/wp-json\/wp\/v2\/types\/post"}],"author":[{"embeddable":true,"href":"https:\/\/www.journee-mondiale.com\/de\/wp-json\/wp\/v2\/users\/1"}],"replies":[{"embeddable":true,"href":"https:\/\/www.journee-mondiale.com\/de\/wp-json\/wp\/v2\/comments?post=12614"}],"version-history":[{"count":0,"href":"https:\/\/www.journee-mondiale.com\/de\/wp-json\/wp\/v2\/posts\/12614\/revisions"}],"wp:featuredmedia":[{"embeddable":true,"href":"https:\/\/www.journee-mondiale.com\/de\/wp-json\/wp\/v2\/media\/12613"}],"wp:attachment":[{"href":"https:\/\/www.journee-mondiale.com\/de\/wp-json\/wp\/v2\/media?parent=12614"}],"wp:term":[{"taxonomy":"category","embeddable":true,"href":"https:\/\/www.journee-mondiale.com\/de\/wp-json\/wp\/v2\/categories?post=12614"},{"taxonomy":"post_tag","embeddable":true,"href":"https:\/\/www.journee-mondiale.com\/de\/wp-json\/wp\/v2\/tags?post=12614"}],"curies":[{"name":"wp","href":"https:\/\/api.w.org\/{rel}","templated":true}]}}