{"id":12612,"date":"2025-03-17T01:15:18","date_gmt":"2025-03-17T00:15:18","guid":{"rendered":"https:\/\/www.journee-mondiale.com\/de\/diese-3-fruehlingsfrisuren-werden-2025-jeden-kopf-drehen-natuerlich-und-trotzdem-raffiniert\/"},"modified":"2025-03-17T01:15:18","modified_gmt":"2025-03-17T00:15:18","slug":"diese-3-fruehlingsfrisuren-werden-2025-jeden-kopf-drehen-natuerlich-und-trotzdem-raffiniert","status":"publish","type":"post","link":"https:\/\/www.journee-mondiale.com\/de\/diese-3-fruehlingsfrisuren-werden-2025-jeden-kopf-drehen-natuerlich-und-trotzdem-raffiniert\/","title":{"rendered":"Diese 3 Fr\u00fchlingsfrisuren werden 2025 jeden Kopf drehen (nat\u00fcrlich und trotzdem raffiniert)"},"content":{"rendered":"<p>Der Fr\u00fchling erwacht \u2013 und mit ihm kommt die Lust auf Ver\u00e4nderung. Wie w\u00e4re es, diesem Neuanfang mit einer frischen Frisur zu begegnen? W\u00e4hrend drau\u00dfen die ersten Blumen sprie\u00dfen, bietet der M\u00e4rz 2025 die perfekte Gelegenheit, um unsere Haare aus dem Winterschlaf zu wecken. <strong>Haartrends<\/strong> kommen und gehen, doch einige Styles schreiben in diesem Fr\u00fchjahr ihre eigene Geschichte.<\/p>\n<h2>Die Fr\u00fchlingsfrisuren 2025: Nat\u00fcrlichkeit trifft auf Raffinesse<\/h2>\n<p>&#8222;In diesem Fr\u00fchjahr sehen wir eine bemerkenswerte R\u00fcckkehr zur nat\u00fcrlichen Textur, allerdings mit einem ausgefeilten Twist&#8220;, erkl\u00e4rt <strong>Julia Bergmann<\/strong>, Trendsetterin im Berliner Salon &#8222;Haarkunst&#8220;. &#8222;Nach den dunklen Wintermonaten sehnen sich Menschen nach Leichtigkeit und Bewegung \u2013 genau wie die Natur selbst.&#8220;<\/p>\n<p>Der Trend zur Nat\u00fcrlichkeit zeigt sich besonders deutlich bei den mittellangen Schnitten, die wie ein frischer Wind durch die <a href=\"https:\/\/www.journee-mondiale.com\/de\/tag-des-friedens\/\" target=\"_blank\">Tag des Friedens<\/a>-Feierlichkeiten wehen \u2013 symbolisch f\u00fcr einen harmonischen Neubeginn im Fr\u00fchling 2025.<\/p>\n<h2>Der &#8222;Soft Bob&#8220; \u2013 der ideale Fr\u00fchlingsbegleiter<\/h2>\n<p>Wie ein zartes Fr\u00fchlingsblatt bewegt sich der <strong>Soft Bob<\/strong> sanft im Wind. Diese modernisierte Version des klassischen Bobs zeichnet sich durch weiche Linien und subtile Stufen aus, die dem Haar Bewegung verleihen ohne streng zu wirken.<\/p>\n<ul>\n<li>L\u00e4nge: Kinnlang bis schulterlang<\/li>\n<li>Struktur: Weiche, nat\u00fcrliche Wellen<\/li>\n<li>Styling: Minimal mit luftgetrocknetem Finish<\/li>\n<\/ul>\n<h2>Fr\u00fchlingshafte Farbnuancen: Honig und Karamell<\/h2>\n<p>Die Farbpalette dieses Fr\u00fchlings l\u00e4sst sich vom Erwachen der Natur inspirieren. <strong>Honigblond<\/strong> und warme <strong>Karamellt\u00f6ne<\/strong> reflektieren das zunehmende Sonnenlicht wie frischer Morgentau auf Bl\u00fctenbl\u00e4ttern. Diese T\u00f6ne harmonieren besonders gut mit dem <a href=\"https:\/\/www.journee-mondiale.com\/de\/tag-der-erde\/\" target=\"_blank\">Tag der Erde<\/a> und seinem Fokus auf nat\u00fcrliche Sch\u00f6nheit.<\/p>\n<h2>Der &#8222;Butterfly Cut&#8220; \u2013 luftig wie Schmetterlingsfl\u00fcgel<\/h2>\n<p>&#8222;Der Butterfly Cut ist die perfekte Metapher f\u00fcr den Fr\u00fchling&#8220;, sagt <strong>Markus Weller<\/strong>, Hairstylist aus M\u00fcnchen. &#8222;Wie ein Schmetterling, der aus seinem Kokon schl\u00fcpft, verleiht dieser Schnitt dem Haar eine v\u00f6llig neue Dimension und Leichtigkeit.&#8220;<\/p>\n<p>Diese schmeichelnde Schnittform umrahmt das Gesicht wie Schmetterlingsfl\u00fcgel und schafft Volumen genau dort, wo es gebraucht wird \u2013 ideal f\u00fcr den Besuch des <a href=\"https:\/\/www.journee-mondiale.com\/de\/internationaler-tag-des-gluecks\/\" target=\"_blank\">Internationaler Tag des Gl\u00fccks<\/a>, wo pers\u00f6nliches Wohlbefinden gefeiert wird.<\/p>\n<h2>Fr\u00fchlingshafte Styling-Tipps f\u00fcr jede Haarl\u00e4nge<\/h2>\n<ul>\n<li>Haarschmuck mit Blumenmotiven einsetzen<\/li>\n<li>Leichte Textursprays statt schwerer Gele verwenden<\/li>\n<li>Nat\u00fcrliche Trocknungsmethoden bevorzugen<\/li>\n<\/ul>\n<h2>Fr\u00fchlingspflege: Erwachen aus dem Winterschlaf<\/h2>\n<p>Nach den trockenen Wintermonaten d\u00fcrstet unser Haar nach <strong>Feuchtigkeit<\/strong> und N\u00e4hrstoffen. Wie ein ausgetrockneter Boden nach dem ersten Fr\u00fchlingsregen, saugt es jede Pflege auf, die wir ihm bieten.<\/p>\n<p>Feiert den Wechsel zur w\u00e4rmeren Jahreszeit, indem ihr euch mit einer pflegenden Haarmaske verw\u00f6hnt \u2013 perfekt abgestimmt auf den <a href=\"https:\/\/www.journee-mondiale.com\/de\/welttag-der-kulturellen-vielfalt\/\" target=\"_blank\">Welttag der kulturellen Vielfalt<\/a>, der verschiedene Sch\u00f6nheitsrituale aus aller Welt w\u00fcrdigt.<\/p>\n<h2>Kinderfrisuren im Fr\u00fchlingsfieber<\/h2>\n<p>Auch unsere Kleinen freuen sich \u00fcber frische Fr\u00fchlingsschnitte. Inspiriert vom <a href=\"https:\/\/www.journee-mondiale.com\/de\/internationaler-kinderbuchtag\/\" target=\"_blank\">Internationaler Kinderbuchtag<\/a> liegen verspielte Frisuren mit fantasievollen Elementen voll im Trend.<\/p>\n<h2>Werden Sie zum Fr\u00fchlingsboten mit Ihrem neuen Look?<\/h2>\n<p>Der Fr\u00fchling 2025 l\u00e4dt uns ein, mutig zu sein und wie die Natur aus unserem Winterschlaf zu erwachen. Unsere Haare sind dabei wie ein Garten, der nach einer sorgf\u00e4ltigen Pflege in voller Pracht erbl\u00fcht. Welchen Fr\u00fchlingsschnitt werden Sie w\u00e4hlen, um Ihre pers\u00f6nliche Erneuerung zu feiern?<\/p>\n","protected":false},"excerpt":{"rendered":"<p>Der Fr\u00fchling erwacht \u2013 und mit ihm kommt die Lust auf Ver\u00e4nderung. Wie w\u00e4re es, diesem Neuanfang mit einer frischen Frisur zu begegnen? W\u00e4hrend drau\u00dfen die ersten Blumen sprie\u00dfen, bietet der M\u00e4rz 2025 die perfekte Gelegenheit, um unsere Haare aus dem Winterschlaf zu wecken. Haartrends kommen und gehen, doch einige Styles schreiben in diesem Fr\u00fchjahr &#8230; <a title=\"Diese 3 Fr\u00fchlingsfrisuren werden 2025 jeden Kopf drehen (nat\u00fcrlich und trotzdem raffiniert)\" class=\"read-more\" href=\"https:\/\/www.journee-mondiale.com\/de\/diese-3-fruehlingsfrisuren-werden-2025-jeden-kopf-drehen-natuerlich-und-trotzdem-raffiniert\/\" aria-label=\"Mehr Informationen \u00fcber Diese 3 Fr\u00fchlingsfrisuren werden 2025 jeden Kopf drehen (nat\u00fcrlich und trotzdem raffiniert)\">Lire plus<\/a><\/p>\n","protected":false},"author":1,"featured_media":12611,"comment_status":"","ping_status":"","sticky":false,"template":"","format":"standard","meta":{"footnotes":""},"categories":[48],"tags":[],"class_list":["post-12612","post","type-post","status-publish","format-standard","has-post-thumbnail","hentry","category-lebensstil"],"acf":[],"_yoast_wpseo_primary_category":null,"_yoast_wpseo_title":null,"_yoast_wpseo_metadesc":null,"_links":{"self":[{"href":"https:\/\/www.journee-mondiale.com\/de\/wp-json\/wp\/v2\/posts\/12612","targetHints":{"allow":["GET"]}}],"collection":[{"href":"https:\/\/www.journee-mondiale.com\/de\/wp-json\/wp\/v2\/posts"}],"about":[{"href":"https:\/\/www.journee-mondiale.com\/de\/wp-json\/wp\/v2\/types\/post"}],"author":[{"embeddable":true,"href":"https:\/\/www.journee-mondiale.com\/de\/wp-json\/wp\/v2\/users\/1"}],"replies":[{"embeddable":true,"href":"https:\/\/www.journee-mondiale.com\/de\/wp-json\/wp\/v2\/comments?post=12612"}],"version-history":[{"count":0,"href":"https:\/\/www.journee-mondiale.com\/de\/wp-json\/wp\/v2\/posts\/12612\/revisions"}],"wp:featuredmedia":[{"embeddable":true,"href":"https:\/\/www.journee-mondiale.com\/de\/wp-json\/wp\/v2\/media\/12611"}],"wp:attachment":[{"href":"https:\/\/www.journee-mondiale.com\/de\/wp-json\/wp\/v2\/media?parent=12612"}],"wp:term":[{"taxonomy":"category","embeddable":true,"href":"https:\/\/www.journee-mondiale.com\/de\/wp-json\/wp\/v2\/categories?post=12612"},{"taxonomy":"post_tag","embeddable":true,"href":"https:\/\/www.journee-mondiale.com\/de\/wp-json\/wp\/v2\/tags?post=12612"}],"curies":[{"name":"wp","href":"https:\/\/api.w.org\/{rel}","templated":true}]}}