{"id":12608,"date":"2025-03-16T23:31:12","date_gmt":"2025-03-16T22:31:12","guid":{"rendered":"https:\/\/www.journee-mondiale.com\/de\/diese-mittelalterliche-stadt-bewahrt-eine-treue-burg-der-reformation-und-feiert-das-groesste-samba-festival-ausserhalb-brasiliens-die-fraenkische-krone-mit-koeniglichen-geheimnissen\/"},"modified":"2025-03-16T23:31:12","modified_gmt":"2025-03-16T22:31:12","slug":"diese-mittelalterliche-stadt-bewahrt-eine-treue-burg-der-reformation-und-feiert-das-groesste-samba-festival-ausserhalb-brasiliens-die-fraenkische-krone-mit-koeniglichen-geheimnissen","status":"publish","type":"post","link":"https:\/\/www.journee-mondiale.com\/de\/diese-mittelalterliche-stadt-bewahrt-eine-treue-burg-der-reformation-und-feiert-das-groesste-samba-festival-ausserhalb-brasiliens-die-fraenkische-krone-mit-koeniglichen-geheimnissen\/","title":{"rendered":"Diese mittelalterliche Stadt bewahrt eine &#8222;treue Burg&#8220; der Reformation und feiert das gr\u00f6\u00dfte Samba-Festival au\u00dferhalb Brasiliens (die fr\u00e4nkische Krone mit k\u00f6niglichen Geheimnissen)"},"content":{"rendered":"<h2>Coburg: Wo Geschichte und Kultur auf bayerischem Boden verschmelzen<\/h2>\n<p>Martin Luther nannte sie einst seine &#8222;treue Burg&#8220; \u2013 die Veste Coburg, die majest\u00e4tisch \u00fcber der gleichnamigen Stadt thront. &#8222;Hier haben Weltgeschichte und Heimatgef\u00fchl eine besondere Verbindung geschaffen&#8220;, erkl\u00e4rt Stadtf\u00fchrerin Maria Schmidt, w\u00e4hrend wir durch die kopfsteingepflasterten Gassen der Altstadt schlendern. Diese kleine oberfr\u00e4nkische Stadt mit gerade einmal 41.000 Einwohnern bewahrt ein erstaunliches kulturelles Erbe, das selbst Vielreisende \u00fcberrascht.<\/p>\n<h2>Die Festung, die einen Reformator sch\u00fctzte<\/h2>\n<p>Die imposante Veste Coburg, oft als &#8222;Fr\u00e4nkische Krone&#8220; bezeichnet, feiert 2025 ihr 800-j\u00e4hriges Bestehen. Hier verbrachte Martin Luther 1530 sechs Monate im Schutz vor seinen Verfolgern. &#8222;Die Festung beherbergt heute eine der bedeutendsten Kunstsammlungen Deutschlands&#8220;, schw\u00e4rmt Museumsdirektor Dr. Klaus Weschenfelder. Die mittelalterlichen Befestigungsanlagen und pr\u00e4chtigen Innenr\u00e4ume bieten einen atemberaubenden Blick auf das th\u00fcringisch-fr\u00e4nkische Grenzland \u2013 ein Muss f\u00fcr jeden Geschichtsliebhaber.<\/p>\n<h2>Ein Hauch von Monarchie im Herzen der Stadt<\/h2>\n<p>Schloss Ehrenburg, einst Residenz der Herz\u00f6ge von Sachsen-Coburg und Gotha, zeugt von der k\u00f6niglichen Vergangenheit der Stadt. Die Familie Sachsen-Coburg und Gotha heiratete in zahlreiche europ\u00e4ische K\u00f6nigsh\u00e4user ein und beeinflusste die Geschichte des Kontinents ma\u00dfgeblich. &#8222;Unser kleines Coburg war einst ein wichtiger Knotenpunkt europ\u00e4ischer Politik&#8220;, berichtet Historiker Thomas Nicklas. Das Schloss mit seinen prunkvollen R\u00e4umen ist ein beeindruckendes Beispiel neugotischer Architektur und ein Fenster in eine vergangene Epoche.<\/p>\n<h2>Brasilianische Rhythmen im fr\u00e4nkischen Idyll<\/h2>\n<p>J\u00e4hrlich im Juli verwandelt sich Coburg in ein kleines Rio de Janeiro. &#8222;Das Internationale Samba-Festival ist das gr\u00f6\u00dfte seiner Art au\u00dferhalb Brasiliens&#8220;, erl\u00e4utert Festivaldirektor Rolf Beyersdorf stolz. Mehr als 100 Samba-Gruppen und 3.000 T\u00e4nzer aus aller Welt bringen karibisches Flair in die mittelalterlichen Gassen, w\u00e4hrend \u00fcber 200.000 Besucher die Stadt beleben. Dieses unerwartete kulturelle Highlight macht Coburg zu einem einzigartigen Reiseziel, das <a href=\"https:\/\/www.journee-mondiale.com\/de\/diese-mittelalterliche-stadt-im-allgaeu-besitzt-den-groessten-echten-adventskranz-der-welt-und-ein-kinderfest-aus-dem-15-jahrhundert\/\" target=\"_blank\">historische Feste in Bayern<\/a> auf besondere Weise interpretiert.<\/p>\n<h2>Versteckte Sch\u00e4tze abseits der Touristenpfade<\/h2>\n<p>Der idyllische Hofgarten versteckt sich direkt hinter dem Schloss Ehrenburg und bietet eine gr\u00fcne Oase mit historischen Denkm\u00e4lern und einem charmanten Rosengarten. &#8222;Hier finden Besucher die Ruhe, die sie in den belebten Gassen der Altstadt vermissen&#8220;, verr\u00e4t G\u00e4stef\u00fchrerin Lisa Schulz. Nur wenige Touristen entdecken das Zweil\u00e4ndermuseum, das faszinierende Einblicke in die Zeit der deutsch-deutschen Teilung bietet, \u00e4hnlich wie andere <a href=\"https:\/\/www.journee-mondiale.com\/de\/diese-stadt-der-14-tuerme-bewahrt-1000-jahre-geschichte-auf-einem-granitfelsen-zweisprachiges-juwel-der-oberlausitz-mit-schiefstem-turm-deutschlands\/\" target=\"_blank\">historische Turmarchitekturen<\/a> in Deutschland.<\/p>\n<h2>Kulinarische Gen\u00fcsse mit Tradition<\/h2>\n<p>Wer Coburg besucht, muss unbedingt die ber\u00fchmte Coburger Bratwurst probieren \u2013 eine regionale Spezialit\u00e4t, die traditionell auf Kiefernzapfen gegrillt wird. &#8222;Das verleiht ihr ein unverwechselbares Aroma, das man nirgendwo sonst findet&#8220;, erkl\u00e4rt Metzgermeister Hans M\u00fcller. In den gem\u00fctlichen Gasth\u00e4usern rund um den Marktplatz k\u00f6nnen Besucher auch andere fr\u00e4nkische K\u00f6stlichkeiten wie Sch\u00e4ufele und handgemachte Kl\u00f6\u00dfe genie\u00dfen, begleitet von einem Glas lokalem Frankenwein.<\/p>\n<h2>Wann ist die beste Zeit f\u00fcr einen Besuch?<\/h2>\n<p>Die optimale Reisezeit f\u00fcr Coburg liegt zwischen Mai und September, wenn das Wetter angenehm ist und zahlreiche Veranstaltungen stattfinden. Der HUK-Coburg Open Air Sommer lockt im Juni und August mit nationalen und internationalen K\u00fcnstlern. Wer hingegen <a href=\"https:\/\/www.journee-mondiale.com\/de\/dieser-winterort-im-harz-versteckt-den-hoechsten-berg-niedersachsens-mit-971-metern-hoehe-und-einen-mystischen-naturmythenpfad-den-kinder-ueber-smartphones-vergessen-lassen\/\" target=\"_blank\">Winterreiseziele in Deutschland<\/a> sucht, findet in Coburg einen romantischen Weihnachtsmarkt und weniger Touristen.<\/p>\n<h2>Unterwegs in und um Coburg<\/h2>\n<p>Die kompakte Innenstadt l\u00e4sst sich hervorragend zu Fu\u00df erkunden. F\u00fcr Naturliebhaber bieten sich Ausfl\u00fcge in die nahegelegene &#8222;Einberger Schweiz&#8220; mit ihren imposanten Felsformationen an \u2013 ideal f\u00fcr Wanderungen und Radtouren. Die Region um Coburg ist auch ein perfekter Ausgangspunkt f\u00fcr Entdeckungen von <a href=\"https:\/\/www.journee-mondiale.com\/de\/diese-bayerische-gemeinde-versteckt-einen-smaragdgruenen-see-mit-210-quadratkilometern-unberuehrtem-alpenschutzgebiet-der-einzige-seiner-art-in-deutschland\/\" target=\"_blank\">Bayern als Naturparadies<\/a>.<\/p>\n<h2>Eine Stadt mit k\u00f6niglichen Verbindungen<\/h2>\n<p>Coburgs Verkn\u00fcpfung mit europ\u00e4ischen K\u00f6nigsh\u00e4usern hat der Stadt den Beinamen &#8222;Wiege der europ\u00e4ischen K\u00f6nige&#8220; eingebracht. Prinz Albert von Sachsen-Coburg und Gotha, der Ehemann der britischen K\u00f6nigin Victoria, wurde hier geboren. &#8222;Diese historische Verbindung zu Gro\u00dfbritannien pr\u00e4gt bis heute das Selbstverst\u00e4ndnis unserer Stadt&#8220;, berichtet Archivarin Dr. Brigitte Kl\u00f6tzer, die mich durch die historischen Dokumente f\u00fchrt, die diese Geschichte dokumentieren.<\/p>\n<h2>Ein Juwel abseits der touristischen Hauptrouten<\/h2>\n<p>Coburg verk\u00f6rpert den Zauber einer <a href=\"https:\/\/www.journee-mondiale.com\/de\/diese-renaissance-stadt-an-der-donau-bewahrt-ein-flaemisches-geheimnis-und-wird-oft-als-bayern-im-dornroeschenschlaf-bezeichnet\/\" target=\"_blank\">Renaissance-Stadt in Bayern<\/a>, die noch nicht von Massentourismus \u00fcberlaufen ist. Mit ihrer Mischung aus historischem Charme, kultureller Vielfalt und authentischer Atmosph\u00e4re verspricht die Stadt ein Reiseerlebnis, das sowohl das Herz als auch den Geist ber\u00fchrt. Beim Abschied fl\u00fcstert mir der Abendwind zu: Wer Coburg einmal besucht hat, tr\u00e4gt ein St\u00fcck fr\u00e4nkische Seele f\u00fcr immer mit sich.<\/p>\n","protected":false},"excerpt":{"rendered":"<p>Coburg: Wo Geschichte und Kultur auf bayerischem Boden verschmelzen Martin Luther nannte sie einst seine &#8222;treue Burg&#8220; \u2013 die Veste Coburg, die majest\u00e4tisch \u00fcber der gleichnamigen Stadt thront. &#8222;Hier haben Weltgeschichte und Heimatgef\u00fchl eine besondere Verbindung geschaffen&#8220;, erkl\u00e4rt Stadtf\u00fchrerin Maria Schmidt, w\u00e4hrend wir durch die kopfsteingepflasterten Gassen der Altstadt schlendern. Diese kleine oberfr\u00e4nkische Stadt mit &#8230; <a title=\"Diese mittelalterliche Stadt bewahrt eine &#8222;treue Burg&#8220; der Reformation und feiert das gr\u00f6\u00dfte Samba-Festival au\u00dferhalb Brasiliens (die fr\u00e4nkische Krone mit k\u00f6niglichen Geheimnissen)\" class=\"read-more\" href=\"https:\/\/www.journee-mondiale.com\/de\/diese-mittelalterliche-stadt-bewahrt-eine-treue-burg-der-reformation-und-feiert-das-groesste-samba-festival-ausserhalb-brasiliens-die-fraenkische-krone-mit-koeniglichen-geheimnissen\/\" aria-label=\"Mehr Informationen \u00fcber Diese mittelalterliche Stadt bewahrt eine &#8222;treue Burg&#8220; der Reformation und feiert das gr\u00f6\u00dfte Samba-Festival au\u00dferhalb Brasiliens (die fr\u00e4nkische Krone mit k\u00f6niglichen Geheimnissen)\">Lire plus<\/a><\/p>\n","protected":false},"author":1,"featured_media":12607,"comment_status":"","ping_status":"","sticky":false,"template":"","format":"standard","meta":{"footnotes":""},"categories":[49],"tags":[],"class_list":["post-12608","post","type-post","status-publish","format-standard","has-post-thumbnail","hentry","category-reisen"],"acf":[],"_yoast_wpseo_primary_category":null,"_yoast_wpseo_title":null,"_yoast_wpseo_metadesc":null,"_links":{"self":[{"href":"https:\/\/www.journee-mondiale.com\/de\/wp-json\/wp\/v2\/posts\/12608","targetHints":{"allow":["GET"]}}],"collection":[{"href":"https:\/\/www.journee-mondiale.com\/de\/wp-json\/wp\/v2\/posts"}],"about":[{"href":"https:\/\/www.journee-mondiale.com\/de\/wp-json\/wp\/v2\/types\/post"}],"author":[{"embeddable":true,"href":"https:\/\/www.journee-mondiale.com\/de\/wp-json\/wp\/v2\/users\/1"}],"replies":[{"embeddable":true,"href":"https:\/\/www.journee-mondiale.com\/de\/wp-json\/wp\/v2\/comments?post=12608"}],"version-history":[{"count":0,"href":"https:\/\/www.journee-mondiale.com\/de\/wp-json\/wp\/v2\/posts\/12608\/revisions"}],"wp:featuredmedia":[{"embeddable":true,"href":"https:\/\/www.journee-mondiale.com\/de\/wp-json\/wp\/v2\/media\/12607"}],"wp:attachment":[{"href":"https:\/\/www.journee-mondiale.com\/de\/wp-json\/wp\/v2\/media?parent=12608"}],"wp:term":[{"taxonomy":"category","embeddable":true,"href":"https:\/\/www.journee-mondiale.com\/de\/wp-json\/wp\/v2\/categories?post=12608"},{"taxonomy":"post_tag","embeddable":true,"href":"https:\/\/www.journee-mondiale.com\/de\/wp-json\/wp\/v2\/tags?post=12608"}],"curies":[{"name":"wp","href":"https:\/\/api.w.org\/{rel}","templated":true}]}}