{"id":12606,"date":"2025-03-16T20:35:51","date_gmt":"2025-03-16T19:35:51","guid":{"rendered":"https:\/\/www.journee-mondiale.com\/de\/ich-trage-jetzt-nur-noch-diese-graue-jeans-im-fruehling-mein-styling-geheimnis-fuer-frauen-ueber-50\/"},"modified":"2025-03-16T20:35:51","modified_gmt":"2025-03-16T19:35:51","slug":"ich-trage-jetzt-nur-noch-diese-graue-jeans-im-fruehling-mein-styling-geheimnis-fuer-frauen-ueber-50","status":"publish","type":"post","link":"https:\/\/www.journee-mondiale.com\/de\/ich-trage-jetzt-nur-noch-diese-graue-jeans-im-fruehling-mein-styling-geheimnis-fuer-frauen-ueber-50\/","title":{"rendered":"Ich trage jetzt nur noch diese graue Jeans im Fr\u00fchling (mein Styling-Geheimnis f\u00fcr Frauen \u00fcber 50)"},"content":{"rendered":"<p>Fr\u00fchlingszeit ist Jeanszeit! Wenn die M\u00e4rzsonne die ersten w\u00e4rmenden Strahlen sendet, wird es Zeit, den Kleiderschrank f\u00fcr die kommende Saison zu aktualisieren. Besonders Frauen \u00fcber 50, die einen entspannten Stil bevorzugen, fragen sich: Welche Jeans sind 2025 angesagt und vereinen Komfort mit Stil? <a href=\"https:\/\/www.journee-mondiale.com\/de\/mode\/\" target=\"_blank\">Mode-Trends f\u00fcr Frauen<\/a> entwickeln sich stetig weiter \u2013 doch einige zeitlose Schnitte bleiben unverzichtbar im Fr\u00fchjahrssortiment.<\/p>\n<h2>Der Siegeszug der grauen Jeans im Fr\u00fchling 2025<\/h2>\n<p>Die klassische blaue Jeans bekommt <strong>Konkurrenz<\/strong> aus dem grauen Farbspektrum. &#8222;Grau-Wash Jeans sind diesen Fr\u00fchling der perfekte Begleiter f\u00fcr alle, die einen soften, aber dennoch urbanen Look anstreben&#8220;, erkl\u00e4rt Modeexpertin Christina Weber vom Berliner Stilinstitut. Diese vielseitigen Hosen harmonieren wunderbar mit den pastelligen Fr\u00fchlingsfarben und lassen sich m\u00fchelos vom Caf\u00e9-Besuch bis zum Familiendinner stylen.<\/p>\n<h2>Straight-Leg Jeans: Der Klassiker mit Fr\u00fchlings-Update<\/h2>\n<p>Die <strong>Straight-Leg Jeans<\/strong> erlebt 2025 ihr verdientes Comeback. Diese Silhouette schmeichelt nahezu jeder Figur und bietet den perfekten Mittelweg zwischen zu engen und \u00fcbertrieben weiten Schnitten. <a href=\"https:\/\/www.journee-mondiale.com\/de\/lifestyle\/mode\/jeans-trends\/\" target=\"_blank\">Aktuelle Jeans-Trends<\/a> zeigen sie in leichteren Waschungen mit dezenten Fr\u00fchlings-Details wie kurzen Schlitzen am Saum oder raffinierten Knopfleisten.<\/p>\n<h2>Wide-Leg Jeans: L\u00e4ssige Eleganz f\u00fcr w\u00e4rmere Tage<\/h2>\n<p>Wide-Leg Jeans verk\u00f6rpern den <strong>entspannten Luxus<\/strong>, den viele Frauen \u00fcber 50 sch\u00e4tzen. &#8222;Die weiten Beine sorgen f\u00fcr optimale Luftzirkulation an w\u00e4rmeren Fr\u00fchlingstagen und sind dabei so elegant wie bequem&#8220;, best\u00e4tigt Modestylistin Sabine M\u00fcller. Mit einer leichten Bluse und flachen Sandalen kreieren Sie einen Look, der f\u00fcr Gartenfeste und Stadtbummel gleicherma\u00dfen perfekt ist.<\/p>\n<h2>High-Waist mit Stretch: Komfort trifft Figur-Schmeichler<\/h2>\n<p>Der hohe Bund mit <strong>elastischen Komponenten<\/strong> bleibt ein Favorit f\u00fcr Frauen \u00fcber 50. Diese Kombination:<br \/>\n&#8211; Betont die Taille auf schmeichelhafte Weise<br \/>\n&#8211; Bietet angenehmen Halt im Bauchbereich<br \/>\n&#8211; Verhindert das l\u00e4stige Herunterrutschen beim B\u00fccken<\/p>\n<h2>Die deutsche Qualit\u00e4tsphilosophie bei Fr\u00fchlingsjeans<\/h2>\n<p><a href=\"https:\/\/www.journee-mondiale.com\/de\/category\/lebensstil\/\" target=\"_blank\">Deutscher Lebensstil<\/a> spiegelt sich auch in der Jeansauswahl wider: Qualit\u00e4t geht vor Quantit\u00e4t. Wie eine Eiche, die Jahrzehnte \u00fcberdauert, soll auch die perfekte Jeans eine treue Begleiterin sein. Hochwertige Materialien mit leichtem Stretch-Anteil sorgen f\u00fcr Formbest\u00e4ndigkeit und Langlebigkeit \u2013 eine Investition, die sich \u00fcber viele Fr\u00fchlingssaisons hinweg auszahlt.<\/p>\n<h2>Stilvolle Kombinationen f\u00fcr den Fr\u00fchling<\/h2>\n<p>Die ideale Fr\u00fchlingsgarderobe mit Jeans umfasst:<br \/>\n&#8211; Leichte Strickjacken in Naturt\u00f6nen f\u00fcr k\u00fchlere Morgen<br \/>\n&#8211; Flie\u00dfende Blusen in Saisonfarben wie Lavendel oder Salbei<br \/>\n&#8211; <a href=\"https:\/\/www.journee-mondiale.com\/de\/lifestyle\/accessoires\/\" target=\"_blank\">Stilvolle Accessoires<\/a> wie zarte Schals oder Statement-Ohrringe<\/p>\n<h2>Nachhaltige Jeansoptionen im Fr\u00fchling 2025<\/h2>\n<p>Der <strong>Nachhaltigkeitstrend<\/strong> setzt sich fort. &#8222;Die moderne Frau \u00fcber 50 achtet heute mehr denn je auf die \u00f6kologischen Aspekte ihrer Kleidung&#8220;, berichtet Dr. Ingrid Hoffman, Modeforscherin an der Universit\u00e4t Hamburg. <a href=\"https:\/\/www.journee-mondiale.com\/de\/lifestyle\/mode\/nachhaltige-mode\/\" target=\"_blank\">Nachhaltige Modeoptionen<\/a> wie ressourcenschonend produzierte Jeans ohne sch\u00e4dliche Chemikalien sind im Fr\u00fchling 2025 keine Nische mehr, sondern selbstverst\u00e4ndlich.<\/p>\n<h2>Die Magie der richtigen Passform<\/h2>\n<p>Die perfekte Jeans zu finden gleicht der Suche nach einem ma\u00dfgeschneiderten Kleidungsst\u00fcck \u2013 sie sollte sich anf\u00fchlen, als w\u00e4re sie nur f\u00fcr Sie gemacht. Nehmen Sie sich Zeit f\u00fcr Anproben und achten Sie auf Bewegungsfreiheit. Ein <strong>individueller Fit<\/strong> ist wichtiger als jeder Trend und sorgt daf\u00fcr, dass Sie sich in Ihrer Jeans rundum wohlf\u00fchlen \u2013 vom ersten Fr\u00fchlingstag bis in den Sp\u00e4tsommer hinein.<\/p>\n","protected":false},"excerpt":{"rendered":"<p>Fr\u00fchlingszeit ist Jeanszeit! Wenn die M\u00e4rzsonne die ersten w\u00e4rmenden Strahlen sendet, wird es Zeit, den Kleiderschrank f\u00fcr die kommende Saison zu aktualisieren. Besonders Frauen \u00fcber 50, die einen entspannten Stil bevorzugen, fragen sich: Welche Jeans sind 2025 angesagt und vereinen Komfort mit Stil? Mode-Trends f\u00fcr Frauen entwickeln sich stetig weiter \u2013 doch einige zeitlose Schnitte &#8230; <a title=\"Ich trage jetzt nur noch diese graue Jeans im Fr\u00fchling (mein Styling-Geheimnis f\u00fcr Frauen \u00fcber 50)\" class=\"read-more\" href=\"https:\/\/www.journee-mondiale.com\/de\/ich-trage-jetzt-nur-noch-diese-graue-jeans-im-fruehling-mein-styling-geheimnis-fuer-frauen-ueber-50\/\" aria-label=\"Mehr Informationen \u00fcber Ich trage jetzt nur noch diese graue Jeans im Fr\u00fchling (mein Styling-Geheimnis f\u00fcr Frauen \u00fcber 50)\">Lire plus<\/a><\/p>\n","protected":false},"author":1,"featured_media":12605,"comment_status":"","ping_status":"","sticky":false,"template":"","format":"standard","meta":{"footnotes":""},"categories":[48],"tags":[],"class_list":["post-12606","post","type-post","status-publish","format-standard","has-post-thumbnail","hentry","category-lebensstil"],"acf":[],"_yoast_wpseo_primary_category":null,"_yoast_wpseo_title":null,"_yoast_wpseo_metadesc":null,"_links":{"self":[{"href":"https:\/\/www.journee-mondiale.com\/de\/wp-json\/wp\/v2\/posts\/12606","targetHints":{"allow":["GET"]}}],"collection":[{"href":"https:\/\/www.journee-mondiale.com\/de\/wp-json\/wp\/v2\/posts"}],"about":[{"href":"https:\/\/www.journee-mondiale.com\/de\/wp-json\/wp\/v2\/types\/post"}],"author":[{"embeddable":true,"href":"https:\/\/www.journee-mondiale.com\/de\/wp-json\/wp\/v2\/users\/1"}],"replies":[{"embeddable":true,"href":"https:\/\/www.journee-mondiale.com\/de\/wp-json\/wp\/v2\/comments?post=12606"}],"version-history":[{"count":0,"href":"https:\/\/www.journee-mondiale.com\/de\/wp-json\/wp\/v2\/posts\/12606\/revisions"}],"wp:featuredmedia":[{"embeddable":true,"href":"https:\/\/www.journee-mondiale.com\/de\/wp-json\/wp\/v2\/media\/12605"}],"wp:attachment":[{"href":"https:\/\/www.journee-mondiale.com\/de\/wp-json\/wp\/v2\/media?parent=12606"}],"wp:term":[{"taxonomy":"category","embeddable":true,"href":"https:\/\/www.journee-mondiale.com\/de\/wp-json\/wp\/v2\/categories?post=12606"},{"taxonomy":"post_tag","embeddable":true,"href":"https:\/\/www.journee-mondiale.com\/de\/wp-json\/wp\/v2\/tags?post=12606"}],"curies":[{"name":"wp","href":"https:\/\/api.w.org\/{rel}","templated":true}]}}