{"id":12604,"date":"2025-03-16T20:14:38","date_gmt":"2025-03-16T19:14:38","guid":{"rendered":"https:\/\/www.journee-mondiale.com\/de\/der-asymmetrische-pixie-cut-2025-meine-6-wochen-pflegetechnik-die-jede-friseurin-verschweigt\/"},"modified":"2025-03-16T20:14:38","modified_gmt":"2025-03-16T19:14:38","slug":"der-asymmetrische-pixie-cut-2025-meine-6-wochen-pflegetechnik-die-jede-friseurin-verschweigt","status":"publish","type":"post","link":"https:\/\/www.journee-mondiale.com\/de\/der-asymmetrische-pixie-cut-2025-meine-6-wochen-pflegetechnik-die-jede-friseurin-verschweigt\/","title":{"rendered":"Der asymmetrische Pixie Cut 2025: Meine 6-Wochen Pflegetechnik (die jede Friseurin verschweigt&#8230;)"},"content":{"rendered":"<p>Der asymmetrische Pixie Cut ist l\u00e4ngst nicht mehr nur ein mutiger Statement-Look \u2013 er ist die perfekte Balance zwischen Praktikabilit\u00e4t und pers\u00f6nlichem Stil. Besonders im Fr\u00fchling 2025 erleben wir eine Renaissance dieser ausdrucksstarken Frisur, die mit ihrer ungleichen L\u00e4ngenverteilung f\u00fcr Dynamik und Charakter sorgt. Diese Stil ist besonders vorteilhaft f\u00fcr diejenigen mit hohen Wangenknochen und kann f\u00fcr verschiedene Anl\u00e4sse glatt oder zerzaust gestylt werden. Aber wie h\u00e4lt man diesen trendigen Look frisch und definiert? <a href=\"https:\/\/www.journee-mondiale.com\/de\/category\/lebensstil\/\" target=\"_blank\">Aktuelle Lebensstil-Trends<\/a> zeigen: Mit den richtigen Pflegetipps bleibt der asymmetrische Pixie ein echter Hingucker.<\/p>\n<h2>Die Magie der regelm\u00e4\u00dfigen Nachschnitte<\/h2>\n<p>Ein <strong>asymmetrischer Pixie Cut<\/strong> lebt von seiner pr\u00e4zisen Form. &#8222;Das A und O bei dieser Frisur ist der regelm\u00e4\u00dfige Besuch beim Friseur \u2013 idealerweise alle sechs bis acht Wochen&#8220;, erkl\u00e4rt Thomas Schmidt, Meisterfriseur im Berliner Salon &#8222;Haarkunst&#8220;. &#8222;Anders als bei l\u00e4ngeren Frisuren f\u00e4llt bei einem Pixie jeder zus\u00e4tzliche Zentimeter sofort auf und kann den beabsichtigten Look komplett ver\u00e4ndern.&#8220; Dieser Rat mag banal klingen, doch meine Kundin Sophia kann davon ein Lied singen: Nach zehn Wochen ohne Nachschnitt verwandelte sich ihr kantiger Pixie in einen undefinierten Bob \u2013 ein teurer Styling-Notfall!<\/p>\n<h2>Die richtigen Produkte f\u00fcr definierte Konturen<\/h2>\n<p>F\u00fcr die t\u00e4gliche Pflege und das Styling sind die richtigen Produkte entscheidend. Wie <strong>Haarstylistin<\/strong> Claudia Berger betont: &#8222;Leichte Texturprodukte sind der Schl\u00fcssel zum Erfolg. Schwere Wachse oder Pomaden k\u00f6nnen kurzes Haar schnell platt und fettig wirken lassen.&#8220; Verwenden Sie stattdessen:<\/p>\n<ul>\n<li>Leichte Volumen-Mousses f\u00fcr F\u00fclle und Struktur<\/li>\n<li>Textursprays f\u00fcr Definition ohne Schwere<\/li>\n<li>Matte Pasten f\u00fcr kontrollierte Textur<\/li>\n<\/ul>\n<h2>Morgenroutine: In 5 Minuten zum perfekten Pixie<\/h2>\n<p>Ein gut geschnittener asymmetrischer Pixie ist wie ein treuer Freund \u2013 er steht morgens fast von selbst. F\u00fcr die perfekte <strong>Morgenroutine<\/strong> reichen oft wenige Handgriffe. F\u00f6hnen Sie Ihr frisch gewaschenes Haar gegen die Wuchsrichtung, w\u00e4hrend Sie eine kleine Rundb\u00fcrste verwenden. Arbeiten Sie anschlie\u00dfend eine erbsengro\u00dfe Menge Ihres Lieblings-Stylingprodukts ein \u2013 fertig! Diese Frisur ist wie ein ma\u00dfgeschneiderter Anzug: einmal perfekt angepasst, sitzt sie von selbst.<\/p>\n<h2>Der Fr\u00fchlings-Refresh: Farbe als Game-Changer<\/h2>\n<p>Mit dem Fr\u00fchling 2025 kommt auch die perfekte Zeit f\u00fcr einen farblichen Neuanfang. <strong>Balayage-Techniken<\/strong> und sanfte Highlights k\u00f6nnen Ihrem asymmetrischen Pixie neue Dimensionen verleihen. &#8222;Gerade jetzt im Fr\u00fchling empfehle ich meinen Kundinnen, mit warmen Karamellt\u00f6nen oder subtilen Ros\u00e9nuancen zu experimentieren&#8220;, verr\u00e4t Schmidt. &#8222;Sie bringen Licht ins Haar und betonen die verschiedenen L\u00e4ngen des Schnitts besonders effektiv.&#8220;<\/p>\n<h2>Styling-Tipps f\u00fcr verschiedene Anl\u00e4sse<\/h2>\n<p>Die Vielseitigkeit des asymmetrischen Pixies zeigt sich besonders in seinen Styling-M\u00f6glichkeiten. F\u00fcr ein elegantes Abend-Event gl\u00e4tten Sie die l\u00e4ngere Partie mit dem <strong>Gl\u00e4tteisen<\/strong> und verwenden Sie einen hochgl\u00e4nzenden Finishing-Spray. F\u00fcr einen entspannten Wochenend-Look zerzausen Sie das Haar leicht mit texturierendem Spray. <a href=\"https:\/\/www.journee-mondiale.com\/de\/\" target=\"_blank\">Welttage-Hauptseite<\/a> bietet weitere Inspirationen f\u00fcr anlassbezogene Styling-Varianten.<\/p>\n<h2>Die Kunst der Tiefenkonditionierung<\/h2>\n<p>Auch kurzes Haar ben\u00f6tigt intensive Pflege. Integrieren Sie w\u00f6chentlich eine <strong>Tiefenkonditionierung<\/strong> in Ihre Routine, um Ihr Haar mit Feuchtigkeit zu versorgen und geschmeidig zu halten. Dies hilft, die Vitalit\u00e4t und Gesundheit Ihres Pixie Cuts zu erhalten. <a href=\"https:\/\/www.journee-mondiale.com\/de\/category\/lebensstil\/\" target=\"_blank\">Haarpflegetipps und Trends<\/a> empfehlen, dies besonders im Fr\u00fchjahr nach den trockenen Wintermonaten nicht zu vernachl\u00e4ssigen.<\/p>\n<h2>Accessoires als Style-Booster<\/h2>\n<p>Kopfb\u00e4nder, filigrane Haarspangen oder Statement-Ohrringe \u2013 <strong>Accessoires<\/strong> k\u00f6nnen Ihren Pixie Cut komplett transformieren. &#8222;Accessoires sind wie das Sahneh\u00e4ubchen auf dem Kuchen&#8220;, schw\u00e4rmt Berger. &#8222;Sie lenken den Blick genau dorthin, wo die asymmetrische Struktur am interessantesten ist.&#8220; Die richtigen Accessoires k\u00f6nnen einen einfachen Pixie Cut in ein schickes, Aussage machendes Ensemble verwandeln. <a href=\"https:\/\/www.journee-mondiale.com\/de\/category\/reisen\/\" target=\"_blank\">Reisefrisuren und internationale Trends<\/a> zeigen vielf\u00e4ltige Styling-Ideen.<\/p>\n<h2>Ist der asymmetrische Pixie auch f\u00fcr Sie geeignet?<\/h2>\n<p>Ein asymmetrischer Pixie ist mehr als nur ein Haarschnitt \u2013 er ist eine Lebenseinstellung. Er verk\u00f6rpert Selbstbewusstsein und Individualit\u00e4t. Indem Sie diese Tipps und Tricks befolgen, k\u00f6nnen Sie Ihren Haarschnitt scharf und definiert halten und gleichzeitig die Vielseitigkeit und das Selbstvertrauen genie\u00dfen, die mit diesem mutigen und modernen Look einhergehen. <a href=\"https:\/\/www.journee-mondiale.com\/de\/\" target=\"_blank\">Weitere Haarschnitt-Inspirationen<\/a> k\u00f6nnten genau der Ansto\u00df sein, den Sie f\u00fcr Ihren n\u00e4chsten Styling-Schritt brauchen!<\/p>\n","protected":false},"excerpt":{"rendered":"<p>Der asymmetrische Pixie Cut ist l\u00e4ngst nicht mehr nur ein mutiger Statement-Look \u2013 er ist die perfekte Balance zwischen Praktikabilit\u00e4t und pers\u00f6nlichem Stil. Besonders im Fr\u00fchling 2025 erleben wir eine Renaissance dieser ausdrucksstarken Frisur, die mit ihrer ungleichen L\u00e4ngenverteilung f\u00fcr Dynamik und Charakter sorgt. Diese Stil ist besonders vorteilhaft f\u00fcr diejenigen mit hohen Wangenknochen und &#8230; <a title=\"Der asymmetrische Pixie Cut 2025: Meine 6-Wochen Pflegetechnik (die jede Friseurin verschweigt&#8230;)\" class=\"read-more\" href=\"https:\/\/www.journee-mondiale.com\/de\/der-asymmetrische-pixie-cut-2025-meine-6-wochen-pflegetechnik-die-jede-friseurin-verschweigt\/\" aria-label=\"Mehr Informationen \u00fcber Der asymmetrische Pixie Cut 2025: Meine 6-Wochen Pflegetechnik (die jede Friseurin verschweigt&#8230;)\">Lire plus<\/a><\/p>\n","protected":false},"author":1,"featured_media":12603,"comment_status":"","ping_status":"","sticky":false,"template":"","format":"standard","meta":{"footnotes":""},"categories":[48],"tags":[],"class_list":["post-12604","post","type-post","status-publish","format-standard","has-post-thumbnail","hentry","category-lebensstil"],"acf":[],"_yoast_wpseo_primary_category":null,"_yoast_wpseo_title":null,"_yoast_wpseo_metadesc":null,"_links":{"self":[{"href":"https:\/\/www.journee-mondiale.com\/de\/wp-json\/wp\/v2\/posts\/12604","targetHints":{"allow":["GET"]}}],"collection":[{"href":"https:\/\/www.journee-mondiale.com\/de\/wp-json\/wp\/v2\/posts"}],"about":[{"href":"https:\/\/www.journee-mondiale.com\/de\/wp-json\/wp\/v2\/types\/post"}],"author":[{"embeddable":true,"href":"https:\/\/www.journee-mondiale.com\/de\/wp-json\/wp\/v2\/users\/1"}],"replies":[{"embeddable":true,"href":"https:\/\/www.journee-mondiale.com\/de\/wp-json\/wp\/v2\/comments?post=12604"}],"version-history":[{"count":0,"href":"https:\/\/www.journee-mondiale.com\/de\/wp-json\/wp\/v2\/posts\/12604\/revisions"}],"wp:featuredmedia":[{"embeddable":true,"href":"https:\/\/www.journee-mondiale.com\/de\/wp-json\/wp\/v2\/media\/12603"}],"wp:attachment":[{"href":"https:\/\/www.journee-mondiale.com\/de\/wp-json\/wp\/v2\/media?parent=12604"}],"wp:term":[{"taxonomy":"category","embeddable":true,"href":"https:\/\/www.journee-mondiale.com\/de\/wp-json\/wp\/v2\/categories?post=12604"},{"taxonomy":"post_tag","embeddable":true,"href":"https:\/\/www.journee-mondiale.com\/de\/wp-json\/wp\/v2\/tags?post=12604"}],"curies":[{"name":"wp","href":"https:\/\/api.w.org\/{rel}","templated":true}]}}