{"id":12600,"date":"2025-03-16T16:08:49","date_gmt":"2025-03-16T15:08:49","guid":{"rendered":"https:\/\/www.journee-mondiale.com\/de\/dieser-versteckte-bergsee-auf-1-326-metern-hoehe-ist-frankreichs-groesstes-hecht-paradies-mit-strengem-fangen-und-freilassen-gesetz-das-seit-jahrzehnten-gilt\/"},"modified":"2025-03-16T16:08:49","modified_gmt":"2025-03-16T15:08:49","slug":"dieser-versteckte-bergsee-auf-1-326-metern-hoehe-ist-frankreichs-groesstes-hecht-paradies-mit-strengem-fangen-und-freilassen-gesetz-das-seit-jahrzehnten-gilt","status":"publish","type":"post","link":"https:\/\/www.journee-mondiale.com\/de\/dieser-versteckte-bergsee-auf-1-326-metern-hoehe-ist-frankreichs-groesstes-hecht-paradies-mit-strengem-fangen-und-freilassen-gesetz-das-seit-jahrzehnten-gilt\/","title":{"rendered":"Dieser versteckte Bergsee auf 1.326 Metern H\u00f6he ist Frankreichs gr\u00f6\u00dftes Hecht-Paradies (mit strengem &#8222;Fangen und Freilassen&#8220;-Gesetz, das seit Jahrzehnten gilt)"},"content":{"rendered":"<h2>Lac de Charpal: Frankreichs gr\u00f6\u00dfter &#8222;No-Kill&#8220;-See versteckt auf 1.326 Metern H\u00f6he<\/h2>\n<p>Im Herzen des franz\u00f6sischen Massif Central, auf einem Hochplateau im unber\u00fchrten D\u00e9partement Loz\u00e8re, liegt ein verborgenes Naturjuwel: der Lac de Charpal. &#8222;Bei Sonnenaufgang, wenn der Nebel \u00fcber dem Wasser tanzt, f\u00fchlt sich dieser Ort an wie ein St\u00fcck Kanada mitten in Frankreich,&#8220; schw\u00e4rmt Jean-Michel Brun, ein lokaler Angelf\u00fchrer, der seit 30 Jahren die Gew\u00e4sser des Sees kennt. Mit seinen 190 Hektar Fl\u00e4che hat sich der auf 1.326 Metern H\u00f6he gelegene Stausee einen besonderen Ruf erarbeitet: Er ist Frankreichs gr\u00f6\u00dfter &#8222;No-Kill&#8220;-See f\u00fcr Hechte.<\/p>\n<h2>Ein Paradies f\u00fcr ethische Angler und Naturfreunde<\/h2>\n<p>Die Philosophie am Lac de Charpal ist einfach: Fangen, bewundern, freilassen. &#8222;Unsere gr\u00f6\u00dften Hechte sind wie alte Freunde, manche kennen wir seit Jahren&#8220;, erkl\u00e4rt Brun mit einem Schmunzeln. Der See beheimatet kapitale Exemplare, die man von Mai bis Dezember beangeln kann \u2013 stets mit der Verpflichtung, die majest\u00e4tischen Raubfische wieder freizulassen. <a href=\"https:\/\/www.journee-mondiale.com\/de\/dieser-tuerkisblaue-bergsee-ist-frankreichs-kleinkanada-nur-45-stunden-von-deutschland-entfernt-mit-304-km%c2%b2-unberuehrter-wildnis-und-120-meter-hechten\/\" target=\"_blank\">Franz\u00f6sische Bergseen f\u00fcr Angler<\/a> haben selten eine solche Kombination aus Natursch\u00f6nheit und nachhaltigem Fischereikonzept zu bieten.<\/p>\n<h2>Moorlandschaften und kristallklare Luft auf 1.326 Metern<\/h2>\n<p>Der 8,7 Kilometer lange Rundweg um den See f\u00fchrt durch eine faszinierende Moorlandschaft, die zu den besterhaltenen Feuchtgebieten Europas z\u00e4hlt. Die Hochebene &#8222;Plateau du Palais du Roi&#8220; bietet neben dem See selbst eine ungew\u00f6hnliche Flora mit seltenen Pflanzenarten. &#8222;Hier atmet man die reinste Luft Frankreichs&#8220;, versichert Marie Dubois, Biologin und Naturf\u00fchrerin. <a href=\"https:\/\/www.journee-mondiale.com\/de\/diese-region-in-frankreich-ist-der-letzte-wilde-fluss-europas-mit-versteckten-hoehlenwohnungen-die-seit-400-jahren-bewohnt-sind\/\" target=\"_blank\">Naturlandschaften Frankreichs<\/a> zeigen sich hier von ihrer urspr\u00fcnglichsten Seite.<\/p>\n<h2>Ein See mit Geschichte und Charakter<\/h2>\n<p>Der k\u00fcnstlich angelegte Stausee wurde in den 1960er Jahren zur Trinkwasserversorgung der Region geschaffen. Eine lokale Legende besagt, dass unter dem Wasser die \u00dcberreste eines alten Pilgerpfades liegen, der einst Reisende sicher durch die wilden Moorlandschaften f\u00fchrte. Bei extremem Niedrigwasser sollen manchmal die Umrisse dieses vergessenen Weges sichtbar werden.<\/p>\n<h2>Kulinarische H\u00f6hepunkte der Loz\u00e8re<\/h2>\n<p>Nach einem Tag am See lockt die regionale K\u00fcche mit deftigen K\u00f6stlichkeiten. Im nahen Mende sollte man unbedingt das ber\u00fchmte Aligot probieren \u2013 ein cremiges Kartoffelp\u00fcree mit Tomme-K\u00e4se, das wie fl\u00fcssiges Gold vom L\u00f6ffel flie\u00dft. &#8222;Das perfekte Aligot zieht F\u00e4den von mindestens einem Meter L\u00e4nge&#8220;, erkl\u00e4rt K\u00fcchenchef Pierre Laurent vom Restaurant &#8222;Le R\u00e9gal Loz\u00e9rien&#8220; mit Stolz.<\/p>\n<h2>Praktische Informationen f\u00fcr deutsche Besucher<\/h2>\n<p>Die Anreise erfolgt am besten mit dem Auto \u00fcber Lyon oder Clermont-Ferrand. Planen Sie mindestens 8-9 Stunden Fahrzeit aus Deutschland ein. Vor Ort empfehlen sich Unterk\u00fcnfte in Mende oder eines der charmanten G\u00eetes in den umliegenden D\u00f6rfern. <a href=\"https:\/\/www.journee-mondiale.com\/de\/diese-versteckten-wasserfaelle-im-franzoesischen-suedwesten-sind-europas-letztes-unberuehrtes-naturparadies-15-meter-fallhoehe-und-mystisches-rauschen-im-wald\/\" target=\"_blank\">Wasserf\u00e4lle von Aveyron<\/a> sind eine weitere Sehensw\u00fcrdigkeit, die sich w\u00e4hrend eines verl\u00e4ngerten Aufenthalts in der Region lohnt.<\/p>\n<h2>Die beste Zeit f\u00fcr einen Besuch<\/h2>\n<p>Die Sommermonate Juli und August bieten angenehme Temperaturen um die 25\u00b0C \u2013 ideal, um die Natur zu genie\u00dfen. F\u00fcr Angler ist die Herbstsaison von September bis November besonders reizvoll, wenn die Hechte aktiver werden und die W\u00e4lder in leuchtenden Farben erstrahlen. &#8222;Im Morgengrauen des Herbstes, wenn der See dampft, erlebt man magische Momente&#8220;, schw\u00e4rmt Fischer Brun.<\/p>\n<h2>Ein St\u00fcck unentdecktes Frankreich<\/h2>\n<p>Der Lac de Charpal verk\u00f6rpert jenes authentische Frankreich, das viele deutsche Urlauber suchen: keine Touristenmassen, keine Souvenirshops, nur unverf\u00e4lschte Natur und echte Begegnungen. <a href=\"https:\/\/www.journee-mondiale.com\/de\/dieses-naturparadies-zwischen-frankreichs-lagunen-lockt-deutsche-entdecker-mit-350-vogelarten-und-versteckten-mittelalter-schaetzen\/\" target=\"_blank\">Naturparadiese f\u00fcr deutsche Entdecker<\/a> wie dieser See bieten eine willkommene Alternative zu \u00fcberlaufenen K\u00fcstenregionen. Mit seinem kristallklaren Wasser, der frischen Bergluft und der mystischen Moorlandschaft ist der Lac de Charpal ein Ort, an dem die Zeit stillzustehen scheint.<\/p>\n","protected":false},"excerpt":{"rendered":"<p>Lac de Charpal: Frankreichs gr\u00f6\u00dfter &#8222;No-Kill&#8220;-See versteckt auf 1.326 Metern H\u00f6he Im Herzen des franz\u00f6sischen Massif Central, auf einem Hochplateau im unber\u00fchrten D\u00e9partement Loz\u00e8re, liegt ein verborgenes Naturjuwel: der Lac de Charpal. &#8222;Bei Sonnenaufgang, wenn der Nebel \u00fcber dem Wasser tanzt, f\u00fchlt sich dieser Ort an wie ein St\u00fcck Kanada mitten in Frankreich,&#8220; schw\u00e4rmt Jean-Michel &#8230; <a title=\"Dieser versteckte Bergsee auf 1.326 Metern H\u00f6he ist Frankreichs gr\u00f6\u00dftes Hecht-Paradies (mit strengem &#8222;Fangen und Freilassen&#8220;-Gesetz, das seit Jahrzehnten gilt)\" class=\"read-more\" href=\"https:\/\/www.journee-mondiale.com\/de\/dieser-versteckte-bergsee-auf-1-326-metern-hoehe-ist-frankreichs-groesstes-hecht-paradies-mit-strengem-fangen-und-freilassen-gesetz-das-seit-jahrzehnten-gilt\/\" aria-label=\"Mehr Informationen \u00fcber Dieser versteckte Bergsee auf 1.326 Metern H\u00f6he ist Frankreichs gr\u00f6\u00dftes Hecht-Paradies (mit strengem &#8222;Fangen und Freilassen&#8220;-Gesetz, das seit Jahrzehnten gilt)\">Lire plus<\/a><\/p>\n","protected":false},"author":1,"featured_media":12599,"comment_status":"","ping_status":"","sticky":false,"template":"","format":"standard","meta":{"footnotes":""},"categories":[49],"tags":[],"class_list":["post-12600","post","type-post","status-publish","format-standard","has-post-thumbnail","hentry","category-reisen"],"acf":[],"_yoast_wpseo_primary_category":null,"_yoast_wpseo_title":null,"_yoast_wpseo_metadesc":null,"_links":{"self":[{"href":"https:\/\/www.journee-mondiale.com\/de\/wp-json\/wp\/v2\/posts\/12600","targetHints":{"allow":["GET"]}}],"collection":[{"href":"https:\/\/www.journee-mondiale.com\/de\/wp-json\/wp\/v2\/posts"}],"about":[{"href":"https:\/\/www.journee-mondiale.com\/de\/wp-json\/wp\/v2\/types\/post"}],"author":[{"embeddable":true,"href":"https:\/\/www.journee-mondiale.com\/de\/wp-json\/wp\/v2\/users\/1"}],"replies":[{"embeddable":true,"href":"https:\/\/www.journee-mondiale.com\/de\/wp-json\/wp\/v2\/comments?post=12600"}],"version-history":[{"count":0,"href":"https:\/\/www.journee-mondiale.com\/de\/wp-json\/wp\/v2\/posts\/12600\/revisions"}],"wp:featuredmedia":[{"embeddable":true,"href":"https:\/\/www.journee-mondiale.com\/de\/wp-json\/wp\/v2\/media\/12599"}],"wp:attachment":[{"href":"https:\/\/www.journee-mondiale.com\/de\/wp-json\/wp\/v2\/media?parent=12600"}],"wp:term":[{"taxonomy":"category","embeddable":true,"href":"https:\/\/www.journee-mondiale.com\/de\/wp-json\/wp\/v2\/categories?post=12600"},{"taxonomy":"post_tag","embeddable":true,"href":"https:\/\/www.journee-mondiale.com\/de\/wp-json\/wp\/v2\/tags?post=12600"}],"curies":[{"name":"wp","href":"https:\/\/api.w.org\/{rel}","templated":true}]}}