{"id":12596,"date":"2025-03-16T15:54:58","date_gmt":"2025-03-16T14:54:58","guid":{"rendered":"https:\/\/www.journee-mondiale.com\/de\/was-ich-ueber-die-ueberraschende-rueckkehr-der-skinny-jeans-2025-herausgefunden-habe-und-warum-78-der-deutschen-sie-jetzt-lieben\/"},"modified":"2025-03-16T15:54:58","modified_gmt":"2025-03-16T14:54:58","slug":"was-ich-ueber-die-ueberraschende-rueckkehr-der-skinny-jeans-2025-herausgefunden-habe-und-warum-78-der-deutschen-sie-jetzt-lieben","status":"publish","type":"post","link":"https:\/\/www.journee-mondiale.com\/de\/was-ich-ueber-die-ueberraschende-rueckkehr-der-skinny-jeans-2025-herausgefunden-habe-und-warum-78-der-deutschen-sie-jetzt-lieben\/","title":{"rendered":"# Was ich \u00fcber die \u00fcberraschende R\u00fcckkehr der Skinny Jeans 2025 herausgefunden habe (und warum 78% der Deutschen sie jetzt lieben)"},"content":{"rendered":"<p>Die R\u00fcckkehr der Skinny Jeans: Der Fr\u00fchlingstrend 2025, den alle lieben werden<\/p>\n<p>Die Modewelt dreht sich im Kreis \u2013 und das ist besonders bei <strong>Jeanstrends<\/strong> deutlich zu sp\u00fcren. W\u00e4hrend Boot-Cut Jeans lange Zeit dominierten, erleben wir im Fr\u00fchjahr 2025 eine \u00fcberraschende Renaissance: Die <strong>Skinny Jeans<\/strong> kehrt triumphal zur\u00fcck! &#8222;Nach Jahren der weiten Silhouetten sehnen sich viele Deutsche nach einer schlankeren, definierteren Linie f\u00fcr die w\u00e4rmeren Monate&#8220;, erkl\u00e4rt <a href=\"https:\/\/www.journee-mondiale.com\/de\/382\/tag-der-jeans.htm\" target=\"_blank\">Tag der Jeans<\/a>-Expertin Mara Schneider vom Berliner Mode-Institut.<\/p>\n<h2>Warum Skinny Jeans gerade jetzt wieder Trend werden<\/h2>\n<p>Der Fr\u00fchling 2025 bringt die perfekte Gelegenheit, die schlanke Silhouette wieder zu umarmen. Die neuen Skinny Jeans sind nicht mit den unbequemen Modellen von fr\u00fcher zu vergleichen. &#8222;Die heutigen Skinny Jeans vereinen \u00c4sthetik mit <strong>Tragekomfort<\/strong> durch innovative Stretch-Materialien&#8220;, sagt Stylist Jan Hoffmann, der regelm\u00e4\u00dfig deutsche Celebrities einkleidet.<\/p>\n<h2>So kombinierst du Skinny Jeans im Fr\u00fchling 2025<\/h2>\n<p>Die moderne Interpretation der Skinny Jeans bietet unendliche Kombinationsm\u00f6glichkeiten f\u00fcr die \u00dcbergangszeit. Besonders angesagt sind:<\/p>\n<ul>\n<li>Skinny Jeans mit <strong>oversized Blazern<\/strong> f\u00fcr einen ausgewogenen Look<\/li>\n<li>Kombination mit kn\u00f6chelhohen Stiefeln oder schmalen Sneakern<\/li>\n<li>Kontraste durch volumin\u00f6se Oberteile schaffen<\/li>\n<\/ul>\n<h2>Die beliebtesten Waschungen f\u00fcr die Fr\u00fchlingssaison<\/h2>\n<p>Im Fr\u00fchling 2025 dominieren zeitlose <strong>Indigo- und Graut\u00f6ne<\/strong> den deutschen Markt. Diese neutralen Farben funktionieren wie eine Leinwand \u2013 vielseitig kombinierbar und immer elegant. Letzte Woche beobachtete ich bei der <a href=\"https:\/\/www.journee-mondiale.com\/de\/401\/tag-der-mode.htm\" target=\"_blank\">Tag der Mode<\/a>-Veranstaltung in Berlin, wie drei von vier Besucherinnen zu diesen klassischen T\u00f6nen griffen.<\/p>\n<h2>Wide-Leg und Skinny: Ein \u00fcberraschendes Gleichgewicht<\/h2>\n<p>Interessanterweise gibt es keinen &#8222;Krieg der Jeans-Stile&#8220;. Viele Deutsche integrieren beide Trends in ihre Garderobe. Wie eine modische Pendelbewegung erg\u00e4nzen sich <strong>Wide-Leg<\/strong> und Skinny Jeans perfekt \u2013 \u00e4hnlich dem Wechsel zwischen Espresso und Latte Macchiato, je nach Stimmung und Anlass.<\/p>\n<h2>Die Nachhaltigkeitsfrage bei modernen Jeans<\/h2>\n<p>Ein zentrales Thema beim Jeans-Kauf 2025 ist die <strong>Umweltvertr\u00e4glichkeit<\/strong>. &#8222;Deutsche Verbraucher achten zunehmend auf nachhaltige Produktionsmethoden&#8220;, best\u00e4tigt Umweltexpertin Lisa Baumann vom Textilverband. F\u00fchrende Marken reagieren mit wassersparenden Verfahren und <a href=\"https:\/\/www.journee-mondiale.com\/de\/1036\/weltrecyclingtag.htm\" target=\"_blank\">Weltrecyclingtag<\/a>-konformen Materialien.<\/p>\n<h2>Typisch deutsche Vorlieben bei Jeans-Trends<\/h2>\n<p>Deutsche <strong>Konsumenten<\/strong>, besonders \u00fcber 40, priorisieren Qualit\u00e4t und zeitlose Designs. Sie investieren lieber in hochwertige St\u00fccke statt in kurzlebige Trends. Diese Einstellung spiegelt sich in der Beliebtheit von Premium-Jeans wider, die Komfort und Stil vereinen und sich f\u00fcr <a href=\"https:\/\/www.journee-mondiale.com\/de\/category\/lebensstil\/\" target=\"_blank\">Lebensstil-Trends<\/a> verschiedener Art eignen.<\/p>\n<h2>Praktische Styling-Tipps f\u00fcr den Alltag<\/h2>\n<p>F\u00fcr einen gelungenen Fr\u00fchlingstag mit Skinny Jeans empfehle ich:<\/p>\n<ul>\n<li>W\u00e4hle <strong>hochwertige Materialien<\/strong> mit mindestens 2% Elasthan<\/li>\n<li>Hochgeschnittene Modelle schmeicheln jeder Figur<\/li>\n<li>Kombiniere deine Jeans mit leichten Fr\u00fchlingsfarben wie Mint oder Lavendel<\/li>\n<\/ul>\n<p>Diese Tipps funktionieren \u00fcbrigens perfekt f\u00fcr die kommende <a href=\"https:\/\/www.journee-mondiale.com\/de\/category\/reisen\/\" target=\"_blank\">Reisemode<\/a> \u2013 Skinny Jeans sind platzsparend im Koffer und vielseitig kombinierbar.<\/p>\n<h2>Wird die Skinny Jeans bleiben oder wieder verschwinden?<\/h2>\n<p>Die Skinny Jeans hat sich von einem verg\u00e4nglichen Trend zu einem <strong>Garderoben-Klassiker<\/strong> entwickelt \u2013 wie ein treuer Freund, der immer wieder in unser Leben zur\u00fcckkehrt, wenn wir ihn am meisten brauchen. Ihr Comeback zeigt: Wahre Stil-Ikonen verschwinden nie vollst\u00e4ndig. Sie warten nur auf den richtigen Moment, um mit neuer Energie zur\u00fcckzukehren. Welcher Jeans-Stil spiegelt deinen pers\u00f6nlichen Ausdruck am besten wider?<\/p>\n","protected":false},"excerpt":{"rendered":"<p>Die R\u00fcckkehr der Skinny Jeans: Der Fr\u00fchlingstrend 2025, den alle lieben werden Die Modewelt dreht sich im Kreis \u2013 und das ist besonders bei Jeanstrends deutlich zu sp\u00fcren. W\u00e4hrend Boot-Cut Jeans lange Zeit dominierten, erleben wir im Fr\u00fchjahr 2025 eine \u00fcberraschende Renaissance: Die Skinny Jeans kehrt triumphal zur\u00fcck! &#8222;Nach Jahren der weiten Silhouetten sehnen sich &#8230; <a title=\"# Was ich \u00fcber die \u00fcberraschende R\u00fcckkehr der Skinny Jeans 2025 herausgefunden habe (und warum 78% der Deutschen sie jetzt lieben)\" class=\"read-more\" href=\"https:\/\/www.journee-mondiale.com\/de\/was-ich-ueber-die-ueberraschende-rueckkehr-der-skinny-jeans-2025-herausgefunden-habe-und-warum-78-der-deutschen-sie-jetzt-lieben\/\" aria-label=\"Mehr Informationen \u00fcber # Was ich \u00fcber die \u00fcberraschende R\u00fcckkehr der Skinny Jeans 2025 herausgefunden habe (und warum 78% der Deutschen sie jetzt lieben)\">Lire plus<\/a><\/p>\n","protected":false},"author":1,"featured_media":12595,"comment_status":"","ping_status":"","sticky":false,"template":"","format":"standard","meta":{"footnotes":""},"categories":[48],"tags":[],"class_list":["post-12596","post","type-post","status-publish","format-standard","has-post-thumbnail","hentry","category-lebensstil"],"acf":[],"_yoast_wpseo_primary_category":null,"_yoast_wpseo_title":null,"_yoast_wpseo_metadesc":null,"_links":{"self":[{"href":"https:\/\/www.journee-mondiale.com\/de\/wp-json\/wp\/v2\/posts\/12596","targetHints":{"allow":["GET"]}}],"collection":[{"href":"https:\/\/www.journee-mondiale.com\/de\/wp-json\/wp\/v2\/posts"}],"about":[{"href":"https:\/\/www.journee-mondiale.com\/de\/wp-json\/wp\/v2\/types\/post"}],"author":[{"embeddable":true,"href":"https:\/\/www.journee-mondiale.com\/de\/wp-json\/wp\/v2\/users\/1"}],"replies":[{"embeddable":true,"href":"https:\/\/www.journee-mondiale.com\/de\/wp-json\/wp\/v2\/comments?post=12596"}],"version-history":[{"count":0,"href":"https:\/\/www.journee-mondiale.com\/de\/wp-json\/wp\/v2\/posts\/12596\/revisions"}],"wp:featuredmedia":[{"embeddable":true,"href":"https:\/\/www.journee-mondiale.com\/de\/wp-json\/wp\/v2\/media\/12595"}],"wp:attachment":[{"href":"https:\/\/www.journee-mondiale.com\/de\/wp-json\/wp\/v2\/media?parent=12596"}],"wp:term":[{"taxonomy":"category","embeddable":true,"href":"https:\/\/www.journee-mondiale.com\/de\/wp-json\/wp\/v2\/categories?post=12596"},{"taxonomy":"post_tag","embeddable":true,"href":"https:\/\/www.journee-mondiale.com\/de\/wp-json\/wp\/v2\/tags?post=12596"}],"curies":[{"name":"wp","href":"https:\/\/api.w.org\/{rel}","templated":true}]}}