{"id":12592,"date":"2025-03-16T11:55:01","date_gmt":"2025-03-16T10:55:01","guid":{"rendered":"https:\/\/www.journee-mondiale.com\/de\/warum-ich-den-minimalistischen-french-bob-endlich-zum-perfekten-fruehlingsschnitt-2025-erklaert-habe\/"},"modified":"2025-03-16T11:55:01","modified_gmt":"2025-03-16T10:55:01","slug":"warum-ich-den-minimalistischen-french-bob-endlich-zum-perfekten-fruehlingsschnitt-2025-erklaert-habe","status":"publish","type":"post","link":"https:\/\/www.journee-mondiale.com\/de\/warum-ich-den-minimalistischen-french-bob-endlich-zum-perfekten-fruehlingsschnitt-2025-erklaert-habe\/","title":{"rendered":"Warum ich den minimalistischen French Bob (endlich) zum perfekten Fr\u00fchlingsschnitt 2025 erkl\u00e4rt habe"},"content":{"rendered":"<p>Mit dem Fr\u00fchling 2025 erwacht nicht nur die Natur zu neuem Leben \u2013 auch unsere Frisuren sehnen sich nach frischem Wind! Der <strong>minimalistische French Bob<\/strong> erobert aktuell die Herzen modebewusster Frauen in Deutschland. Diese klare, schn\u00f6rkellose Interpretation des klassischen franz\u00f6sischen Bobs besticht durch saubere Linien ohne Stufen und verk\u00f6rpert die Essenz franz\u00f6sischer Eleganz.<\/p>\n<h2>Pariser Chic f\u00fcr den deutschen Fr\u00fchling<\/h2>\n<p>Der <strong>French Bob<\/strong> ist mehr als nur ein Haarschnitt \u2013 er ist eine Lebenseinstellung. &#8222;Ein minimalistischer French Bob ist wie guter Espresso: konzentriert, ohne Schnickschnack und mit perfekter Wirkung&#8220;, erkl\u00e4rt <strong>Thomas Weber<\/strong>, Creative Director des Berliner Salons &#8222;Coup de Coeur&#8220;. Besonders im Fr\u00fchling 2025 passt diese unkomplizierte Eleganz perfekt zum Zeitgeist von Nachhaltigkeit und bewusstem Konsum. Entdecken Sie mehr zu diesem und anderen <a href=\"https:\/\/www.journee-mondiale.com\/de\/category\/lebensstil\/\" target=\"_blank\">Lebensstil-Trends<\/a> f\u00fcr die kommenden Monate.<\/p>\n<h2>Die Geschichte einer Rebellion<\/h2>\n<p>Die Wurzeln des French Bob reichen bis in die 1920er Jahre zur\u00fcck, als Coco Chanel mit dem radikalen Kurzhaarschnitt f\u00fcr Frauen eine Revolution entfachte. &#8222;Der French Bob war damals ein Statement f\u00fcr Freiheit und Selbstbestimmung \u2013 heute steht er f\u00fcr Selbstbewusstsein und Stilsicherheit&#8220;, betont <strong>Frieda Schwarz<\/strong>, Friseurmeisterin aus M\u00fcnchen. Die faszinierende <a href=\"https:\/\/www.journee-mondiale.com\/de\/geschichte-der-welttage\/\" target=\"_blank\">Mode-Geschichte und Trends<\/a> zeigen, wie zeitlose Klassiker immer wieder neu interpretiert werden.<\/p>\n<h2>Wem steht der minimalistische French Bob?<\/h2>\n<p>Die gute Nachricht: Diese Frisur ist vielseitiger, als man denkt! Besonders schmeichelhaft wirkt der <strong>Kinnl\u00e4ngenschnitt<\/strong> bei:<\/p>\n<ul>\n<li>Ovalen und herzf\u00f6rmigen Gesichtern<\/li>\n<li>Feinem bis mittlerem Haar<\/li>\n<li>Frauen, die Wert auf unkompliziertes Styling legen<\/li>\n<\/ul>\n<h2>Fr\u00fchlingsfrisch interpretiert<\/h2>\n<p>Im Fr\u00fchjahr 2025 sehen wir den minimalistischen French Bob oft mit einer softere Kante als in seiner klassischen Form. Die <strong>Texturierung<\/strong> erfolgt nicht durch Stufen, sondern durch spezielle Schnitttechniken, die Bewegung erzeugen, ohne die klare Linie zu st\u00f6ren. Dieses Detail macht den Unterschied zwischen &#8222;einfach nur kurz&#8220; und &#8222;raffiniert minimalistisch&#8220; \u2013 wie der Unterschied zwischen einem Skizzenblatt und einer meisterhaften Zeichnung mit wenigen, pr\u00e4zisen Strichen.<\/p>\n<h2>Das perfekte Styling f\u00fcr den Alltag<\/h2>\n<p>Der minimalistische French Bob ist wie ein hochwertiges Basicshirt \u2013 mit den richtigen Accessoires wirkt er immer passend. Folgende <strong>Styling-Hacks<\/strong> helfen im deutschen Fr\u00fchlingswetter:<\/p>\n<ul>\n<li>Verwenden Sie <strong>Trockenshampoo<\/strong> an den Wurzeln f\u00fcr extra Volumen<\/li>\n<li>Ein leichtes Salzspray verleiht nat\u00fcrliche Textur<\/li>\n<li>F\u00f6hnen Sie mit einer runden B\u00fcrste f\u00fcr eine sanfte Einw\u00e4rtsbewegung an den Spitzen<\/li>\n<\/ul>\n<h2>Franz\u00f6sische Eleganz trifft deutschen Pragmatismus<\/h2>\n<p>W\u00e4hrend in Paris der French Bob oft mit dramatischem Pony getragen wird, bevorzugen deutsche Frauen h\u00e4ufig eine praktischere Variante. &#8222;Meine deutschen Kundinnen lieben den <strong>seitlich gescheitelten Bob<\/strong> ohne Pony oder mit l\u00e4ngerem, seitlichem Pony \u2013 er ist vielseitiger zu stylen und w\u00e4chst gleichm\u00e4\u00dfiger heraus&#8220;, verr\u00e4t Berliner Stylist <strong>Marc Jansen<\/strong>. Entdecken Sie die neuesten <a href=\"https:\/\/www.journee-mondiale.com\/de\/category\/reisen\/\" target=\"_blank\">Internationale Modetrends<\/a> und ihre deutschen Interpretationen.<\/p>\n<h2>Der Pflegeleichte Allesk\u00f6nner<\/h2>\n<p>Das Beste am minimalistischen French Bob? Seine Pflegeleichtigkeit! Ein pr\u00e4ziser Schnitt alle sechs bis acht Wochen gen\u00fcgt, um die <strong>klare Silhouette<\/strong> zu erhalten. Im Alltag trocknet er schnell, l\u00e4sst sich m\u00fchelos stylen und sieht selbst beim Aufwachen noch strukturiert aus \u2013 wie ein gut geschnittenes Kleidungsst\u00fcck, das nie knittert. Bleiben Sie \u00fcber weitere <a href=\"https:\/\/www.journee-mondiale.com\/de\/\" target=\"_blank\">Aktuelle Trends<\/a> informiert.<\/p>\n<h2>Ihr Weg zum perfekten French Bob<\/h2>\n<p>Nehmen Sie ein Referenzbild mit zum Friseur, idealerweise von jemandem mit \u00e4hnlicher Haarstruktur. Besprechen Sie Ihre <strong>Styling-Routine<\/strong> und lassen Sie sich zeigen, wie Sie den Look zu Hause reproduzieren k\u00f6nnen. F\u00fcr kontinuierliche Beauty-Inspiration abonnieren Sie unseren <a href=\"https:\/\/www.journee-mondiale.com\/de\/feed\/\" target=\"_blank\">Beauty-Newsletter<\/a> mit w\u00f6chentlichen Tipps von Experten.<\/p>\n<h2>Wie w\u00e4re es mit einer franz\u00f6sischen Verwandlung?<\/h2>\n<p>Der minimalistische French Bob ist mehr als eine Frisur \u2013 er ist eine Einladung, das Leben mit franz\u00f6sischer Gelassenheit zu betrachten. Er erinnert uns daran, dass wahre Eleganz nicht in Komplexit\u00e4t, sondern in bewusster Reduktion liegt. Trauen Sie sich, den Schritt zu wagen \u2013 manchmal liegt die gr\u00f6\u00dfte Ver\u00e4nderung in der kleinsten Geste.<\/p>\n","protected":false},"excerpt":{"rendered":"<p>Mit dem Fr\u00fchling 2025 erwacht nicht nur die Natur zu neuem Leben \u2013 auch unsere Frisuren sehnen sich nach frischem Wind! Der minimalistische French Bob erobert aktuell die Herzen modebewusster Frauen in Deutschland. Diese klare, schn\u00f6rkellose Interpretation des klassischen franz\u00f6sischen Bobs besticht durch saubere Linien ohne Stufen und verk\u00f6rpert die Essenz franz\u00f6sischer Eleganz. Pariser Chic &#8230; <a title=\"Warum ich den minimalistischen French Bob (endlich) zum perfekten Fr\u00fchlingsschnitt 2025 erkl\u00e4rt habe\" class=\"read-more\" href=\"https:\/\/www.journee-mondiale.com\/de\/warum-ich-den-minimalistischen-french-bob-endlich-zum-perfekten-fruehlingsschnitt-2025-erklaert-habe\/\" aria-label=\"Mehr Informationen \u00fcber Warum ich den minimalistischen French Bob (endlich) zum perfekten Fr\u00fchlingsschnitt 2025 erkl\u00e4rt habe\">Lire plus<\/a><\/p>\n","protected":false},"author":1,"featured_media":12591,"comment_status":"","ping_status":"","sticky":false,"template":"","format":"standard","meta":{"footnotes":""},"categories":[48],"tags":[],"class_list":["post-12592","post","type-post","status-publish","format-standard","has-post-thumbnail","hentry","category-lebensstil"],"acf":[],"_yoast_wpseo_primary_category":null,"_yoast_wpseo_title":null,"_yoast_wpseo_metadesc":null,"_links":{"self":[{"href":"https:\/\/www.journee-mondiale.com\/de\/wp-json\/wp\/v2\/posts\/12592","targetHints":{"allow":["GET"]}}],"collection":[{"href":"https:\/\/www.journee-mondiale.com\/de\/wp-json\/wp\/v2\/posts"}],"about":[{"href":"https:\/\/www.journee-mondiale.com\/de\/wp-json\/wp\/v2\/types\/post"}],"author":[{"embeddable":true,"href":"https:\/\/www.journee-mondiale.com\/de\/wp-json\/wp\/v2\/users\/1"}],"replies":[{"embeddable":true,"href":"https:\/\/www.journee-mondiale.com\/de\/wp-json\/wp\/v2\/comments?post=12592"}],"version-history":[{"count":0,"href":"https:\/\/www.journee-mondiale.com\/de\/wp-json\/wp\/v2\/posts\/12592\/revisions"}],"wp:featuredmedia":[{"embeddable":true,"href":"https:\/\/www.journee-mondiale.com\/de\/wp-json\/wp\/v2\/media\/12591"}],"wp:attachment":[{"href":"https:\/\/www.journee-mondiale.com\/de\/wp-json\/wp\/v2\/media?parent=12592"}],"wp:term":[{"taxonomy":"category","embeddable":true,"href":"https:\/\/www.journee-mondiale.com\/de\/wp-json\/wp\/v2\/categories?post=12592"},{"taxonomy":"post_tag","embeddable":true,"href":"https:\/\/www.journee-mondiale.com\/de\/wp-json\/wp\/v2\/tags?post=12592"}],"curies":[{"name":"wp","href":"https:\/\/api.w.org\/{rel}","templated":true}]}}