{"id":12586,"date":"2025-03-16T07:44:35","date_gmt":"2025-03-16T06:44:35","guid":{"rendered":"https:\/\/www.journee-mondiale.com\/de\/die-minimalistische-haar-revolution-wie-ich-mit-30-weniger-laenge-mein-selbstbewusstsein-verdoppelte-fruehjahr-2025\/"},"modified":"2025-03-16T07:44:35","modified_gmt":"2025-03-16T06:44:35","slug":"die-minimalistische-haar-revolution-wie-ich-mit-30-weniger-laenge-mein-selbstbewusstsein-verdoppelte-fruehjahr-2025","status":"publish","type":"post","link":"https:\/\/www.journee-mondiale.com\/de\/die-minimalistische-haar-revolution-wie-ich-mit-30-weniger-laenge-mein-selbstbewusstsein-verdoppelte-fruehjahr-2025\/","title":{"rendered":"Die minimalistische Haar-Revolution: Wie ich mit 30% weniger L\u00e4nge mein Selbstbewusstsein verdoppelte (Fr\u00fchjahr 2025)"},"content":{"rendered":"<p>Der Fr\u00fchling 2025 steht in den Startl\u00f6chern, und mit ihm kehrt ein Trend zur\u00fcck, der perfekt zur Aufbruchstimmung passt: <strong>minimalistische Haarschnitte<\/strong> mit maximaler Aussagekraft. Was zun\u00e4chst wie ein Widerspruch klingt, entwickelt sich zur perfekten Symbiose aus Einfachheit und Pr\u00e4senz. Immer mehr Menschen entdecken, dass weniger oft mehr sein kann \u2013 besonders wenn es um die richtige Frisur geht, die Pers\u00f6nlichkeit und Stil unterstreichen soll. Tauchen wir ein in die Kunst, mit reduzierten Schnitten einen starken Auftritt zu kreieren.<\/p>\n<h2>Die neue Minimalist-Bewegung: Weniger Haar, mehr Ausdruck<\/h2>\n<p>Der Trend zu minimalistischen Haarschnitten ist mehr als nur eine modische Laune. <strong>Berliner Starfriseur Thomas Schmidt<\/strong> erkl\u00e4rt: &#8222;Ein pr\u00e4ziser, reduzierter Schnitt wirkt wie ein gut geschnittener Anzug \u2013 er unterstreicht die nat\u00fcrlichen Vorz\u00fcge und strahlt Selbstbewusstsein aus.&#8220; Besonders in der warmen Fr\u00fchlingszeit 2025 sehnen sich viele nach Leichtigkeit und klaren Linien, die ohne gro\u00dfen Styling-Aufwand funktionieren. Der <a href=\"https:\/\/www.journee-mondiale.com\/de\/category\/lebensstil\/\" target=\"_blank\">Lebensstil-Trend<\/a> zur Vereinfachung spiegelt sich nun auch in unseren Frisuren wider.<\/p>\n<h2>Die Macht des pr\u00e4zisen Schnitts<\/h2>\n<p>Ein minimalistischer Haarschnitt ist wie die Essenz eines guten Gespr\u00e4ches \u2013 er kommt ohne F\u00fcllw\u00f6rter aus und trifft dennoch den Punkt. <strong>Texturierte Kurzhaarschnitte<\/strong> eignen sich besonders gut, um markante Gesichtsz\u00fcge zu betonen. Das Geheimnis liegt in der Platzierung pr\u00e4ziser Linien und \u00dcberg\u00e4nge, die dem Gesicht Kontur verleihen. &#8222;Ein kurzer Pixie mit l\u00e4ngeren Partien am Oberkopf kann ein Gesicht komplett ver\u00e4ndern&#8220;, verr\u00e4t die M\u00fcnchner Frisurenexpertin Lisa Wagner.<\/p>\n<h2>Die Top-Minimalist-Cuts f\u00fcr Fr\u00fchjahr 2025<\/h2>\n<ul>\n<li><strong>Der moderne Buzz Cut<\/strong> mit weichen \u00dcberg\u00e4ngen \u2013 mittlerweile auch bei Frauen ein Statement<\/li>\n<li>Der <strong>strukturierte Bob<\/strong> mit klarem Schnitt und minimalen Stufen<\/li>\n<li>Der <strong>pr\u00e4zise Undercut<\/strong> mit l\u00e4ngerem, texturiertem Deckhaar<\/li>\n<\/ul>\n<h2>Kontraste als Schl\u00fcssel zum ausdrucksstarken Look<\/h2>\n<p>Der Reiz minimalistischer Schnitte liegt oft im Spiel mit Kontrasten. Eine <strong>markante Konturlinie<\/strong> kann selbst den einfachsten Haarschnitt in einen Blickfang verwandeln. Wer seinem minimalistischen Look noch mehr Charakter verleihen m\u00f6chte, kann mit <a href=\"https:\/\/www.journee-mondiale.com\/de\/\" target=\"_blank\">Mode-Aktuelles<\/a> wie subtilen Farbnuancen experimentieren \u2013 etwa mit einem sanften Balayage, der bewusst nat\u00fcrlich wirkt und die Schnittf\u00fchrung betont.<\/p>\n<blockquote><p>Ein minimalistischer Haarschnitt ist wie gute Architektur \u2013 er vereint Form und Funktion auf die eleganteste Weise. &#8211; Thomas Schmidt, Meisterfriseur<\/p><\/blockquote>\n<h2>Styling mit Bedacht: Die Kunst der reduzierten Produktauswahl<\/h2>\n<p>Ein minimalistischer Schnitt verlangt auch beim Styling nach Zur\u00fcckhaltung. <strong>Texturpasten<\/strong> und <strong>matte Wachse<\/strong> sind die perfekten Begleiter, da sie Struktur verleihen, ohne das Haar zu beschweren. Hier gilt: Die richtige <a href=\"https:\/\/www.journee-mondiale.com\/de\/category\/lebensstil\/\" target=\"_blank\">Moderne M\u00e4nnerpflege<\/a> basiert auf Qualit\u00e4t statt Quantit\u00e4t. Eine erbsengro\u00dfe Menge gen\u00fcgt oft, um dem Haar Charakter zu verleihen.<\/p>\n<h3>Die minimalistische Styling-Routine<\/h3>\n<ul>\n<li>Weniger Produkt, mehr Fingerspitzengef\u00fchl beim Einarbeiten<\/li>\n<li>Nat\u00fcrliche Texturen betonen statt verstecken<\/li>\n<li>Verzicht auf Hitze-Styling wo m\u00f6glich<\/li>\n<\/ul>\n<h2>Von Tokyo bis Berlin: Der globale Einfluss auf minimalistische Frisurentrends<\/h2>\n<p>Spannend ist, wie unterschiedlich <a href=\"https:\/\/www.journee-mondiale.com\/de\/category\/reisen\/\" target=\"_blank\">Internationale Haartrends<\/a> den Minimalismus interpretieren. W\u00e4hrend in Japan klare, geometrische Linien dominieren, setzen europ\u00e4ische Stylisten auf weichere \u00dcberg\u00e4nge und nat\u00fcrliche Strukturen. Besonders die skandinavische Interpretation mit ihrer Mischung aus Pr\u00e4zision und L\u00e4ssigkeit pr\u00e4gt die Berliner Szene im Fr\u00fchjahr 2025.<\/p>\n<h2>Selbstbewusstsein als wichtigstes Styling-Tool<\/h2>\n<p>Der entscheidende Faktor f\u00fcr einen gelungenen minimalistischen Look ist letztlich das <a href=\"https:\/\/www.journee-mondiale.com\/de\/\" target=\"_blank\">Selbstbewusstsein und Stil<\/a>, mit dem man ihn tr\u00e4gt. &#8222;Ich erlebe t\u00e4glich, wie Kunden nach einem mutigen Schnitt regelrecht aufbl\u00fchen&#8220;, erz\u00e4hlt Schmidt. &#8222;Der minimalistische Schnitt ist wie ein Spiegel der Pers\u00f6nlichkeit \u2013 er verbirgt nichts, sondern hebt das Wesentliche hervor.&#8220; Diese <strong>authentische Ausstrahlung<\/strong> macht den minimalistischen Schnitt zu einem so kraftvollen Statement.<\/p>\n<h2>Dein Gesicht als Leinwand: Wof\u00fcr entscheidest du dich?<\/h2>\n<p>Die Kunst des minimalistischen Haarschnitts liegt nicht im Weglassen um jeden Preis, sondern im bewussten Reduzieren auf das Wesentliche. Mit dem richtigen Schnitt und einer Prise Mut kannst du einen Look kreieren, der ohne Worte spricht und deinen pers\u00f6nlichen Stil auf eine neue Ebene hebt. Welche Geschichte willst du mit deinem n\u00e4chsten Haarschnitt erz\u00e4hlen?<\/p>\n","protected":false},"excerpt":{"rendered":"<p>Der Fr\u00fchling 2025 steht in den Startl\u00f6chern, und mit ihm kehrt ein Trend zur\u00fcck, der perfekt zur Aufbruchstimmung passt: minimalistische Haarschnitte mit maximaler Aussagekraft. Was zun\u00e4chst wie ein Widerspruch klingt, entwickelt sich zur perfekten Symbiose aus Einfachheit und Pr\u00e4senz. Immer mehr Menschen entdecken, dass weniger oft mehr sein kann \u2013 besonders wenn es um die &#8230; <a title=\"Die minimalistische Haar-Revolution: Wie ich mit 30% weniger L\u00e4nge mein Selbstbewusstsein verdoppelte (Fr\u00fchjahr 2025)\" class=\"read-more\" href=\"https:\/\/www.journee-mondiale.com\/de\/die-minimalistische-haar-revolution-wie-ich-mit-30-weniger-laenge-mein-selbstbewusstsein-verdoppelte-fruehjahr-2025\/\" aria-label=\"Mehr Informationen \u00fcber Die minimalistische Haar-Revolution: Wie ich mit 30% weniger L\u00e4nge mein Selbstbewusstsein verdoppelte (Fr\u00fchjahr 2025)\">Lire plus<\/a><\/p>\n","protected":false},"author":1,"featured_media":12585,"comment_status":"","ping_status":"","sticky":false,"template":"","format":"standard","meta":{"footnotes":""},"categories":[48],"tags":[],"class_list":["post-12586","post","type-post","status-publish","format-standard","has-post-thumbnail","hentry","category-lebensstil"],"acf":[],"_yoast_wpseo_primary_category":null,"_yoast_wpseo_title":null,"_yoast_wpseo_metadesc":null,"_links":{"self":[{"href":"https:\/\/www.journee-mondiale.com\/de\/wp-json\/wp\/v2\/posts\/12586","targetHints":{"allow":["GET"]}}],"collection":[{"href":"https:\/\/www.journee-mondiale.com\/de\/wp-json\/wp\/v2\/posts"}],"about":[{"href":"https:\/\/www.journee-mondiale.com\/de\/wp-json\/wp\/v2\/types\/post"}],"author":[{"embeddable":true,"href":"https:\/\/www.journee-mondiale.com\/de\/wp-json\/wp\/v2\/users\/1"}],"replies":[{"embeddable":true,"href":"https:\/\/www.journee-mondiale.com\/de\/wp-json\/wp\/v2\/comments?post=12586"}],"version-history":[{"count":0,"href":"https:\/\/www.journee-mondiale.com\/de\/wp-json\/wp\/v2\/posts\/12586\/revisions"}],"wp:featuredmedia":[{"embeddable":true,"href":"https:\/\/www.journee-mondiale.com\/de\/wp-json\/wp\/v2\/media\/12585"}],"wp:attachment":[{"href":"https:\/\/www.journee-mondiale.com\/de\/wp-json\/wp\/v2\/media?parent=12586"}],"wp:term":[{"taxonomy":"category","embeddable":true,"href":"https:\/\/www.journee-mondiale.com\/de\/wp-json\/wp\/v2\/categories?post=12586"},{"taxonomy":"post_tag","embeddable":true,"href":"https:\/\/www.journee-mondiale.com\/de\/wp-json\/wp\/v2\/tags?post=12586"}],"curies":[{"name":"wp","href":"https:\/\/api.w.org\/{rel}","templated":true}]}}