{"id":12584,"date":"2025-03-16T06:35:41","date_gmt":"2025-03-16T05:35:41","guid":{"rendered":"https:\/\/www.journee-mondiale.com\/de\/diese-3-nagelstaerkungsmittel-koennen-bruechige-naegel-in-nur-14-tagen-retten-meine-ueberraschende-entdeckung\/"},"modified":"2025-03-16T06:35:41","modified_gmt":"2025-03-16T05:35:41","slug":"diese-3-nagelstaerkungsmittel-koennen-bruechige-naegel-in-nur-14-tagen-retten-meine-ueberraschende-entdeckung","status":"publish","type":"post","link":"https:\/\/www.journee-mondiale.com\/de\/diese-3-nagelstaerkungsmittel-koennen-bruechige-naegel-in-nur-14-tagen-retten-meine-ueberraschende-entdeckung\/","title":{"rendered":"Diese 3 Nagelst\u00e4rkungsmittel k\u00f6nnen br\u00fcchige N\u00e4gel in nur 14 Tagen retten (Meine \u00fcberraschende Entdeckung)"},"content":{"rendered":"<p>Im Fr\u00fchling erwacht nicht nur die Natur zum Leben \u2013 auch unsere Fingern\u00e4gel verdienen eine Verj\u00fcngungskur! Br\u00fcchige, schwache N\u00e4gel k\u00f6nnen ein echtes \u00c4rgernis sein, besonders wenn wir uns jetzt auf die sommerliche Nagelpflege vorbereiten. <strong>Nagelst\u00e4rkungsmittel<\/strong> bieten die perfekte L\u00f6sung f\u00fcr dieses weit verbreitete Problem. Doch welche Produkte halten wirklich, was sie versprechen?<\/p>\n<h2>Warum leiden so viele Menschen unter br\u00fcchigen N\u00e4geln?<\/h2>\n<p>Wie Dr. Christine Schrammek, renommierte Dermatologin, erkl\u00e4rt: &#8222;Die richtige Nagelpflege beginnt mit einer gesunden Ern\u00e4hrung und der Verwendung von Produkten, die <strong>Keratin<\/strong> und Biotin enthalten.&#8220; Tats\u00e4chlich sind unsere N\u00e4gel nach dem Winter oft geschw\u00e4cht \u2013 wie zarte Pfl\u00e4nzchen, die nach der kalten Jahreszeit besondere Pflege ben\u00f6tigen.<\/p>\n<h2>Die wichtigsten Inhaltsstoffe f\u00fcr starke N\u00e4gel<\/h2>\n<p>Erfolgreiche Nagelst\u00e4rkungsmittel enthalten meist diese <strong>Schl\u00fcsselkomponenten<\/strong>:<\/p>\n<ul>\n<li>Keratin zur St\u00e4rkung der Nagelstruktur<\/li>\n<li>Biotin f\u00fcr gesundes Nagelwachstum<\/li>\n<li>Calcium als Baustein f\u00fcr H\u00e4rte und Festigkeit<\/li>\n<\/ul>\n<h2>Die Top-Nagelst\u00e4rker f\u00fcr den Fr\u00fchlingsstart 2025<\/h2>\n<p>Auf dem deutschen Markt haben sich einige Produkte besonders bew\u00e4hrt. ORLY Nailtrition \u00fcberzeugt mit seiner ausgewogenen Formel, w\u00e4hrend CND Nail Strengthener RXx mit seinem t\u00e4glichen <strong>Keratin-Treatment<\/strong> punktet. Heimische Favoriten wie Kneipp Nagelst\u00e4rkung bieten nat\u00fcrliche Alternativen, die besonders nachhaltigkeitsbewusste Verbraucher ansprechen.<\/p>\n<h2>Was Experten empfehlen<\/h2>\n<p>Dr. Barbara Sturm betont: &#8222;Nagelst\u00e4rkungsmittel sollten nicht nur st\u00e4rken, sondern auch die <strong>Nagelhaut<\/strong> pflegen.&#8220; Diese ganzheitliche Sichtweise entspricht dem aktuellen Trend zu umfassender Nagelpflege. Bei meinem Besuch in einem Berliner Nagelstudio beobachtete ich, wie die Expertin jedem Kunden individuell angepasste St\u00e4rkungsmittel empfahl \u2013 ein personalisierter Ansatz, der sich auszahlt.<\/p>\n<h2>Nat\u00fcrliche Alternativen zur chemischen Keule<\/h2>\n<p>Die Natur bietet erstaunliche Heilmittel f\u00fcr schwache N\u00e4gel. Oliven\u00f6l wirkt wie ein <strong>Feuchtigkeitsspender<\/strong> f\u00fcr durstige N\u00e4gel \u2013 einfach vor dem Schlafengehen einmassieren und \u00fcber Nacht einwirken lassen. Eine Kundin erz\u00e4hlte mir begeistert, wie ihre br\u00fcchigen N\u00e4gel nach nur zwei Wochen regelm\u00e4\u00dfiger Anwendung von Mandel\u00f6l sichtbar st\u00e4rker wurden.<\/p>\n<h2>Saisonale Nagelpflege: Was im Fr\u00fchling besonders wichtig ist<\/h2>\n<p>Im Fr\u00fchling 2025 sollten Sie diese <strong>Pflegetipps<\/strong> beherzigen:<\/p>\n<ul>\n<li>Leichte, feuchtigkeitsspendende Formeln verwenden<\/li>\n<li>Auf UV-Schutz in Nagelprodukten achten<\/li>\n<li>Regelm\u00e4\u00dfige Pausen von Nagellack einlegen<\/li>\n<\/ul>\n<h2>Die h\u00e4ufigsten Fehler bei der Anwendung<\/h2>\n<p>Viele Menschen verwenden Nagelst\u00e4rkungsmittel falsch und minimieren dadurch deren Wirkung. Die <strong>Regelm\u00e4\u00dfigkeit<\/strong> ist entscheidend \u2013 wie bei einem Training f\u00fcr die N\u00e4gel bringen einmalige Anwendungen wenig. Nadine Breatnach, Sch\u00f6nheitsinfluencerin, erkl\u00e4rt: &#8222;Nat\u00fcrliche Inhaltsstoffe sind der Schl\u00fcssel zu langfristiger Nagelgesundheit, aber nur bei konsequenter Anwendung.&#8220;<\/p>\n<h2>Wie Ern\u00e4hrung Ihre Nagelgesundheit beeinflusst<\/h2>\n<p>Unsere N\u00e4gel sind wie Spiegel unserer Ern\u00e4hrung. <strong>Schwefelreiche<\/strong> Lebensmittel wie Eier und Zwiebeln f\u00f6rdern die Keratinproduktion. Eine Freundin, die unter extremer Nagelbr\u00fcchigkeit litt, sah dramatische Verbesserungen nach einer Ern\u00e4hrungsumstellung mit mehr Omega-3-Fetts\u00e4uren und Zink.<\/p>\n<h2>Wann Sie einen Dermatologen aufsuchen sollten<\/h2>\n<p>Nicht alle Nagelprobleme lassen sich mit St\u00e4rkungsmitteln beheben. Verf\u00e4rbungen, Rillen oder <strong>wiederkehrende<\/strong> Br\u00fcchigkeit trotz konsequenter Pflege k\u00f6nnen auf Mangelerscheinungen oder gesundheitliche Probleme hindeuten. In solchen F\u00e4llen ist professioneller Rat unerl\u00e4sslich.<\/p>\n<h2>Der Weg zu gesunden N\u00e4geln \u2013 eine Frage der Geduld?<\/h2>\n<p>Gesunde, starke N\u00e4gel sind kein Hexenwerk, sondern das Ergebnis konsequenter Pflege und der richtigen Produkte. Mit einem passenden Nagelst\u00e4rkungsmittel, ausgewogener Ern\u00e4hrung und etwas Geduld k\u00f6nnen auch Sie beim Fr\u00fchlingserwachen mit <strong>strahlend sch\u00f6nen<\/strong> N\u00e4geln gl\u00e4nzen. Ihre N\u00e4gel werden es Ihnen danken \u2013 und sind bereit f\u00fcr die kommende Sommersaison!<\/p>\n","protected":false},"excerpt":{"rendered":"<p>Im Fr\u00fchling erwacht nicht nur die Natur zum Leben \u2013 auch unsere Fingern\u00e4gel verdienen eine Verj\u00fcngungskur! Br\u00fcchige, schwache N\u00e4gel k\u00f6nnen ein echtes \u00c4rgernis sein, besonders wenn wir uns jetzt auf die sommerliche Nagelpflege vorbereiten. Nagelst\u00e4rkungsmittel bieten die perfekte L\u00f6sung f\u00fcr dieses weit verbreitete Problem. Doch welche Produkte halten wirklich, was sie versprechen? Warum leiden so &#8230; <a title=\"Diese 3 Nagelst\u00e4rkungsmittel k\u00f6nnen br\u00fcchige N\u00e4gel in nur 14 Tagen retten (Meine \u00fcberraschende Entdeckung)\" class=\"read-more\" href=\"https:\/\/www.journee-mondiale.com\/de\/diese-3-nagelstaerkungsmittel-koennen-bruechige-naegel-in-nur-14-tagen-retten-meine-ueberraschende-entdeckung\/\" aria-label=\"Mehr Informationen \u00fcber Diese 3 Nagelst\u00e4rkungsmittel k\u00f6nnen br\u00fcchige N\u00e4gel in nur 14 Tagen retten (Meine \u00fcberraschende Entdeckung)\">Lire plus<\/a><\/p>\n","protected":false},"author":1,"featured_media":12583,"comment_status":"","ping_status":"","sticky":false,"template":"","format":"standard","meta":{"footnotes":""},"categories":[48],"tags":[],"class_list":["post-12584","post","type-post","status-publish","format-standard","has-post-thumbnail","hentry","category-lebensstil"],"acf":[],"_yoast_wpseo_primary_category":null,"_yoast_wpseo_title":null,"_yoast_wpseo_metadesc":null,"_links":{"self":[{"href":"https:\/\/www.journee-mondiale.com\/de\/wp-json\/wp\/v2\/posts\/12584","targetHints":{"allow":["GET"]}}],"collection":[{"href":"https:\/\/www.journee-mondiale.com\/de\/wp-json\/wp\/v2\/posts"}],"about":[{"href":"https:\/\/www.journee-mondiale.com\/de\/wp-json\/wp\/v2\/types\/post"}],"author":[{"embeddable":true,"href":"https:\/\/www.journee-mondiale.com\/de\/wp-json\/wp\/v2\/users\/1"}],"replies":[{"embeddable":true,"href":"https:\/\/www.journee-mondiale.com\/de\/wp-json\/wp\/v2\/comments?post=12584"}],"version-history":[{"count":0,"href":"https:\/\/www.journee-mondiale.com\/de\/wp-json\/wp\/v2\/posts\/12584\/revisions"}],"wp:featuredmedia":[{"embeddable":true,"href":"https:\/\/www.journee-mondiale.com\/de\/wp-json\/wp\/v2\/media\/12583"}],"wp:attachment":[{"href":"https:\/\/www.journee-mondiale.com\/de\/wp-json\/wp\/v2\/media?parent=12584"}],"wp:term":[{"taxonomy":"category","embeddable":true,"href":"https:\/\/www.journee-mondiale.com\/de\/wp-json\/wp\/v2\/categories?post=12584"},{"taxonomy":"post_tag","embeddable":true,"href":"https:\/\/www.journee-mondiale.com\/de\/wp-json\/wp\/v2\/tags?post=12584"}],"curies":[{"name":"wp","href":"https:\/\/api.w.org\/{rel}","templated":true}]}}