{"id":12582,"date":"2025-03-16T05:01:19","date_gmt":"2025-03-16T04:01:19","guid":{"rendered":"https:\/\/www.journee-mondiale.com\/de\/dieses-mittelalterliche-maerchendorf-inspirierte-disney-mit-pastellfarbenen-fachwerkhaeusern-und-einem-kreisfoermigen-grundriss-aus-dem-8-jahrhundert\/"},"modified":"2025-03-16T05:01:19","modified_gmt":"2025-03-16T04:01:19","slug":"dieses-mittelalterliche-maerchendorf-inspirierte-disney-mit-pastellfarbenen-fachwerkhaeusern-und-einem-kreisfoermigen-grundriss-aus-dem-8-jahrhundert","status":"publish","type":"post","link":"https:\/\/www.journee-mondiale.com\/de\/dieses-mittelalterliche-maerchendorf-inspirierte-disney-mit-pastellfarbenen-fachwerkhaeusern-und-einem-kreisfoermigen-grundriss-aus-dem-8-jahrhundert\/","title":{"rendered":"Dieses mittelalterliche M\u00e4rchendorf inspirierte Disney (mit pastellfarbenen Fachwerkh\u00e4usern und einem kreisf\u00f6rmigen Grundriss aus dem 8. Jahrhundert)"},"content":{"rendered":"<p>Disney-Inspiration mitten im Elsass: Eguisheim verzaubert mit m\u00e4rchenhafter Sch\u00f6nheit<\/p>\n<h2>Wo sich Frankreichs pr\u00e4chtiger Bilderbuch-Ort versteckt<\/h2>\n<p>Nur sieben Kilometer von Colmar entfernt erhebt sich ein Dorf, das aussieht, als w\u00e4re es direkt aus einem M\u00e4rchenbuch entsprungen. &#8222;Wenn ich morgens meine Fensterl\u00e4den \u00f6ffne, kann ich manchmal selbst kaum glauben, dass dieser Ort real ist&#8220;, verr\u00e4t Winzerin Marie Gruss, w\u00e4hrend sie durch die kreisf\u00f6rmigen Gassen von Eguisheim f\u00fchrt. Das mittelalterliche Kleinod im Elsass mit seinen pastellfarbenen Fachwerkh\u00e4usern diente tats\u00e4chlich als Inspiration f\u00fcr den Disney-Klassiker &#8222;Die Sch\u00f6ne und das Biest&#8220; \u2013 ein Umstand, der Besucher aus Deutschland jedes Jahr aufs Neue begeistert.<\/p>\n<h2>Die kreisf\u00f6rmige Zeitreise ins Mittelalter<\/h2>\n<p>Eguisheim wurde nach einem einzigartigen Konzept erbaut: konzentrische Kreise, die sich um das zentrale Ch\u00e2teau Saint-L\u00e9on schmiegen. &#8222;Diese Anlage stammt aus dem 8. Jahrhundert und ist in Frankreich einzigartig&#8220;, erkl\u00e4rt Geschichtsexperte Jean Mercier. Die farbenfrohen Fachwerkh\u00e4user aus dem 16. und 17. Jahrhundert reihen sich entlang kopfsteingepflasterter Gassen aneinander, w\u00e4hrend \u00fcppige Blumenarrangements von fast jedem Fensterbrett gr\u00fc\u00dfen. <a href=\"https:\/\/www.journee-mondiale.com\/de\/diese-mittelalterliche-stadt-bewahrt-frankreichs-aelteste-herzogsfamilie-und-ihr-versteckter-marktplatz-gilt-als-der-schoenste-des-landes\/\" target=\"_blank\">Mittelalterliche St\u00e4dte Frankreichs<\/a> haben oft ihren eigenen Charme, doch Eguisheim \u00fcbertrifft sie mit seiner unber\u00fchrten Authentizit\u00e4t.<\/p>\n<h2>Ein Papst, St\u00f6rche und jahrhundertealte Weinkultur<\/h2>\n<p>Kaum zu glauben: Dieser kleine Ort brachte einen Papst hervor. Auf dem Place du Ch\u00e2teau steht die Kapelle, die Papst Leo IX. gewidmet ist, der hier 1002 geboren wurde. Fast ebenso ber\u00fchmt sind die Wei\u00dfst\u00f6rche, die auf den D\u00e4chern nisten. &#8222;Sie gelten als Gl\u00fccksbringer und kommen jedes Fr\u00fchjahr zur\u00fcck&#8220;, sagt Hotelier Pierre Schmitt. &#8222;G\u00e4ste verbringen oft Stunden damit, sie zu beobachten.&#8220; Die Region ist zudem f\u00fcr ihre hervorragenden Weine bekannt \u2013 die Tradition des Weinanbaus reicht hier \u00fcber 2.000 Jahre zur\u00fcck.<\/p>\n<h2>Wo Genie\u00dfer ihr Paradies finden<\/h2>\n<p>Die els\u00e4ssische K\u00fcche ist eine Offenbarung f\u00fcr Feinschmecker. Im familiengef\u00fchrten &#8222;Caveau Heuhaus&#8220; serviert man traditionelle Tarte Flamb\u00e9e, w\u00e4hrend die &#8222;Auberge Alsacienne&#8220; f\u00fcr ihr Sauerkraut ber\u00fchmt ist. &#8222;Unser Geheimnis liegt in den lokalen Zutaten und Rezepten, die seit Generationen weitergegeben werden&#8220;, verr\u00e4t Chefkoch Roland Meyer. Dazu geh\u00f6rt ein Glas Riesling oder Gew\u00fcrztraminer von den umliegenden Weinbergen \u2013 am besten bei einer Verkostung im historischen Weinkeller von Wolfberger erlebt.<\/p>\n<h2>Drei verborgene Sch\u00e4tze, die selbst Einheimische \u00fcberraschen<\/h2>\n<p>Abseits der Hauptattraktionen warten unentdeckte Juwelen. Die versteckten &#8222;Trois Ch\u00e2teaux&#8220; (drei Schl\u00f6sser) auf dem nahen H\u00fcgel bieten einen atemberaubenden Blick auf das Rheintal. Im August verwandelt das &#8222;F\u00eate des Vignerons&#8220; das Dorf in ein gro\u00dfes Weinfest mit Kost\u00fcmen und Umz\u00fcgen, die bis ins Mittelalter zur\u00fcckreichen. <a href=\"https:\/\/www.journee-mondiale.com\/de\/dieses-mittelalterliche-steindorf-auf-1097-metern-hoehe-ist-das-vergessene-juwel-der-provence-kannst-du-erraten-wo-sich-dieser-himmlische-adlerhorst-versteckt\/\" target=\"_blank\">Verborgene Dorfperlen Frankreichs<\/a> haben oft solche kulturellen Sch\u00e4tze zu bieten.<\/p>\n<h2>Die perfekte Reisezeit: Zwischen Bl\u00fctenmeer und Weihnachtszauber<\/h2>\n<p>Der Fr\u00fchling verzaubert mit Blumen an jeder Fassade, w\u00e4hrend der Sommer perfekt f\u00fcr Weinproben ist. &#8222;Doch der Winter hat seinen eigenen Zauber&#8220;, schw\u00e4rmt Tourismusleiter Thomas Keller. &#8222;Wenn unser Weihnachtsmarkt Ende November \u00f6ffnet, verwandelt sich Eguisheim in ein Winterwunderland.&#8220; Die H\u00e4user erstrahlen im Lichterglanz, der Duft von Gl\u00fchwein und Lebkuchen erf\u00fcllt die Luft, und handgefertigte Weihnachtsdekorationen schm\u00fccken die kleinen Marktst\u00e4nde. <a href=\"https:\/\/www.journee-mondiale.com\/de\/dieses-mittelalterliche-schloss-mit-pfefferkornartigen-tuermen-bewacht-die-loire-seit-1000-jahren-ein-maerchen-in-stein-gemeisselt\/\" target=\"_blank\">M\u00e4rchenhafte Schl\u00f6sser Frankreichs<\/a> bieten eine \u00e4hnlich magische Atmosph\u00e4re.<\/p>\n<h2>So erreichen deutsche Besucher das M\u00e4rchendorf<\/h2>\n<p>Von Deutschland aus erreichen Sie Eguisheim bequem \u00fcber den Flughafen Stra\u00dfburg oder den Bahnhof Colmar. Von dort sind es nur wenige Minuten mit dem Bus oder Taxi. Mit dem Auto bieten sich gut ausgebaute Stra\u00dfen an. <a href=\"https:\/\/www.journee-mondiale.com\/de\/diese-region-in-frankreich-ist-der-letzte-wilde-fluss-europas-mit-versteckten-hoehlenwohnungen-die-seit-400-jahren-bewohnt-sind\/\" target=\"_blank\">Entdecken Sie die Loire-Region<\/a> auf einer l\u00e4ngeren Frankreich-Rundreise.<\/p>\n<h2>Ein Ort zum Verweilen statt Durcheilen<\/h2>\n<p>Eguisheim mag klein sein, aber es entfaltet seinen wahren Zauber erst, wenn man mindestens eine Nacht bleibt. In den charmanten Ferienwohnungen und Boutique-Hotels wie dem &#8222;Au Vieux Porche&#8220; genie\u00dfen G\u00e4ste die besondere Atmosph\u00e4re, wenn die Tagestouristen abgereist sind. &#8222;Abends ist es magisch&#8220;, schw\u00e4rmt Stammgast Claudia aus Freiburg. &#8222;Die beleuchteten Gassen geh\u00f6ren dann nur noch den \u00dcbernachtungsg\u00e4sten und Katzen, die \u00fcber das Kopfsteinpflaster streifen.&#8220;<\/p>\n<h2>Wohin die Reise f\u00fchrt<\/h2>\n<p>Eguisheim ist nicht nur ein Postkartenmotiv, sondern ein lebendiges Dorf, das seine Traditionen bewahrt hat. Es ist ideal f\u00fcr Reisende, die sich in einer idyllischen Umgebung entspannen m\u00f6chten. <a href=\"https:\/\/www.journee-mondiale.com\/de\/diese-stadt-am-groessten-deutschen-see-bewahrt-ein-mittelalterliches-juwel-und-liegt-nur-einen-katzensprung-von-zwei-laendern-entfernt\/\" target=\"_blank\">Deutsche St\u00e4dte mit mittelalterlichem Charme<\/a> m\u00f6gen \u00e4hnlich sein, doch Eguisheims franz\u00f6sisch-els\u00e4ssischer Flair bleibt unvergleichlich. Wer durch diese Stra\u00dfen schlendert, verliebt sich unweigerlich in einen Ort, der die Zeit anzuhalten scheint \u2013 und nimmt ein St\u00fcck M\u00e4rchenzauber mit nach Hause.<\/p>\n","protected":false},"excerpt":{"rendered":"<p>Disney-Inspiration mitten im Elsass: Eguisheim verzaubert mit m\u00e4rchenhafter Sch\u00f6nheit Wo sich Frankreichs pr\u00e4chtiger Bilderbuch-Ort versteckt Nur sieben Kilometer von Colmar entfernt erhebt sich ein Dorf, das aussieht, als w\u00e4re es direkt aus einem M\u00e4rchenbuch entsprungen. &#8222;Wenn ich morgens meine Fensterl\u00e4den \u00f6ffne, kann ich manchmal selbst kaum glauben, dass dieser Ort real ist&#8220;, verr\u00e4t Winzerin Marie &#8230; <a title=\"Dieses mittelalterliche M\u00e4rchendorf inspirierte Disney (mit pastellfarbenen Fachwerkh\u00e4usern und einem kreisf\u00f6rmigen Grundriss aus dem 8. Jahrhundert)\" class=\"read-more\" href=\"https:\/\/www.journee-mondiale.com\/de\/dieses-mittelalterliche-maerchendorf-inspirierte-disney-mit-pastellfarbenen-fachwerkhaeusern-und-einem-kreisfoermigen-grundriss-aus-dem-8-jahrhundert\/\" aria-label=\"Mehr Informationen \u00fcber Dieses mittelalterliche M\u00e4rchendorf inspirierte Disney (mit pastellfarbenen Fachwerkh\u00e4usern und einem kreisf\u00f6rmigen Grundriss aus dem 8. Jahrhundert)\">Lire plus<\/a><\/p>\n","protected":false},"author":1,"featured_media":12581,"comment_status":"","ping_status":"","sticky":false,"template":"","format":"standard","meta":{"footnotes":""},"categories":[49],"tags":[],"class_list":["post-12582","post","type-post","status-publish","format-standard","has-post-thumbnail","hentry","category-reisen"],"acf":[],"_yoast_wpseo_primary_category":null,"_yoast_wpseo_title":null,"_yoast_wpseo_metadesc":null,"_links":{"self":[{"href":"https:\/\/www.journee-mondiale.com\/de\/wp-json\/wp\/v2\/posts\/12582","targetHints":{"allow":["GET"]}}],"collection":[{"href":"https:\/\/www.journee-mondiale.com\/de\/wp-json\/wp\/v2\/posts"}],"about":[{"href":"https:\/\/www.journee-mondiale.com\/de\/wp-json\/wp\/v2\/types\/post"}],"author":[{"embeddable":true,"href":"https:\/\/www.journee-mondiale.com\/de\/wp-json\/wp\/v2\/users\/1"}],"replies":[{"embeddable":true,"href":"https:\/\/www.journee-mondiale.com\/de\/wp-json\/wp\/v2\/comments?post=12582"}],"version-history":[{"count":0,"href":"https:\/\/www.journee-mondiale.com\/de\/wp-json\/wp\/v2\/posts\/12582\/revisions"}],"wp:featuredmedia":[{"embeddable":true,"href":"https:\/\/www.journee-mondiale.com\/de\/wp-json\/wp\/v2\/media\/12581"}],"wp:attachment":[{"href":"https:\/\/www.journee-mondiale.com\/de\/wp-json\/wp\/v2\/media?parent=12582"}],"wp:term":[{"taxonomy":"category","embeddable":true,"href":"https:\/\/www.journee-mondiale.com\/de\/wp-json\/wp\/v2\/categories?post=12582"},{"taxonomy":"post_tag","embeddable":true,"href":"https:\/\/www.journee-mondiale.com\/de\/wp-json\/wp\/v2\/tags?post=12582"}],"curies":[{"name":"wp","href":"https:\/\/api.w.org\/{rel}","templated":true}]}}