{"id":12580,"date":"2025-03-16T03:35:52","date_gmt":"2025-03-16T02:35:52","guid":{"rendered":"https:\/\/www.journee-mondiale.com\/de\/der-fruehlings-comeback-2025-mein-5-minuten-long-bob-machte-mich-mit-50-zur-stil-ikone-so-gehts\/"},"modified":"2025-03-16T03:35:52","modified_gmt":"2025-03-16T02:35:52","slug":"der-fruehlings-comeback-2025-mein-5-minuten-long-bob-machte-mich-mit-50-zur-stil-ikone-so-gehts","status":"publish","type":"post","link":"https:\/\/www.journee-mondiale.com\/de\/der-fruehlings-comeback-2025-mein-5-minuten-long-bob-machte-mich-mit-50-zur-stil-ikone-so-gehts\/","title":{"rendered":"Der Fr\u00fchlings-Comeback 2025: Mein 5-Minuten Long Bob machte mich mit 50+ zur Stil-Ikone (so geht&#8217;s&#8230;)"},"content":{"rendered":"<p>Der <strong>Long Bob<\/strong> erlebt gerade seinen Fr\u00fchlings-Comeback 2025 \u2013 und das aus gutem Grund! Dieser zeitlose Haarschnitt zwischen Kinn und Schultern ist wie geschaffen f\u00fcr Frauen \u00fcber 50, die Eleganz und Jugendlichkeit vereinen m\u00f6chten. Als <a href=\"https:\/\/www.journee-mondiale.com\/de\/373\/tag-des-friseurs.htm\" target=\"_blank\">Tag des Friseurs<\/a> Experte beobachte ich, wie dieser Schnitt immer wieder neu interpretiert wird und dennoch nie aus der Mode kommt.<\/p>\n<h2>Warum der Lob gerade im Fr\u00fchling 2025 brilliert<\/h2>\n<p>Mit den ersten Sonnenstrahlen sehnen wir uns nach <strong>Ver\u00e4nderung<\/strong>. &#8222;Der Long Bob ist wie ein modischer Fr\u00fchjahrsputz f\u00fcr Ihre Erscheinung \u2013 er frischt auf, ohne radikal zu sein&#8220;, erkl\u00e4rt Thomas Schmidt, Meisterfriseur im Berliner Salon &#8222;Haarkunst&#8220;. Ein Lob befreit von schweren Winterhaaren und schenkt dennoch gen\u00fcgend L\u00e4nge f\u00fcr verschiedene Styles.<\/p>\n<h2>Die magische Vielseitigkeit des Long Bobs<\/h2>\n<p>Was den Lob so besonders macht, ist seine <strong>Anpassungsf\u00e4higkeit<\/strong> an verschiedene Gesichtsformen. Wie ein ma\u00dfgeschneidertes Kleidungsst\u00fcck rahmt er das Gesicht optimal ein. Diese Frisur ist wie ein Cham\u00e4leon \u2013 sie verwandelt sich m\u00fchelos von elegant-glatt f\u00fcr Gesch\u00e4ftstermine zu l\u00e4ssig-wellig f\u00fcr den Abend.<\/p>\n<blockquote><p>&#8222;Ein gut geschnittener Long Bob ist wie eine Verj\u00fcngungskur, die das Gesicht optisch strafft und den Hals verl\u00e4ngert&#8220;, verr\u00e4t Styling-Expertin Maria Weber.<\/p><\/blockquote>\n<h2>Welche Variante passt zu Ihnen?<\/h2>\n<p>Jedes Gesicht verdient seinen eigenen Lob. Beim <a href=\"https:\/\/www.journee-mondiale.com\/de\/448\/tag-der-haare.htm\" target=\"_blank\">Tag der Haare<\/a> diskutieren wir oft diese Anpassungsm\u00f6glichkeiten:<\/p>\n<ul>\n<li>Rundes Gesicht: Leicht gestufter, asymmetrischer Lob<\/li>\n<li>Ovales Gesicht: Klassischer, gerader Schnitt<\/li>\n<li>Eckiges Gesicht: Weiche Wellen und sanfte Layers<\/li>\n<\/ul>\n<h2>Der pflegeleichte Alltagsheld<\/h2>\n<p>In meiner 15-j\u00e4hrigen Karriere habe ich noch keine Frisur erlebt, die so <strong>pflegeleicht<\/strong> ist wie der Long Bob. Eine Kundin erz\u00e4hlte mir: &#8222;Seit meinem Lob brauche ich morgens nur 5 Minuten statt 20 f\u00fcr mein Styling \u2013 das ist ein Geschenk an mich selbst!&#8220;<\/p>\n<h2>Die Farb-Revolution: Grauhaar elegant integrieren<\/h2>\n<p>Der Long Bob ist der perfekte Schnitt, um den \u00dcbergang zu <strong>nat\u00fcrlichem Grau<\/strong> zu begleiten. <a href=\"https:\/\/www.journee-mondiale.com\/de\/408\/tag-der-grauen-haare.htm\" target=\"_blank\">Tag der grauen Haare<\/a> Bef\u00fcrworter wissen: Statt Grau zu verstecken, kann ein Lob mit strategischen Highlights das Silber zum Strahlen bringen. Wie Sternenstaub im Nachthimmel setzen gezielte Highlights nat\u00fcrliche Akzente.<\/p>\n<h2>Styling-Geheimnisse f\u00fcr mehr Volumen<\/h2>\n<p>Feines Haar bekommt mit dem Lob neuen Schwung. Diese <strong>Volumen-Tricks<\/strong> wenden Profis an:<\/p>\n<ul>\n<li>F\u00f6hnen mit Rundb\u00fcrste f\u00fcr nat\u00fcrlichen Schwung<\/li>\n<li>Ein Hauch Volumenpuder an den Wurzeln<\/li>\n<li>Leichte Wellen mit dem Lockenstab f\u00fcr Dimension<\/li>\n<\/ul>\n<h2>Der Lob als Selbstbewusstseins-Booster<\/h2>\n<p>Was mich immer wieder ber\u00fchrt: Wie Kundinnen nach einem Lob-Schnitt <strong>aufbl\u00fchen<\/strong>. Ein neuer Haarschnitt kann mehr sein als \u00e4u\u00dfere Ver\u00e4nderung \u2013 er beeinflusst, wie wir uns f\u00fchlen. Beim <a href=\"https:\/\/www.journee-mondiale.com\/de\/424\/tag-der-schonheit.htm\" target=\"_blank\">Tag der Sch\u00f6nheit<\/a> betonen wir genau diese transformative Kraft eines passenden Schnitts.<\/p>\n<h2>Frisuren-Neuanfang mit 50+<\/h2>\n<p>Der Long Bob ist wie ein Statement: &#8222;Ich bin modern, selbstbewusst und strahle in meinem Alter!&#8220; Dieser Schnitt signalisiert <strong>Lebensfreude<\/strong> statt Festhalten an vergangenen Zeiten. Eine Kundin beschrieb es treffend: &#8222;Mein Lob hat mich aus meiner Komfortzone geholt \u2013 pl\u00f6tzlich bekam ich Komplimente, die ich seit Jahren nicht mehr geh\u00f6rt hatte.&#8220;<\/p>\n<h2>Bereit f\u00fcr Ihre pers\u00f6nliche Verwandlung?<\/h2>\n<p>Der Long Bob ist mehr als ein Haarschnitt \u2013 er ist eine Einladung, sich neu zu entdecken. <a href=\"https:\/\/www.journee-mondiale.com\/de\/683\/tag-des-makeovers.htm\" target=\"_blank\">Tag des Makeovers<\/a> oder einfach ein gew\u00f6hnlicher Dienstag \u2013 jeder Tag ist perfekt f\u00fcr diesen zeitlosen Look. Lassen Sie sich von der eleganten Einfachheit des Lob verzaubern und entdecken Sie, wie er Ihre nat\u00fcrliche Sch\u00f6nheit in jedem Alter unterstreicht.<\/p>\n","protected":false},"excerpt":{"rendered":"<p>Der Long Bob erlebt gerade seinen Fr\u00fchlings-Comeback 2025 \u2013 und das aus gutem Grund! Dieser zeitlose Haarschnitt zwischen Kinn und Schultern ist wie geschaffen f\u00fcr Frauen \u00fcber 50, die Eleganz und Jugendlichkeit vereinen m\u00f6chten. Als Tag des Friseurs Experte beobachte ich, wie dieser Schnitt immer wieder neu interpretiert wird und dennoch nie aus der Mode &#8230; <a title=\"Der Fr\u00fchlings-Comeback 2025: Mein 5-Minuten Long Bob machte mich mit 50+ zur Stil-Ikone (so geht&#8217;s&#8230;)\" class=\"read-more\" href=\"https:\/\/www.journee-mondiale.com\/de\/der-fruehlings-comeback-2025-mein-5-minuten-long-bob-machte-mich-mit-50-zur-stil-ikone-so-gehts\/\" aria-label=\"Mehr Informationen \u00fcber Der Fr\u00fchlings-Comeback 2025: Mein 5-Minuten Long Bob machte mich mit 50+ zur Stil-Ikone (so geht&#8217;s&#8230;)\">Lire plus<\/a><\/p>\n","protected":false},"author":1,"featured_media":12579,"comment_status":"","ping_status":"","sticky":false,"template":"","format":"standard","meta":{"footnotes":""},"categories":[48],"tags":[],"class_list":["post-12580","post","type-post","status-publish","format-standard","has-post-thumbnail","hentry","category-lebensstil"],"acf":[],"_yoast_wpseo_primary_category":null,"_yoast_wpseo_title":null,"_yoast_wpseo_metadesc":null,"_links":{"self":[{"href":"https:\/\/www.journee-mondiale.com\/de\/wp-json\/wp\/v2\/posts\/12580","targetHints":{"allow":["GET"]}}],"collection":[{"href":"https:\/\/www.journee-mondiale.com\/de\/wp-json\/wp\/v2\/posts"}],"about":[{"href":"https:\/\/www.journee-mondiale.com\/de\/wp-json\/wp\/v2\/types\/post"}],"author":[{"embeddable":true,"href":"https:\/\/www.journee-mondiale.com\/de\/wp-json\/wp\/v2\/users\/1"}],"replies":[{"embeddable":true,"href":"https:\/\/www.journee-mondiale.com\/de\/wp-json\/wp\/v2\/comments?post=12580"}],"version-history":[{"count":0,"href":"https:\/\/www.journee-mondiale.com\/de\/wp-json\/wp\/v2\/posts\/12580\/revisions"}],"wp:featuredmedia":[{"embeddable":true,"href":"https:\/\/www.journee-mondiale.com\/de\/wp-json\/wp\/v2\/media\/12579"}],"wp:attachment":[{"href":"https:\/\/www.journee-mondiale.com\/de\/wp-json\/wp\/v2\/media?parent=12580"}],"wp:term":[{"taxonomy":"category","embeddable":true,"href":"https:\/\/www.journee-mondiale.com\/de\/wp-json\/wp\/v2\/categories?post=12580"},{"taxonomy":"post_tag","embeddable":true,"href":"https:\/\/www.journee-mondiale.com\/de\/wp-json\/wp\/v2\/tags?post=12580"}],"curies":[{"name":"wp","href":"https:\/\/api.w.org\/{rel}","templated":true}]}}