{"id":12578,"date":"2025-03-16T01:55:10","date_gmt":"2025-03-16T00:55:10","guid":{"rendered":"https:\/\/www.journee-mondiale.com\/de\/diese-5-nagellackfarben-werden-den-sommer-2025-dominieren-und-warum-ich-mocca-mousse-nie-wieder-abwaeschen-will\/"},"modified":"2025-03-16T01:55:10","modified_gmt":"2025-03-16T00:55:10","slug":"diese-5-nagellackfarben-werden-den-sommer-2025-dominieren-und-warum-ich-mocca-mousse-nie-wieder-abwaeschen-will","status":"publish","type":"post","link":"https:\/\/www.journee-mondiale.com\/de\/diese-5-nagellackfarben-werden-den-sommer-2025-dominieren-und-warum-ich-mocca-mousse-nie-wieder-abwaeschen-will\/","title":{"rendered":"Diese 5 Nagellackfarben werden den Sommer 2025 dominieren (und warum ich Mocca Mousse nie wieder abw\u00e4schen will&#8230;)"},"content":{"rendered":"<p>Der Sommer 2025 bringt frischen Wind in die Nagelstudios und Badezimmer Deutschlands! W\u00e4hrend wir uns von den k\u00fchlen Fr\u00fchlingstagen verabschieden, halten aufregende <strong>Nagellacktrends<\/strong> Einzug, die von dezenter Eleganz bis hin zu mutigen Statements reichen. Ob f\u00fcr den Strandurlaub an Nord- und Ostsee oder den n\u00e4chsten Stadtbummel \u2013 die aktuellen Sommertrends bieten f\u00fcr jeden Geschmack das passende Finish. Lassen Sie sich inspirieren und entdecken Sie die Farben und Designs, die diesen Sommer unsere Fingerspitzen schm\u00fccken werden. <a href=\"https:\/\/www.journee-mondiale.com\/de\/category\/lebensstil\/\" target=\"_blank\">Lebensstil-Trends<\/a> zeigen: Unsere N\u00e4gel sind l\u00e4ngst mehr als nur ein Detail.<\/p>\n<h2>Die Farbpalette des Sommers 2025<\/h2>\n<p>Die Sommersaison \u00fcberrascht mit einer vielf\u00e4ltigen Palette, in der sowohl sanfte als auch intensive T\u00f6ne hervorstechen. <strong>Puderrosa<\/strong> bleibt ein Klassiker, der sich besonders f\u00fcr elegante Anl\u00e4sse eignet. &#8222;Rosa verk\u00f6rpert zeitlose Eleganz und l\u00e4sst sich wunderbar vom Tag in den Abend tragen&#8220;, erkl\u00e4rt Julia Winkler, renommierte Nagelk\u00fcnstlerin aus M\u00fcnchen. Auch <strong>Lavendelt\u00f6ne<\/strong> erleben einen bemerkenswerten Aufstieg und transportieren das sommerliche Gef\u00fchl der Provence direkt auf unsere Fingern\u00e4gel.<\/p>\n<h2>Mut zur Farbe: Royalblau und Mocca Mousse<\/h2>\n<p>F\u00fcr alle, die auff\u00e4lligere Statements bevorzugen, bietet der Sommer 2025 <strong>Royalblau<\/strong> als intensiven Blickfang. Das tiefe, leuchtende Blau harmoniert besonders mit gebr\u00e4unter Sommerhaut und wei\u00dfen Outfits. Der \u00dcberraschungskandidat der Saison ist jedoch <strong>Mocca Mousse<\/strong> \u2013 ein warmer, cremiger Braunton. &#8222;Mocca Mousse ist der Geheimtipp des Sommers und passt zu jedem Hautton&#8220;, verr\u00e4t Dr. Christine Schrammek, Expertin f\u00fcr Nagelgesundheit.<\/p>\n<h2>Kreativit\u00e4t kennt keine Grenzen: Mix &#038; Match<\/h2>\n<p>Der vielleicht aufregendste Trend ist die <strong>Mix &#038; Match-Technik<\/strong>, bei der verschiedene Farben und Muster kombiniert werden. Diese Technik erlaubt endlose M\u00f6glichkeiten, von dezenten Farb\u00fcberg\u00e4ngen bis hin zu mutigen Kontrasten. Besonders beliebt: unterschiedliche Farben auf jedem Finger oder verspielte Akzente nur auf dem Ring- und Mittelfinger. <a href=\"https:\/\/www.journee-mondiale.com\/de\/\" target=\"_blank\">Aktuelle Trendberichte<\/a> zeigen, dass dieser Freestyle-Trend nicht nur bei jungen Nagelkunstfans Anklang findet.<\/p>\n<h2>Dimensionen entdecken: 3D-Nailart<\/h2>\n<p>F\u00fcr besondere Anl\u00e4sse liegt <strong>3D-Nailart<\/strong> voll im Trend. Kleine Perlen, filigrane Strasssteine oder zarte metallische Akzente verleihen den N\u00e4geln eine besondere Textur und Tiefe. Nadine Breaty, Beauty-Influencerin aus Berlin, schw\u00e4rmt: &#8222;Neonfarben sind nicht nur ein Trend, sondern ein Ausdruck von Freiheit und Selbstbewusstsein \u2013 besonders, wenn sie mit 3D-Elementen kombiniert werden.&#8220;<\/p>\n<h2>So halten Ihre N\u00e4gel den Sommer durch<\/h2>\n<ul>\n<li><strong>Basislack<\/strong> nicht vergessen \u2013 er sch\u00fctzt den Nagel und verl\u00e4ngert die Haltbarkeit<\/li>\n<li>Regelm\u00e4\u00dfig mit <strong>Nagel\u00f6l<\/strong> pflegen, um Austrocknung zu vermeiden<\/li>\n<li>Bei Outdoor-Aktivit\u00e4ten <strong>Top Coat<\/strong> auffrischen f\u00fcr extra Schutz vor Abplatzen<\/li>\n<\/ul>\n<h2>Nachhaltige Sch\u00f6nheit im Fokus<\/h2>\n<p>Die deutsche Beauty-Szene legt zunehmend Wert auf <strong>Umweltbewusstsein<\/strong> und Nachhaltigkeit. <a href=\"https:\/\/www.journee-mondiale.com\/de\/juridisk-informationen\/\" target=\"_blank\">Nachhaltigkeit in der Kosmetikindustrie<\/a> ist mehr als ein Trend \u2013 viele Marken bieten mittlerweile vegane und &#8222;7-free&#8220; Formeln an, die auf bedenkliche Chemikalien verzichten. Wie eine frische Sommerbrise haben diese umweltfreundlichen Optionen den deutschen Markt erobert und beweisen, dass Sch\u00f6nheit und Verantwortung Hand in Hand gehen k\u00f6nnen.<\/p>\n<h2>Die historische Entwicklung der Nagellacktrends<\/h2>\n<p>Interessanterweise sind viele aktuelle Nagellacktrends <strong>wiederkehrende Klassiker<\/strong> mit modernem Twist. <a href=\"https:\/\/www.journee-mondiale.com\/de\/geschichte-der-welttage\/\" target=\"_blank\">Historische Entwicklung von Beauty-Trends<\/a> zeigt, dass Nagelkunst schon in den 1920er Jahren popul\u00e4r war, wenngleich mit limitierten Farboptionen. Heute verschmelzen internationale Einfl\u00fcsse mit <a href=\"https:\/\/www.journee-mondiale.com\/de\/category\/reisen\/\" target=\"_blank\">Reiseinspirationen f\u00fcr Modetrends<\/a> und erschaffen eine globale, aber dennoch lokal interpretierte Nagelkultur.<\/p>\n<h2>Sind Sie bereit f\u00fcr frischen Sommerglanz?<\/h2>\n<p>Die Nagellacktrends des Sommers 2025 gleichen einem bunten Eisbecher an einem hei\u00dfen Julitag \u2013 erfrischend, vielseitig und voller \u00dcberraschungen. Ob Sie sich f\u00fcr klassisches Puderrosa, mutiges Royalblau oder experimentelle 3D-Designs entscheiden \u2013 Ihre N\u00e4gel werden diesen Sommer definitiv zum Hingucker. Lassen Sie Ihrer Kreativit\u00e4t freien Lauf und entdecken Sie, welcher Trend Ihre Pers\u00f6nlichkeit am besten unterstreicht. Denn letztendlich sind unsere N\u00e4gel wie kleine Leinw\u00e4nde, auf denen wir unsere Stimmung und unseren Stil zum Ausdruck bringen k\u00f6nnen.<\/p>\n","protected":false},"excerpt":{"rendered":"<p>Der Sommer 2025 bringt frischen Wind in die Nagelstudios und Badezimmer Deutschlands! W\u00e4hrend wir uns von den k\u00fchlen Fr\u00fchlingstagen verabschieden, halten aufregende Nagellacktrends Einzug, die von dezenter Eleganz bis hin zu mutigen Statements reichen. Ob f\u00fcr den Strandurlaub an Nord- und Ostsee oder den n\u00e4chsten Stadtbummel \u2013 die aktuellen Sommertrends bieten f\u00fcr jeden Geschmack das &#8230; <a title=\"Diese 5 Nagellackfarben werden den Sommer 2025 dominieren (und warum ich Mocca Mousse nie wieder abw\u00e4schen will&#8230;)\" class=\"read-more\" href=\"https:\/\/www.journee-mondiale.com\/de\/diese-5-nagellackfarben-werden-den-sommer-2025-dominieren-und-warum-ich-mocca-mousse-nie-wieder-abwaeschen-will\/\" aria-label=\"Mehr Informationen \u00fcber Diese 5 Nagellackfarben werden den Sommer 2025 dominieren (und warum ich Mocca Mousse nie wieder abw\u00e4schen will&#8230;)\">Lire plus<\/a><\/p>\n","protected":false},"author":1,"featured_media":12577,"comment_status":"","ping_status":"","sticky":false,"template":"","format":"standard","meta":{"footnotes":""},"categories":[48],"tags":[],"class_list":["post-12578","post","type-post","status-publish","format-standard","has-post-thumbnail","hentry","category-lebensstil"],"acf":[],"_yoast_wpseo_primary_category":null,"_yoast_wpseo_title":null,"_yoast_wpseo_metadesc":null,"_links":{"self":[{"href":"https:\/\/www.journee-mondiale.com\/de\/wp-json\/wp\/v2\/posts\/12578","targetHints":{"allow":["GET"]}}],"collection":[{"href":"https:\/\/www.journee-mondiale.com\/de\/wp-json\/wp\/v2\/posts"}],"about":[{"href":"https:\/\/www.journee-mondiale.com\/de\/wp-json\/wp\/v2\/types\/post"}],"author":[{"embeddable":true,"href":"https:\/\/www.journee-mondiale.com\/de\/wp-json\/wp\/v2\/users\/1"}],"replies":[{"embeddable":true,"href":"https:\/\/www.journee-mondiale.com\/de\/wp-json\/wp\/v2\/comments?post=12578"}],"version-history":[{"count":0,"href":"https:\/\/www.journee-mondiale.com\/de\/wp-json\/wp\/v2\/posts\/12578\/revisions"}],"wp:featuredmedia":[{"embeddable":true,"href":"https:\/\/www.journee-mondiale.com\/de\/wp-json\/wp\/v2\/media\/12577"}],"wp:attachment":[{"href":"https:\/\/www.journee-mondiale.com\/de\/wp-json\/wp\/v2\/media?parent=12578"}],"wp:term":[{"taxonomy":"category","embeddable":true,"href":"https:\/\/www.journee-mondiale.com\/de\/wp-json\/wp\/v2\/categories?post=12578"},{"taxonomy":"post_tag","embeddable":true,"href":"https:\/\/www.journee-mondiale.com\/de\/wp-json\/wp\/v2\/tags?post=12578"}],"curies":[{"name":"wp","href":"https:\/\/api.w.org\/{rel}","templated":true}]}}