{"id":12574,"date":"2025-03-15T23:24:38","date_gmt":"2025-03-15T22:24:38","guid":{"rendered":"https:\/\/www.journee-mondiale.com\/de\/die-perfekte-harmonie-warum-mein-haarschnitt-nicht-zu-meinem-halsausschnitt-passte-und-wie-ich-es-in-3-tagen-korrigierte\/"},"modified":"2025-03-15T23:24:38","modified_gmt":"2025-03-15T22:24:38","slug":"die-perfekte-harmonie-warum-mein-haarschnitt-nicht-zu-meinem-halsausschnitt-passte-und-wie-ich-es-in-3-tagen-korrigierte","status":"publish","type":"post","link":"https:\/\/www.journee-mondiale.com\/de\/die-perfekte-harmonie-warum-mein-haarschnitt-nicht-zu-meinem-halsausschnitt-passte-und-wie-ich-es-in-3-tagen-korrigierte\/","title":{"rendered":"Die perfekte Harmonie: Warum mein Haarschnitt nicht zu meinem Halsausschnitt passte (und wie ich es in 3 Tagen korrigierte)"},"content":{"rendered":"<p>Der Fr\u00fchling 2025 bringt eine spannende Herausforderung f\u00fcr modebewusste Menschen: Die <strong>Harmonie zwischen Halsausschnitt und Haarschnitt<\/strong> r\u00fcckt ins Zentrum der Aufmerksamkeit. W\u00e4hrend wir die w\u00e4rmeren M\u00e4rztage begr\u00fc\u00dfen und dickere Pullover gegen leichtere Oberteile tauschen, wird das Zusammenspiel von Ausschnittform und Frisur wichtiger denn je. Aber wie findet man die perfekte Balance?<\/p>\n<h2>Die Wissenschaft hinter der perfekten Kombination<\/h2>\n<p>&#8222;Der Halsausschnitt bildet einen Rahmen f\u00fcr das Gesicht, genau wie der Haarschnitt. Beide m\u00fcssen miteinander kommunizieren, nicht konkurrieren&#8220;, erkl\u00e4rt <strong>Thomas Schmidt<\/strong>, Meisterfriseur im Berliner Salon &#8222;Haarkunst&#8220;. Diese Harmonie ist keine Zufallssache, sondern das Ergebnis bewusster Entscheidungen, die auf Gesichtsform, Halsform und pers\u00f6nlichem Stil basieren. Ein Blick auf die <a href=\"https:\/\/www.journee-mondiale.com\/de\/category\/lebensstil\/\" target=\"_blank\">Lebensstil-Trends 2025<\/a> zeigt: Individualit\u00e4t steht an erster Stelle.<\/p>\n<h2>Der Rundhalsausschnitt: Dein Frisuren-Match<\/h2>\n<p>Der klassische Crew-Neck schafft eine horizontale Linie, die am besten mit Frisuren harmoniert, die <strong>vertikale Bewegung<\/strong> erzeugen. Eine Kundin erz\u00e4hlte mir k\u00fcrzlich, wie ihr mittellanger Bob mit leichten Stufen pl\u00f6tzlich ganz anders wirkte, als sie vom V-Ausschnitt auf Rundhals umstieg \u2013 ihr Gesicht erschien weicher, femininer.<\/p>\n<ul>\n<li>Kurze bis mittellange Haarschnitte mit Textur<\/li>\n<li>Frisuren mit Volumen am Oberkopf<\/li>\n<li>Seitlicher Scheitel f\u00fcr asymmetrische Balance<\/li>\n<\/ul>\n<h2>V-Ausschnitt: So wird deine Frisur zum Blickfang<\/h2>\n<p>Der V-Ausschnitt ist wie ein nach unten zeigender Pfeil \u2013 er verl\u00e4ngert optisch und lenkt den Blick. &#8222;V-Ausschnitte schaffen Raum f\u00fcr <strong>rahmende Frisuren<\/strong>, die das Gesicht sanft umspielen&#8220;, betont <strong>Lisa Weber<\/strong> vom M\u00fcnchner Styling-Studio &#8222;Kopfsache&#8220;. Die nach unten f\u00fchrende Linie des V-Ausschnitts kann wunderbar durch weichere, rahmenbildende Haarschnitte erg\u00e4nzt werden.<\/p>\n<h2>Gesichtsform als Schl\u00fcsselfaktor<\/h2>\n<p>Wie ein Bilderrahmen das Kunstwerk betont, so unterst\u00fctzen die richtigen Kombinationen aus Ausschnitt und Haarschnitt die Vorz\u00fcge Ihres Gesichts. Bei <strong>runden Gesichtern<\/strong> schafft ein V-Ausschnitt mit stufigem, mittellangem Haar eine optische Verl\u00e4ngerung. Eckige Gesichter profitieren von weichen Wellen und Rundhalsausschnitten, die die Kanten mildern.<\/p>\n<h2>Die Fr\u00fchjahrs-Trends 2025<\/h2>\n<p>Mit dem Fr\u00fchling erleben wir eine Renaissance der <strong>halsfernen Bob-Varianten<\/strong>, die gen\u00fcgend Abstand zum Ausschnitt lassen und so eine visuelle Trennung schaffen. Der Neck-Cut \u2013 ein pr\u00e4ziser, am Nacken endender Schnitt \u2013 begeistert durch seine Vielseitigkeit bei verschiedenen Ausschnittvarianten. Entdecken Sie weitere <a href=\"https:\/\/www.journee-mondiale.com\/de\/\" target=\"_blank\">Aktuelle Mode-Guides<\/a> f\u00fcr die neuesten Entwicklungen.<\/p>\n<h2>M\u00e4nner-Special: Modernes Balancing f\u00fcr Ihn<\/h2>\n<p>Auch M\u00e4nner profitieren vom bewussten Matching. Der <strong>klassische Fade<\/strong> harmoniert hervorragend mit Rundhalsausschnitten, w\u00e4hrend l\u00e4ngere Oberpartien und texturierte Styles die vertikale Linie des V-Ausschnitts erg\u00e4nzen. Ein Kunde berichtete, wie sein Bartschnitt pl\u00f6tzlich viel harmonischer wirkte, nachdem er den Ausschnitt seiner T-Shirts angepasst hatte.<\/p>\n<ul>\n<li>Crew-Neck: Kurze Seiten, strukturierte Oberpartie<\/li>\n<li>V-Neck: L\u00e4ngere Styles mit mehr Volumen<\/li>\n<li>Textur als verbindendes Element<\/li>\n<\/ul>\n<h2>Der Einfluss der Saisonalit\u00e4t<\/h2>\n<p>W\u00e4hrend wir uns von der k\u00fchleren Jahreszeit verabschieden, ver\u00e4ndert sich auch das Zusammenspiel unserer <strong>Styling-Elemente<\/strong>. &#8222;Im Fr\u00fchling 2025 sehen wir eine R\u00fcckkehr zu luftigeren Schnitten, die mit den leichteren Stoffen und offeneren Ausschnitten der Saison harmonieren&#8220;, erkl\u00e4rt Trendforscher <strong>Martin Kraus<\/strong>. Die Geschichte zeigt, dass solche <a href=\"https:\/\/www.journee-mondiale.com\/de\/geschichte-der-welttage\/\" target=\"_blank\">Geschichte der Modetrends<\/a> einem wiederkehrenden Zyklus folgen.<\/p>\n<h2>Wie findet ihr euren pers\u00f6nlichen Balance-Stil?<\/h2>\n<p>Experimentiert mit verschiedenen Kombinationen vor dem Spiegel. Achtet darauf, wie unterschiedliche Ausschnitte und Frisuren das Gesamtbild ver\u00e4ndern. Manchmal kann ein kleines Detail \u2013 eine seitliche Str\u00e4hne, ein leicht tieferer Ausschnitt \u2013 den entscheidenden Unterschied machen. Bleibt offen f\u00fcr <a href=\"https:\/\/www.journee-mondiale.com\/de\/category\/reisen\/\" target=\"_blank\">Internationale Modetrends<\/a>, aber findet euren eigenen Stil. Denn am Ende ist Balance keine Frage der Regeln, sondern des pers\u00f6nlichen Wohlgef\u00fchls. <a href=\"https:\/\/www.journee-mondiale.com\/de\/feed\/\" target=\"_blank\">Trend-Updates abonnieren<\/a> kann dabei helfen, stets informiert zu bleiben.<\/p>\n","protected":false},"excerpt":{"rendered":"<p>Der Fr\u00fchling 2025 bringt eine spannende Herausforderung f\u00fcr modebewusste Menschen: Die Harmonie zwischen Halsausschnitt und Haarschnitt r\u00fcckt ins Zentrum der Aufmerksamkeit. W\u00e4hrend wir die w\u00e4rmeren M\u00e4rztage begr\u00fc\u00dfen und dickere Pullover gegen leichtere Oberteile tauschen, wird das Zusammenspiel von Ausschnittform und Frisur wichtiger denn je. Aber wie findet man die perfekte Balance? Die Wissenschaft hinter der &#8230; <a title=\"Die perfekte Harmonie: Warum mein Haarschnitt nicht zu meinem Halsausschnitt passte (und wie ich es in 3 Tagen korrigierte)\" class=\"read-more\" href=\"https:\/\/www.journee-mondiale.com\/de\/die-perfekte-harmonie-warum-mein-haarschnitt-nicht-zu-meinem-halsausschnitt-passte-und-wie-ich-es-in-3-tagen-korrigierte\/\" aria-label=\"Mehr Informationen \u00fcber Die perfekte Harmonie: Warum mein Haarschnitt nicht zu meinem Halsausschnitt passte (und wie ich es in 3 Tagen korrigierte)\">Lire plus<\/a><\/p>\n","protected":false},"author":1,"featured_media":12573,"comment_status":"","ping_status":"","sticky":false,"template":"","format":"standard","meta":{"footnotes":""},"categories":[48],"tags":[],"class_list":["post-12574","post","type-post","status-publish","format-standard","has-post-thumbnail","hentry","category-lebensstil"],"acf":[],"_yoast_wpseo_primary_category":null,"_yoast_wpseo_title":null,"_yoast_wpseo_metadesc":null,"_links":{"self":[{"href":"https:\/\/www.journee-mondiale.com\/de\/wp-json\/wp\/v2\/posts\/12574","targetHints":{"allow":["GET"]}}],"collection":[{"href":"https:\/\/www.journee-mondiale.com\/de\/wp-json\/wp\/v2\/posts"}],"about":[{"href":"https:\/\/www.journee-mondiale.com\/de\/wp-json\/wp\/v2\/types\/post"}],"author":[{"embeddable":true,"href":"https:\/\/www.journee-mondiale.com\/de\/wp-json\/wp\/v2\/users\/1"}],"replies":[{"embeddable":true,"href":"https:\/\/www.journee-mondiale.com\/de\/wp-json\/wp\/v2\/comments?post=12574"}],"version-history":[{"count":0,"href":"https:\/\/www.journee-mondiale.com\/de\/wp-json\/wp\/v2\/posts\/12574\/revisions"}],"wp:featuredmedia":[{"embeddable":true,"href":"https:\/\/www.journee-mondiale.com\/de\/wp-json\/wp\/v2\/media\/12573"}],"wp:attachment":[{"href":"https:\/\/www.journee-mondiale.com\/de\/wp-json\/wp\/v2\/media?parent=12574"}],"wp:term":[{"taxonomy":"category","embeddable":true,"href":"https:\/\/www.journee-mondiale.com\/de\/wp-json\/wp\/v2\/categories?post=12574"},{"taxonomy":"post_tag","embeddable":true,"href":"https:\/\/www.journee-mondiale.com\/de\/wp-json\/wp\/v2\/tags?post=12574"}],"curies":[{"name":"wp","href":"https:\/\/api.w.org\/{rel}","templated":true}]}}