{"id":12568,"date":"2025-03-15T19:14:32","date_gmt":"2025-03-15T18:14:32","guid":{"rendered":"https:\/\/www.journee-mondiale.com\/de\/ich-habe-diese-7-taegliche-haarpflege-rituale-nach-50-entdeckt-meine-grauen-haare-glaenzen-wieder-wie-mit-30\/"},"modified":"2025-03-15T19:14:32","modified_gmt":"2025-03-15T18:14:32","slug":"ich-habe-diese-7-taegliche-haarpflege-rituale-nach-50-entdeckt-meine-grauen-haare-glaenzen-wieder-wie-mit-30","status":"publish","type":"post","link":"https:\/\/www.journee-mondiale.com\/de\/ich-habe-diese-7-taegliche-haarpflege-rituale-nach-50-entdeckt-meine-grauen-haare-glaenzen-wieder-wie-mit-30\/","title":{"rendered":"Ich habe diese 7 t\u00e4gliche Haarpflege-Rituale nach 50 entdeckt (meine grauen Haare gl\u00e4nzen wieder wie mit 30)"},"content":{"rendered":"<p>Gl\u00e4nzendes Haar in den besten Jahren: So pflegen Sie Ihre Haare nach 50 im Fr\u00fchling<\/p>\n<p>Mit dem Fr\u00fchlingsanfang 2025 erwacht nicht nur die Natur zu neuem Leben \u2013 auch unsere Haare verdienen nach dem Winter besondere Aufmerksamkeit. Gerade f\u00fcr Frauen jenseits der 50 bringen die Jahre nat\u00fcrliche Ver\u00e4nderungen mit sich: Das Haar wird oft trockener, d\u00fcnner und verliert an Glanz. Doch keine Sorge! Mit den richtigen Pflegetipps k\u00f6nnen Sie Ihrer M\u00e4hne neues Leben einhauchen und f\u00fcr <strong>strahlenden Glanz<\/strong> sorgen. &#8222;Im Fr\u00fchling ist der ideale Zeitpunkt, um die Haarpflegeroutine zu \u00fcberdenken und anzupassen&#8220;, erkl\u00e4rt <strong>Maria Weber<\/strong>, Leiterin des renommierten Berliner Salons &#8222;Haarkunst 50plus&#8220;.<\/p>\n<h2>Die Grundlage: Von innen n\u00e4hren<\/h2>\n<p>Was viele nicht wissen: Gesundes Haar beginnt bei der Ern\u00e4hrung. &#8222;Nach 50 ben\u00f6tigt unser K\u00f6rper mehr spezifische N\u00e4hrstoffe, um die Haargesundheit zu unterst\u00fctzen&#8220;, betont <strong>Dr. Claudia Berger<\/strong>, Ern\u00e4hrungsberaterin mit Schwerpunkt auf Altersmedizin. Eine ausgewogene Ern\u00e4hrung mit <strong>Omega-3-Fetts\u00e4uren<\/strong> aus Lachs und Leinsamen sowie <strong>Biotin<\/strong> aus N\u00fcssen und Eiern bildet das Fundament f\u00fcr gl\u00e4nzendes Haar. Erg\u00e4nzen Sie Ihren Speiseplan mit diesen <a href=\"https:\/\/www.journee-mondiale.com\/de\/lebensstil\/megatrend-der-ernahrung-superfood.html\" target=\"_blank\">Superfoods in der Ern\u00e4hrung<\/a>, die zus\u00e4tzliche Vitamine liefern.<\/p>\n<h2>Fr\u00fchlingsfrische Feuchtigkeitspflege<\/h2>\n<p>Nach den trockenen Wintermonaten d\u00fcrstet Ihr Haar regelrecht nach Feuchtigkeit. Wechseln Sie jetzt zu <strong>sulfatfreien Shampoos<\/strong> mit hydratisierenden Inhaltsstoffen wie Argan\u00f6l oder Aloe Vera. Eine Kundin erz\u00e4hlte mir k\u00fcrzlich: &#8222;Seit ich auf milde Produkte umgestiegen bin, f\u00fchlen sich meine Haare an wie in meinen Drei\u00dfigern \u2013 geschmeidig und voller Leben!&#8220;<\/p>\n<h2>Die Magie der Kopfhautpflege<\/h2>\n<p>Stellen Sie sich Ihre Kopfhaut als fruchtbaren Garten vor, in dem Ihre Haare gedeihen. Eine regelm\u00e4\u00dfige <strong>Kopfhautmassage<\/strong> \u2013 idealerweise zweimal w\u00f6chentlich f\u00fcr je drei Minuten \u2013 regt die Durchblutung an und f\u00f6rdert gesundes Haarwachstum. Ich empfehle die Verwendung von warmem Argan\u00f6l f\u00fcr eine Tiefenwirkung, besonders im Fr\u00fchjahr, wenn die Kopfhaut nach dem Winter regenerationsbed\u00fcrftig ist.<\/p>\n<h2>Altersgerechte Schnitte f\u00fcr mehr Volumen<\/h2>\n<ul>\n<li>W\u00e4hlen Sie leichte, gestufte Schnitte f\u00fcr optisch mehr F\u00fclle<\/li>\n<li>Bevorzugen Sie schulter- oder kinnlange Frisuren f\u00fcr optimalen Schwung<\/li>\n<li>Setzen Sie auf weiche Fransen, um das Gesicht vorteilhaft zu umrahmen<\/li>\n<\/ul>\n<p>Die richtige Schnittfrequenz ist entscheidend: &#8222;Alle sechs bis acht Wochen sollte ein <strong>Pflegeschnitt<\/strong> erfolgen, um Spliss zu vermeiden und die Form zu erhalten&#8220;, empfiehlt Frisurenmeister Weber. F\u00fcr zus\u00e4tzlichen Schwung probieren Sie diese <a href=\"https:\/\/www.journee-mondiale.com\/de\/lebensstil\/wie-sie-ihren-haar-mehr-volumen-geben-konnen-8-tipps-fur-voluminoses-haar.html\" target=\"_blank\">Tipps f\u00fcr volumin\u00f6ses Haar<\/a>.<\/p>\n<h2>Sanfte Farbnuancen f\u00fcr jugendliche Frische<\/h2>\n<p>Wie ein Maler seine Leinwand mit warmen Farben zum Leben erweckt, k\u00f6nnen auch sanfte Haarfarben Ihrem Erscheinungsbild neue Energie verleihen. Entscheiden Sie sich f\u00fcr <strong>ammoniakfreie Colorationen<\/strong> und setzen Sie auf multidimensionale Farbtechniken wie Balayage oder feine Highlights, die dem Haar Tiefe und nat\u00fcrlichen Glanz verleihen.<\/p>\n<h2>Stress reduzieren \u2013 Haarausfall vermeiden<\/h2>\n<p>Stress ist wie ein stiller Dieb, der die Sch\u00f6nheit Ihres Haares stiehlt. Nach 50 reagiert unser K\u00f6rper oft sensibler auf <a href=\"https:\/\/www.journee-mondiale.com\/de\/lebensstil\/die-auswirkungen-von-stress-auf-ihren-korper.html\" target=\"_blank\">Auswirkungen von Stress<\/a>. Integrieren Sie t\u00e4gliche <strong>Entspannungs\u00fcbungen<\/strong> wie kurze Meditationen oder Atemtechniken in Ihren Alltag. Eine Tasse Kr\u00e4utertee am Abend kann Wunder wirken \u2013 f\u00fcr Ihr Wohlbefinden und indirekt auch f\u00fcr Ihre Haargesundheit.<\/p>\n<h2>Saisonale Anpassungen: Fr\u00fchlingserwachen f\u00fcr Ihr Haar<\/h2>\n<blockquote><p>\n&#8222;Im Fr\u00fchling sollten wir unsere Haarpflege \u00e4hnlich anpassen wie unsere Garderobe \u2013 leichter, frischer und mit Fokus auf Schutz vor den ersten intensiveren UV-Strahlen&#8220;, erkl\u00e4rt Haarstylistin Petra M\u00fcller aus M\u00fcnchen.\n<\/p><\/blockquote>\n<p>Erg\u00e4nzen Sie Ihre Routine mit einer leichten <strong>Leave-in-Pflege<\/strong> mit UV-Schutz und verzichten Sie auf schwere \u00d6le, die im Winter noch unverzichtbar waren. Die <a href=\"https:\/\/www.journee-mondiale.com\/de\/lebensstil\/hautpflege-nach-50-jahren-schonheitstipps-fur-reifere-haut.html\" target=\"_blank\">Hautpflege nach 50 Jahren<\/a> sollte ebenso saisonal angepasst werden wie Ihre Haarpflege.<\/p>\n<h2>Ihre Haarpracht \u2013 ein Ausdruck zeitloser Sch\u00f6nheit<\/h2>\n<p>Gesundes, gl\u00e4nzendes Haar ist keine Frage des Alters, sondern der richtigen Pflege. Mit diesen Fr\u00fchlings-Pflegetipps und einem ganzheitlichen Ansatz k\u00f6nnen Sie Ihrer Haarpracht neues Leben einhauchen. Denken Sie stets daran: Sch\u00f6nheit kennt kein Alter, nur verschiedene Ausdrucksformen. Entdecken Sie weitere <a href=\"https:\/\/www.journee-mondiale.com\/de\/lebensstil\/wellness-tipps-fur-einen-gesunden-korper-und-geist.html\" target=\"_blank\">Wellness-Tipps f\u00fcr K\u00f6rper und Geist<\/a>, um Ihre Sch\u00f6nheitsroutine abzurunden. Welche kleine Ver\u00e4nderung werden Sie heute f\u00fcr Ihr strahlendes Haar umsetzen?<\/p>\n","protected":false},"excerpt":{"rendered":"<p>Gl\u00e4nzendes Haar in den besten Jahren: So pflegen Sie Ihre Haare nach 50 im Fr\u00fchling Mit dem Fr\u00fchlingsanfang 2025 erwacht nicht nur die Natur zu neuem Leben \u2013 auch unsere Haare verdienen nach dem Winter besondere Aufmerksamkeit. Gerade f\u00fcr Frauen jenseits der 50 bringen die Jahre nat\u00fcrliche Ver\u00e4nderungen mit sich: Das Haar wird oft trockener, &#8230; <a title=\"Ich habe diese 7 t\u00e4gliche Haarpflege-Rituale nach 50 entdeckt (meine grauen Haare gl\u00e4nzen wieder wie mit 30)\" class=\"read-more\" href=\"https:\/\/www.journee-mondiale.com\/de\/ich-habe-diese-7-taegliche-haarpflege-rituale-nach-50-entdeckt-meine-grauen-haare-glaenzen-wieder-wie-mit-30\/\" aria-label=\"Mehr Informationen \u00fcber Ich habe diese 7 t\u00e4gliche Haarpflege-Rituale nach 50 entdeckt (meine grauen Haare gl\u00e4nzen wieder wie mit 30)\">Lire plus<\/a><\/p>\n","protected":false},"author":1,"featured_media":12567,"comment_status":"","ping_status":"","sticky":false,"template":"","format":"standard","meta":{"footnotes":""},"categories":[48],"tags":[],"class_list":["post-12568","post","type-post","status-publish","format-standard","has-post-thumbnail","hentry","category-lebensstil"],"acf":[],"_yoast_wpseo_primary_category":null,"_yoast_wpseo_title":null,"_yoast_wpseo_metadesc":null,"_links":{"self":[{"href":"https:\/\/www.journee-mondiale.com\/de\/wp-json\/wp\/v2\/posts\/12568","targetHints":{"allow":["GET"]}}],"collection":[{"href":"https:\/\/www.journee-mondiale.com\/de\/wp-json\/wp\/v2\/posts"}],"about":[{"href":"https:\/\/www.journee-mondiale.com\/de\/wp-json\/wp\/v2\/types\/post"}],"author":[{"embeddable":true,"href":"https:\/\/www.journee-mondiale.com\/de\/wp-json\/wp\/v2\/users\/1"}],"replies":[{"embeddable":true,"href":"https:\/\/www.journee-mondiale.com\/de\/wp-json\/wp\/v2\/comments?post=12568"}],"version-history":[{"count":0,"href":"https:\/\/www.journee-mondiale.com\/de\/wp-json\/wp\/v2\/posts\/12568\/revisions"}],"wp:featuredmedia":[{"embeddable":true,"href":"https:\/\/www.journee-mondiale.com\/de\/wp-json\/wp\/v2\/media\/12567"}],"wp:attachment":[{"href":"https:\/\/www.journee-mondiale.com\/de\/wp-json\/wp\/v2\/media?parent=12568"}],"wp:term":[{"taxonomy":"category","embeddable":true,"href":"https:\/\/www.journee-mondiale.com\/de\/wp-json\/wp\/v2\/categories?post=12568"},{"taxonomy":"post_tag","embeddable":true,"href":"https:\/\/www.journee-mondiale.com\/de\/wp-json\/wp\/v2\/tags?post=12568"}],"curies":[{"name":"wp","href":"https:\/\/api.w.org\/{rel}","templated":true}]}}