{"id":12564,"date":"2025-03-15T16:36:08","date_gmt":"2025-03-15T15:36:08","guid":{"rendered":"https:\/\/www.journee-mondiale.com\/de\/7-geheimwaffen-fuer-strahlende-haut-ab-70-meine-mutter-schwoert-auf-nr-3\/"},"modified":"2025-03-15T16:36:08","modified_gmt":"2025-03-15T15:36:08","slug":"7-geheimwaffen-fuer-strahlende-haut-ab-70-meine-mutter-schwoert-auf-nr-3","status":"publish","type":"post","link":"https:\/\/www.journee-mondiale.com\/de\/7-geheimwaffen-fuer-strahlende-haut-ab-70-meine-mutter-schwoert-auf-nr-3\/","title":{"rendered":"7 Geheimwaffen f\u00fcr strahlende Haut ab 70 (meine Mutter schw\u00f6rt auf Nr. 3)"},"content":{"rendered":"<p>Fr\u00fchlingsfrische Hautpflege f\u00fcr den reifen Teint \u2013 So strahlt Ihre Haut im Alter<\/p>\n<h2>Warum gerade im Fr\u00fchling die Hautpflege besonders wichtig wird<\/h2>\n<p>Mit dem Erwachen der Natur im M\u00e4rz 2025 sehnt sich auch unsere Haut nach Erneuerung. F\u00fcr Frauen in den Siebzigern bedeutet der Jahreszeitenwechsel eine besondere Herausforderung, da reife Haut im Fr\u00fchling oft mit vergr\u00f6\u00dferten Poren und ungleichm\u00e4\u00dfigem Teint zu k\u00e4mpfen hat. &#8222;Der \u00dcbergang vom Winter zum Fr\u00fchling ist die <strong>ideale Zeit<\/strong>, um die Hautpflegeroutine anzupassen und sich auf Porenverfeinerung und Aufhellung zu konzentrieren&#8220;, erkl\u00e4rt Dr. Barbara Sturm, renommierte deutsche Dermatologin.<\/p>\n<h2>Die Power-Inhaltsstoffe f\u00fcr strahlende Haut im Fr\u00fchjahr<\/h2>\n<p>Zwei Inhaltsstoffe erleben derzeit einen regelrechten Boom auf dem deutschen Markt: <strong>Niacinamid<\/strong> und <strong>Vitamin C<\/strong>. &#8222;Vitamin C ist ein wahrer Superstar f\u00fcr die Hautaufhellung und bietet gleichzeitig Schutz vor Umweltstress,&#8220; betont Dr. Sturm. Diese Wirkstoffe funktionieren wie ein Fr\u00fchjahrsputz f\u00fcr die Haut \u2013 sie kl\u00e4ren, verfeinern und sorgen f\u00fcr einen ebenm\u00e4\u00dfigen Teint.<\/p>\n<h2>Gesunde Hautbarriere \u2013 der Schl\u00fcssel zu feinen Poren<\/h2>\n<p>Eine intakte Hautbarriere ist wie ein unsichtbarer Schutzschild gegen \u00e4u\u00dfere Einfl\u00fcsse. &#8222;Niacinamid ist ein vielseitiger Inhaltsstoff, der nicht nur die Haut aufhellt, sondern auch die <strong>Hautbarriere st\u00e4rkt<\/strong>,&#8220; erl\u00e4utert Dr. Sarah Thompson. Gerade nach den trockenen Wintermonaten profitieren \u00e4ltere Hauttypen von dieser doppelten Wirkung.<\/p>\n<h2>Sanfte Erneuerung mit Alpha-Hydroxys\u00e4uren<\/h2>\n<p>F\u00fcr die Fr\u00fchjahrszeit empfehlen Experten speziell <strong>Alpha-Hydroxys\u00e4uren<\/strong>. &#8222;Alpha-Hydroxys\u00e4uren sind ideal f\u00fcr die Fr\u00fchjahrszeit, da sie die Haut erneuern und aufhellen,&#8220; so Dr. Eleanor Green. Sie wirken wie ein sanfter Fr\u00fchlingsregen, der die oberste Hautschicht abtragen und die frische, strahlende Haut darunter zum Vorschein bringen kann.<\/p>\n<h2>Die wichtigsten Bausteine Ihrer Fr\u00fchjahrs-Hautpflege<\/h2>\n<ul>\n<li>T\u00e4gliche Reinigung mit milden, porenkl\u00e4renden Produkten<\/li>\n<li>Serum mit aufhellenden Wirkstoffen wie Vitamin C oder Niacinamid<\/li>\n<li>Feuchtigkeitspflege mit porenverfeinernden Eigenschaften<\/li>\n<li><a href=\"https:\/\/www.journee-mondiale.com\/de\/category\/lebensstil\/\" target=\"_blank\">Regelm\u00e4\u00dfige Hautpflegeroutine<\/a> mit w\u00f6chentlichen Peelings<\/li>\n<\/ul>\n<h2>Der unsichtbare Schutzschild: Sonnenschutz neu gedacht<\/h2>\n<p>Sonnenschutz ist nicht nur im Hochsommer unverzichtbar. &#8222;Im Fr\u00fchjahr untersch\u00e4tzen viele die <strong>UV-Strahlung<\/strong>, dabei ist sie gerade dann besonders intensiv,&#8220; warnt Dr. Sturm. Ein leichter Sonnenschutz mit LSF 30 sollte daher t\u00e4glich angewendet werden, besonders bei aufhellenden Pflegeprodukten. <a href=\"https:\/\/www.journee-mondiale.com\/de\/category\/reisen\/\" target=\"_blank\">Hautpflege auf Reisen<\/a> erfordert besondere Aufmerksamkeit beim Sonnenschutz.<\/p>\n<h2>Deutsche Qualit\u00e4tsmarken f\u00fcr reife Haut<\/h2>\n<p>Der deutsche Markt bietet eine F\u00fclle hochwertiger <strong>Hautpflegeprodukte<\/strong> speziell f\u00fcr reife Haut. Marken wie Dr. Hauschka und Weleda setzen auf nat\u00fcrliche Inhaltsstoffe, w\u00e4hrend La Roche-Posay und Dermalogica wissenschaftlich fundierte Formeln anbieten. <a href=\"https:\/\/www.journee-mondiale.com\/de\/juridisk-informationen\/\" target=\"_blank\">Produktsicherheit und Inhaltsstoffe<\/a> sollten beim Kauf stets gepr\u00fcft werden.<\/p>\n<h2>Der nachhaltige Beauty-Trend setzt sich durch<\/h2>\n<ul>\n<li>Umweltfreundliche Verpackungen aus recyceltem Material<\/li>\n<li>Nat\u00fcrliche, ethisch gewonnene Inhaltsstoffe<\/li>\n<li>Verzicht auf Mikroplastik und bedenkliche Konservierungsstoffe<\/li>\n<\/ul>\n<h2>Innere Sch\u00f6nheit f\u00fcr \u00e4u\u00dfere Strahlkraft<\/h2>\n<p>Die Hautpflege von au\u00dfen ist nur ein Teil der Gleichung. Eine ausgewogene Ern\u00e4hrung mit viel <strong>Antioxidantien<\/strong> aus frischem Obst und Gem\u00fcse unterst\u00fctzt die Hautgesundheit von innen. &#8222;Meine 75-j\u00e4hrige Mutter schw\u00f6rt auf ihren t\u00e4glichen Granatapfelsaft f\u00fcr strahlende Haut,&#8220; erz\u00e4hlt Hautpflegeexpertin Nadine Biskupek.<\/p>\n<h2>Der Wandel der Zeit: Fr\u00fcher und heute<\/h2>\n<p>W\u00e4hrend fr\u00fcher oft schwere Cremes und aggressive Peelings zum Einsatz kamen, setzt die moderne <strong>Hautpflege<\/strong> auf sanftere Methoden. <a href=\"https:\/\/www.journee-mondiale.com\/de\/geschichte-der-welttage\/\" target=\"_blank\">Die Entwicklung der Hautpflege im Laufe der Zeit<\/a> zeigt einen deutlichen Trend zu schonenderen, aber dennoch effektiven Formeln.<\/p>\n<p>Wie werden Sie Ihrer Haut diesen Fr\u00fchling neues Leben einhauchen? Mit den richtigen Produkten und einer konsequenten Routine kann jede Frau in den Siebzigern einen ebenm\u00e4\u00dfigen, strahlenden Teint genie\u00dfen. <a href=\"https:\/\/www.journee-mondiale.com\/de\/\" target=\"_blank\">Aktuelle Hautpflege-Trends<\/a> bieten immer neue Inspirationen f\u00fcr Ihre pers\u00f6nliche Sch\u00f6nheitsreise.<\/p>\n","protected":false},"excerpt":{"rendered":"<p>Fr\u00fchlingsfrische Hautpflege f\u00fcr den reifen Teint \u2013 So strahlt Ihre Haut im Alter Warum gerade im Fr\u00fchling die Hautpflege besonders wichtig wird Mit dem Erwachen der Natur im M\u00e4rz 2025 sehnt sich auch unsere Haut nach Erneuerung. F\u00fcr Frauen in den Siebzigern bedeutet der Jahreszeitenwechsel eine besondere Herausforderung, da reife Haut im Fr\u00fchling oft mit &#8230; <a title=\"7 Geheimwaffen f\u00fcr strahlende Haut ab 70 (meine Mutter schw\u00f6rt auf Nr. 3)\" class=\"read-more\" href=\"https:\/\/www.journee-mondiale.com\/de\/7-geheimwaffen-fuer-strahlende-haut-ab-70-meine-mutter-schwoert-auf-nr-3\/\" aria-label=\"Mehr Informationen \u00fcber 7 Geheimwaffen f\u00fcr strahlende Haut ab 70 (meine Mutter schw\u00f6rt auf Nr. 3)\">Lire plus<\/a><\/p>\n","protected":false},"author":1,"featured_media":12563,"comment_status":"","ping_status":"","sticky":false,"template":"","format":"standard","meta":{"footnotes":""},"categories":[48],"tags":[],"class_list":["post-12564","post","type-post","status-publish","format-standard","has-post-thumbnail","hentry","category-lebensstil"],"acf":[],"_yoast_wpseo_primary_category":null,"_yoast_wpseo_title":null,"_yoast_wpseo_metadesc":null,"_links":{"self":[{"href":"https:\/\/www.journee-mondiale.com\/de\/wp-json\/wp\/v2\/posts\/12564","targetHints":{"allow":["GET"]}}],"collection":[{"href":"https:\/\/www.journee-mondiale.com\/de\/wp-json\/wp\/v2\/posts"}],"about":[{"href":"https:\/\/www.journee-mondiale.com\/de\/wp-json\/wp\/v2\/types\/post"}],"author":[{"embeddable":true,"href":"https:\/\/www.journee-mondiale.com\/de\/wp-json\/wp\/v2\/users\/1"}],"replies":[{"embeddable":true,"href":"https:\/\/www.journee-mondiale.com\/de\/wp-json\/wp\/v2\/comments?post=12564"}],"version-history":[{"count":0,"href":"https:\/\/www.journee-mondiale.com\/de\/wp-json\/wp\/v2\/posts\/12564\/revisions"}],"wp:featuredmedia":[{"embeddable":true,"href":"https:\/\/www.journee-mondiale.com\/de\/wp-json\/wp\/v2\/media\/12563"}],"wp:attachment":[{"href":"https:\/\/www.journee-mondiale.com\/de\/wp-json\/wp\/v2\/media?parent=12564"}],"wp:term":[{"taxonomy":"category","embeddable":true,"href":"https:\/\/www.journee-mondiale.com\/de\/wp-json\/wp\/v2\/categories?post=12564"},{"taxonomy":"post_tag","embeddable":true,"href":"https:\/\/www.journee-mondiale.com\/de\/wp-json\/wp\/v2\/tags?post=12564"}],"curies":[{"name":"wp","href":"https:\/\/api.w.org\/{rel}","templated":true}]}}