{"id":12544,"date":"2025-03-15T02:35:29","date_gmt":"2025-03-15T01:35:29","guid":{"rendered":"https:\/\/www.journee-mondiale.com\/de\/diese-jeans-entscheidung-fuer-frauen-und-maenner-ueber-50-veraendert-ihre-fruehlingsgarderobe-der-unerwartete-grund\/"},"modified":"2025-03-15T02:35:29","modified_gmt":"2025-03-15T01:35:29","slug":"diese-jeans-entscheidung-fuer-frauen-und-maenner-ueber-50-veraendert-ihre-fruehlingsgarderobe-der-unerwartete-grund","status":"publish","type":"post","link":"https:\/\/www.journee-mondiale.com\/de\/diese-jeans-entscheidung-fuer-frauen-und-maenner-ueber-50-veraendert-ihre-fruehlingsgarderobe-der-unerwartete-grund\/","title":{"rendered":"Diese Jeans-Entscheidung f\u00fcr Frauen und M\u00e4nner \u00fcber 50 ver\u00e4ndert Ihre Fr\u00fchlingsgarderobe (der unerwartete Grund&#8230;)"},"content":{"rendered":"<p>Mit dem Fr\u00fchling vor der T\u00fcr stellt sich f\u00fcr viele Frauen und M\u00e4nner \u00fcber 50 die Frage: <strong>Stretch Jeans<\/strong> oder klassisches Denim? Diese Entscheidung beeinflusst nicht nur den Komfort im Alltag, sondern auch wie wir uns pr\u00e4sentieren. W\u00e4hrend die Temperaturen langsam steigen, wird die Wahl der perfekten Jeans wieder aktuell \u2013 besonders f\u00fcr alle, die nach dem Winter ihre Garderobe auffrischen m\u00f6chten.<\/p>\n<h2>Der entscheidende Unterschied: Flexibilit\u00e4t trifft Tradition<\/h2>\n<p>Modische Freiheit beginnt bei der richtigen Materialwahl. <strong>Stretch Jeans<\/strong> enthalten Elastanfasern, die f\u00fcr Bewegungsfreiheit sorgen, w\u00e4hrend klassisches Denim aus reiner Baumwolle besteht und mit der Zeit Form und Charakter entwickelt. &#8222;Mit zunehmendem Alter ver\u00e4ndert sich unser K\u00f6rper, und unsere Garderobe sollte diese Ver\u00e4nderungen respektieren, nicht bek\u00e4mpfen&#8220;, erkl\u00e4rt Modeberaterin Claudia Winter aus M\u00fcnchen.<\/p>\n<h2>Vorteile von Stretch Jeans f\u00fcr den aktiven Fr\u00fchling<\/h2>\n<p>Die <a href=\"https:\/\/www.journee-mondiale.com\/de\/category\/lebensstil\/\" target=\"_blank\">Modetrends f\u00fcr \u00c4ltere<\/a> zeigen deutlich: Bewegungsfreiheit steht hoch im Kurs. <strong>Elastische Denim-Varianten<\/strong> bieten gerade bei Fr\u00fchlingsaktivit\u00e4ten unschlagbare Vorteile:<\/p>\n<ul>\n<li>Mehr Komfort beim B\u00fccken und Strecken im Garten<\/li>\n<li>Perfekte Passform auch nach stundenlangem Sitzen<\/li>\n<li>Schonung empfindlicher Gelenke durch weniger Widerstand<\/li>\n<\/ul>\n<h2>Die zeitlose Eleganz von klassischem Denim<\/h2>\n<p>Stylist Thomas Berger vergleicht <strong>Regular Denim<\/strong> mit einem guten Wein: &#8222;Je \u00e4lter, desto charaktervoller. Klassische Jeans entwickeln eine pers\u00f6nliche Patina, die so einzigartig ist wie ihr Tr\u00e4ger.&#8220; Dieser Charme von traditionellem Denim l\u00e4sst sich durch nichts ersetzen und verleiht selbst lockeren Fr\u00fchlings-Outfits eine gewisse Ernsthaftigkeit.<\/p>\n<h2>Was Experten f\u00fcr den Alltag empfehlen<\/h2>\n<p>&#8222;F\u00fcr den <a href=\"https:\/\/www.journee-mondiale.com\/de\/category\/lebensstil\/\" target=\"_blank\">Komfort im Alltag<\/a> rate ich meinen Kunden \u00fcber 50 zu hochwertigen Stretch-Varianten mit mindestens 2% Elastan&#8220;, empfiehlt Stilberaterin Andrea Kohlmann. Wie ein gut eingestelltes Instrument passen sich diese Jeans perfekt an die individuellen Bed\u00fcrfnisse an, ohne einzuengen.<\/p>\n<h2>Die Formbest\u00e4ndigkeit im Vergleich<\/h2>\n<p>Ein h\u00e4ufiges Vorurteil gegen\u00fcber Stretch Jeans ist ihre angeblich geringere <strong>Haltbarkeit<\/strong>. Doch moderne Technologien haben dieses Problem weitgehend gel\u00f6st. Neuere Modelle mit Core Spun Yarn-Technologie halten ihre Form deutlich l\u00e4nger als fr\u00fchere Generationen. Dennoch beh\u00e4lt klassisches Denim hier einen leichten Vorteil.<\/p>\n<h2>Die richtige Jeans f\u00fcr verschiedene K\u00f6rpertypen nach 50<\/h2>\n<p>Unsere K\u00f6rper erz\u00e4hlen Geschichten \u2013 von Erfahrungen, Kindern und genossenen Mahlzeiten. Die ideale Jeanswahl ber\u00fccksichtigt diese Entwicklungen:<\/p>\n<ul>\n<li>Bei H\u00fcftproblemen: Stretch-Modelle mit h\u00f6herem Bund<\/li>\n<li>Bei sportlicher Figur: Klassisches Denim mit geradem Schnitt<\/li>\n<li>Bei Bauchanstaz: Leichter Stretch mit Komfortbund<\/li>\n<\/ul>\n<h2>Qualit\u00e4t und Nachhaltigkeit \u2013 was wirklich z\u00e4hlt<\/h2>\n<p>Die <a href=\"https:\/\/www.journee-mondiale.com\/de\/category\/lebensstil\/\" target=\"_blank\">Qualit\u00e4t bei Kleidung<\/a> wird mit dem Alter oft wichtiger als kurzlebige Trends. &#8222;Eine hochwertige Jeans ist wie ein treuer Freund \u2013 sie begleitet Sie jahrelang&#8220;, betont <strong>Nachhaltigkeitsexpertin<\/strong> Martina Sch\u00e4fer. Besonders deutsche Konsumenten \u00fcber 50 legen Wert auf <a href=\"https:\/\/www.journee-mondiale.com\/de\/category\/lebensstil\/\" target=\"_blank\">nachhaltige Mode<\/a>, die langlebig ist und ethisch produziert wird.<\/p>\n<h2>F\u00fcr Reisen und Unterwegs: Die klare Empfehlung<\/h2>\n<p>Wer im Fr\u00fchling wieder mehr unterwegs ist, sollte auf <a href=\"https:\/\/www.journee-mondiale.com\/de\/category\/reisen\/\" target=\"_blank\">passende Kleidung f\u00fcr Reisen<\/a> achten. <strong>Stretch-Varianten<\/strong> bew\u00e4hren sich hier besonders \u2013 sie bleiben auch nach stundenlangen Zugfahrten oder Autofahrten komfortabel und knitterfrei. Wie ein geduldiger Reisebegleiter passen sie sich jeder Situation an, ohne einzuengen.<\/p>\n<h2>Was ist nun die beste Wahl f\u00fcr die Generation 50+?<\/h2>\n<p>Die perfekte Jeans nach 50 ist keine Frage des Entweder-oder, sondern des Sowohl-als-auch. Idealerweise enth\u00e4lt jede gut sortierte Garderobe beides: Stretch-Modelle f\u00fcr aktive Fr\u00fchlingstage und klassisches Denim f\u00fcr Anl\u00e4sse, bei denen der zeitlose Look z\u00e4hlt. H\u00f6ren Sie auf Ihren K\u00f6rper und seine Bed\u00fcrfnisse \u2013 er ist der beste Ratgeber f\u00fcr Ihre pers\u00f6nliche Jeansauswahl in diesem Fr\u00fchling und dar\u00fcber hinaus.<\/p>\n","protected":false},"excerpt":{"rendered":"<p>Mit dem Fr\u00fchling vor der T\u00fcr stellt sich f\u00fcr viele Frauen und M\u00e4nner \u00fcber 50 die Frage: Stretch Jeans oder klassisches Denim? Diese Entscheidung beeinflusst nicht nur den Komfort im Alltag, sondern auch wie wir uns pr\u00e4sentieren. W\u00e4hrend die Temperaturen langsam steigen, wird die Wahl der perfekten Jeans wieder aktuell \u2013 besonders f\u00fcr alle, die &#8230; <a title=\"Diese Jeans-Entscheidung f\u00fcr Frauen und M\u00e4nner \u00fcber 50 ver\u00e4ndert Ihre Fr\u00fchlingsgarderobe (der unerwartete Grund&#8230;)\" class=\"read-more\" href=\"https:\/\/www.journee-mondiale.com\/de\/diese-jeans-entscheidung-fuer-frauen-und-maenner-ueber-50-veraendert-ihre-fruehlingsgarderobe-der-unerwartete-grund\/\" aria-label=\"Mehr Informationen \u00fcber Diese Jeans-Entscheidung f\u00fcr Frauen und M\u00e4nner \u00fcber 50 ver\u00e4ndert Ihre Fr\u00fchlingsgarderobe (der unerwartete Grund&#8230;)\">Lire plus<\/a><\/p>\n","protected":false},"author":1,"featured_media":12543,"comment_status":"","ping_status":"","sticky":false,"template":"","format":"standard","meta":{"footnotes":""},"categories":[48],"tags":[],"class_list":["post-12544","post","type-post","status-publish","format-standard","has-post-thumbnail","hentry","category-lebensstil"],"acf":[],"_yoast_wpseo_primary_category":null,"_yoast_wpseo_title":null,"_yoast_wpseo_metadesc":null,"_links":{"self":[{"href":"https:\/\/www.journee-mondiale.com\/de\/wp-json\/wp\/v2\/posts\/12544","targetHints":{"allow":["GET"]}}],"collection":[{"href":"https:\/\/www.journee-mondiale.com\/de\/wp-json\/wp\/v2\/posts"}],"about":[{"href":"https:\/\/www.journee-mondiale.com\/de\/wp-json\/wp\/v2\/types\/post"}],"author":[{"embeddable":true,"href":"https:\/\/www.journee-mondiale.com\/de\/wp-json\/wp\/v2\/users\/1"}],"replies":[{"embeddable":true,"href":"https:\/\/www.journee-mondiale.com\/de\/wp-json\/wp\/v2\/comments?post=12544"}],"version-history":[{"count":0,"href":"https:\/\/www.journee-mondiale.com\/de\/wp-json\/wp\/v2\/posts\/12544\/revisions"}],"wp:featuredmedia":[{"embeddable":true,"href":"https:\/\/www.journee-mondiale.com\/de\/wp-json\/wp\/v2\/media\/12543"}],"wp:attachment":[{"href":"https:\/\/www.journee-mondiale.com\/de\/wp-json\/wp\/v2\/media?parent=12544"}],"wp:term":[{"taxonomy":"category","embeddable":true,"href":"https:\/\/www.journee-mondiale.com\/de\/wp-json\/wp\/v2\/categories?post=12544"},{"taxonomy":"post_tag","embeddable":true,"href":"https:\/\/www.journee-mondiale.com\/de\/wp-json\/wp\/v2\/tags?post=12544"}],"curies":[{"name":"wp","href":"https:\/\/api.w.org\/{rel}","templated":true}]}}