{"id":12542,"date":"2025-03-15T02:35:24","date_gmt":"2025-03-15T01:35:24","guid":{"rendered":"https:\/\/www.journee-mondiale.com\/de\/warum-ich-bei-reifem-haar-nie-mehr-mit-250-grad-foehne-diese-15-sekunden-methode-verdoppelt-den-glanz\/"},"modified":"2025-03-15T02:35:24","modified_gmt":"2025-03-15T01:35:24","slug":"warum-ich-bei-reifem-haar-nie-mehr-mit-250-grad-foehne-diese-15-sekunden-methode-verdoppelt-den-glanz","status":"publish","type":"post","link":"https:\/\/www.journee-mondiale.com\/de\/warum-ich-bei-reifem-haar-nie-mehr-mit-250-grad-foehne-diese-15-sekunden-methode-verdoppelt-den-glanz\/","title":{"rendered":"Warum ich bei reifem Haar nie mehr mit 250 Grad f\u00f6hne (diese 15-Sekunden-Methode verdoppelt den Glanz)"},"content":{"rendered":"<p>Der Fr\u00fchling ist da, und mit ihm die perfekte Zeit, um unserem Haar einen frischen Look zu verleihen! Die <strong>F\u00f6hntechniken<\/strong> haben sich bis 2025 stark weiterentwickelt \u2013 besonders wenn es darum geht, reiferes Haar schonend zu stylen. Mit den richtigen Methoden zauberst du einen professionellen Look, ohne dein Haar zu strapazieren. Lass uns gemeinsam in die Welt der schonenden Blow-Dry-Techniken eintauchen, die dein Haar in diesem Fr\u00fchling zum Leben erwecken werden. <a href=\"https:\/\/www.journee-mondiale.com\/de\/geschichte-der-welttage\/\" target=\"_blank\">Trends im Wandel der Zeit<\/a> zeigen: Haarstyling wird immer intelligenter und haarfreundlicher.<\/p>\n<h2>Die Revolution der schonenden F\u00f6hntechniken<\/h2>\n<p>\u201eDie <strong>F\u00f6hntechniken<\/strong> von 2025 fokussieren sich auf Haargesundheit und nicht nur auf das Styling-Ergebnis&#8220;, erkl\u00e4rt Thomas Schmidt, Meisterfriseur im Berliner Salon &#8222;Haarkunst&#8220;. \u201eBesonders f\u00fcr reiferes Haar, das oft trockener und empfindlicher ist, bieten moderne Techniken den perfekten Kompromiss zwischen Pflege und Styling.&#8220; <a href=\"https:\/\/www.journee-mondiale.com\/de\/category\/lebensstil\/\" target=\"_blank\">Lebensstil-Tipps<\/a> best\u00e4tigen: Der Trend geht eindeutig zu ges\u00fcnderem Haarstyling.<\/p>\n<h2>Das perfekte F\u00f6hnen beginnt mit der Vorbereitung<\/h2>\n<p>Wie ein K\u00fcnstler seine Leinwand grundiert, solltest auch du dein Haar vorbereiten. Die <strong>80\/20-Regel<\/strong> ist hier der Schl\u00fcssel: Lass dein Haar zu 80% lufttrocknen, bevor du zum F\u00f6hn greifst. Dadurch reduzierst du die Hitzeeinwirkung drastisch und schonst die Haarstruktur \u2013 eine Technik, die besonders bei reifem Haar Wunder wirkt.<\/p>\n<ul>\n<li>Verwende immer einen hochwertigen <strong>Hitzeschutz<\/strong><\/li>\n<li>F\u00f6hne mit mindestens 15 cm Abstand<\/li>\n<li>Arbeite mit mittlerer Temperatur statt H\u00f6chststufe<\/li>\n<\/ul>\n<h2>Die Sektions-Technik: Der Geheimtipp der Profis<\/h2>\n<p>\u201eWenn ich meine Kundinnen mit reifem Haar style, arbeite ich immer mit der <strong>Sektions-Methode<\/strong>&#8222;, verr\u00e4t Claudia Weber, Hair-Stylistin aus M\u00fcnchen. \u201eDas Haar in 4-5 Partien zu teilen und diese nacheinander zu bearbeiten, gibt dir absolute Kontrolle und verhindert \u00fcberm\u00e4\u00dfige Hitzeeinwirkung auf einzelne Str\u00e4hnen.&#8220;<\/p>\n<h2>Die perfekte B\u00fcrstenwahl f\u00fcr verschiedene Haartypen<\/h2>\n<p>Die B\u00fcrste ist wie das Werkzeug eines Bildhauers \u2013 entscheidend f\u00fcr das Endergebnis. F\u00fcr <strong>feines, reifes Haar<\/strong> eignet sich eine Naturborstenb\u00fcrste mit Keramikk\u00f6rper ideal, da sie sanft W\u00e4rme speichert und gleichm\u00e4\u00dfig verteilt, ohne das Haar zu \u00fcberlasten.<\/p>\n<ul>\n<li>Gro\u00dfer Durchmesser f\u00fcr mehr Volumen am Ansatz<\/li>\n<li>Mittlerer Durchmesser f\u00fcr leichte Wellen<\/li>\n<li>Kleiner Durchmesser f\u00fcr definierte Locken<\/li>\n<\/ul>\n<h2>Die revolution\u00e4re Tension-Methode<\/h2>\n<p>Eine meiner liebsten Anekdoten stammt von einer 65-j\u00e4hrigen Kundin, die nach Jahrzehnten des frustrierten Haarstylings die <strong>Tension-Methode<\/strong> entdeckte. Diese Technik, bei der du das Haar w\u00e4hrend des F\u00f6hnens sanft unter Spannung h\u00e4ltst, sorgt f\u00fcr ultimativen Glanz ohne Hitzesch\u00e4den. <a href=\"https:\/\/www.journee-mondiale.com\/de\/juridisk-informationen\/\" target=\"_blank\">Produktinformationen<\/a> zeigen: Die richtigen Hilfsmittel verst\u00e4rken diesen Effekt noch.<\/p>\n<h2>Der Abw\u00e4rts-F\u00f6hnstrom: Schutzschild f\u00fcr die Schuppenschicht<\/h2>\n<p>Stelle dir die <strong>Haarschuppenschicht<\/strong> wie Dachziegel vor, die bei falscher Behandlung aufstehen und f\u00fcr stumpfes Haar sorgen. F\u00f6hne stets von oben nach unten, um diese \u201eDachziegel&#8220; zu gl\u00e4tten und maximalen Glanz zu erzielen. Diese Technik ist wie ein sanfter Regenschauer, der dein Haar zum Strahlen bringt, statt eines Sturms, der es durcheinanderwirbelt.<\/p>\n<h2>Cool-Shot: Der vergessene Meistertrick<\/h2>\n<p>Der <strong>Cool-Shot<\/strong> ist der Unterschied zwischen einem guten und einem perfekten Blow-Dry. Dieser kalte Luftsto\u00df versiegelt die Schuppenschicht und fixiert deinen Look \u2013 ohne Hitze und Chemie. Ein kurzer 15-Sekunden-Kaltluftsto\u00df nach jedem Abschnitt verdoppelt die Haltbarkeit deiner Frisur! <a href=\"https:\/\/www.journee-mondiale.com\/de\/\" target=\"_blank\">Weitere Sch\u00f6nheitstipps<\/a> best\u00e4tigen die Wirksamkeit dieser Methode.<\/p>\n<h2>Bist du bereit, dein Haar neu zu entdecken?<\/h2>\n<p>Diese modernen F\u00f6hntechniken beweisen: Professionelles Styling und Haargesundheit m\u00fcssen keine Gegens\u00e4tze sein. Selbst reiferes Haar kann mit den richtigen Methoden gl\u00e4nzen und Volumen zeigen. Experimentiere mit diesen Techniken und finde deinen perfekten Fr\u00fchlingslook 2025. <a href=\"https:\/\/www.journee-mondiale.com\/de\/category\/reisen\/\" target=\"_blank\">Reise-Haarstyling-Tipps<\/a> helfen dir, diese Techniken auch unterwegs anzuwenden.<\/p>\n","protected":false},"excerpt":{"rendered":"<p>Der Fr\u00fchling ist da, und mit ihm die perfekte Zeit, um unserem Haar einen frischen Look zu verleihen! Die F\u00f6hntechniken haben sich bis 2025 stark weiterentwickelt \u2013 besonders wenn es darum geht, reiferes Haar schonend zu stylen. Mit den richtigen Methoden zauberst du einen professionellen Look, ohne dein Haar zu strapazieren. Lass uns gemeinsam in &#8230; <a title=\"Warum ich bei reifem Haar nie mehr mit 250 Grad f\u00f6hne (diese 15-Sekunden-Methode verdoppelt den Glanz)\" class=\"read-more\" href=\"https:\/\/www.journee-mondiale.com\/de\/warum-ich-bei-reifem-haar-nie-mehr-mit-250-grad-foehne-diese-15-sekunden-methode-verdoppelt-den-glanz\/\" aria-label=\"Mehr Informationen \u00fcber Warum ich bei reifem Haar nie mehr mit 250 Grad f\u00f6hne (diese 15-Sekunden-Methode verdoppelt den Glanz)\">Lire plus<\/a><\/p>\n","protected":false},"author":1,"featured_media":12541,"comment_status":"","ping_status":"","sticky":false,"template":"","format":"standard","meta":{"footnotes":""},"categories":[48],"tags":[],"class_list":["post-12542","post","type-post","status-publish","format-standard","has-post-thumbnail","hentry","category-lebensstil"],"acf":[],"_yoast_wpseo_primary_category":null,"_yoast_wpseo_title":null,"_yoast_wpseo_metadesc":null,"_links":{"self":[{"href":"https:\/\/www.journee-mondiale.com\/de\/wp-json\/wp\/v2\/posts\/12542","targetHints":{"allow":["GET"]}}],"collection":[{"href":"https:\/\/www.journee-mondiale.com\/de\/wp-json\/wp\/v2\/posts"}],"about":[{"href":"https:\/\/www.journee-mondiale.com\/de\/wp-json\/wp\/v2\/types\/post"}],"author":[{"embeddable":true,"href":"https:\/\/www.journee-mondiale.com\/de\/wp-json\/wp\/v2\/users\/1"}],"replies":[{"embeddable":true,"href":"https:\/\/www.journee-mondiale.com\/de\/wp-json\/wp\/v2\/comments?post=12542"}],"version-history":[{"count":0,"href":"https:\/\/www.journee-mondiale.com\/de\/wp-json\/wp\/v2\/posts\/12542\/revisions"}],"wp:featuredmedia":[{"embeddable":true,"href":"https:\/\/www.journee-mondiale.com\/de\/wp-json\/wp\/v2\/media\/12541"}],"wp:attachment":[{"href":"https:\/\/www.journee-mondiale.com\/de\/wp-json\/wp\/v2\/media?parent=12542"}],"wp:term":[{"taxonomy":"category","embeddable":true,"href":"https:\/\/www.journee-mondiale.com\/de\/wp-json\/wp\/v2\/categories?post=12542"},{"taxonomy":"post_tag","embeddable":true,"href":"https:\/\/www.journee-mondiale.com\/de\/wp-json\/wp\/v2\/tags?post=12542"}],"curies":[{"name":"wp","href":"https:\/\/api.w.org\/{rel}","templated":true}]}}