{"id":12540,"date":"2025-03-14T23:25:10","date_gmt":"2025-03-14T22:25:10","guid":{"rendered":"https:\/\/www.journee-mondiale.com\/de\/diese-mitteleuropaeische-stadt-verbirgt-ein-kubisches-architekturgenie-das-2025-im-winterschlaf-liegt-adolf-loos-faszinierendes-raumkonzept-wartet-auf-wiederentdeckung\/"},"modified":"2025-03-14T23:25:10","modified_gmt":"2025-03-14T22:25:10","slug":"diese-mitteleuropaeische-stadt-verbirgt-ein-kubisches-architekturgenie-das-2025-im-winterschlaf-liegt-adolf-loos-faszinierendes-raumkonzept-wartet-auf-wiederentdeckung","status":"publish","type":"post","link":"https:\/\/www.journee-mondiale.com\/de\/diese-mitteleuropaeische-stadt-verbirgt-ein-kubisches-architekturgenie-das-2025-im-winterschlaf-liegt-adolf-loos-faszinierendes-raumkonzept-wartet-auf-wiederentdeckung\/","title":{"rendered":"Diese mitteleurop\u00e4ische Stadt verbirgt ein kubisches Architekturgenie, das 2025 im Winterschlaf liegt (Adolf Loos&#8216; faszinierendes Raumkonzept wartet auf Wiederentdeckung)"},"content":{"rendered":"<h2>Prags verborgenes Architekturjuwel: Die Villa M\u00fcller &#8211; Ein Meisterwerk auf Zeit<\/h2>\n<p>In einer ruhigen Stra\u00dfe im Prager Stadtteil St\u0159e\u0161ovice erhebt sich ein wei\u00dfer, kubischer Bau, der die Architekturwelt revolutionierte. Die Villa M\u00fcller, 1930 vom Architekturvision\u00e4r Adolf Loos fertiggestellt, ist mehr als ein Geb\u00e4ude \u2013 sie ist ein dreidimensionales Manifest gegen ornamentalen \u00dcberfluss. &#8222;Die Architektur erweckt Stimmungen im Menschen. Die Aufgabe des Architekten ist es daher, diese Stimmungen zu pr\u00e4zisieren&#8220;, sagte Loos einst, und seine Villa verk\u00f6rpert diesen Gedanken perfekt. \u00c4hnlich innovativ war auch das <a href=\"https:\/\/www.journee-mondiale.com\/de\/diese-stadt-bewahrt-ein-bewegliches-architekturwunder-aus-1924-das-waende-verschwinden-laesst-unesco-juwel-nur-30-minuten-von-amsterdam\/\" target=\"_blank\">Rietveld Schr\u00f6derhaus in Utrecht<\/a>, das mit seinen verschiebbaren W\u00e4nden neue Raumkonzepte schuf.<\/p>\n<h2>Das revolution\u00e4re Raumplan-Konzept: Wenn R\u00e4ume flie\u00dfen<\/h2>\n<p>Was von au\u00dfen schlicht erscheint, offenbart im Inneren Loos&#8216; geniales &#8222;Raumplan&#8220;-Konzept \u2013 eine dreidimensionale Komposition aus ineinander flie\u00dfenden R\u00e4umen auf unterschiedlichen Ebenen. &#8222;Der Raum ist nicht nur horizontal, sondern auch vertikal zu denken&#8220;, erkl\u00e4rte der Architekt Franti\u0161ek M\u00fcller, f\u00fcr den das Haus gebaut wurde. Marmor, edle H\u00f6lzer und farbige Stofftapeten kontrastieren mit der puristischen Fassade, ein bewusstes Spiel mit Gegens\u00e4tzen.<\/p>\n<h2>Die Villa im Winterschlaf \u2013 Renovierung bis Herbst 2025<\/h2>\n<p>Architekturfans aufgepasst: Seit Februar 2025 schl\u00e4ft dieses Juwel seinen Dornr\u00f6schenschlaf \u2013 eine umfassende Renovierung h\u00e4lt die Villa geschlossen. Wer im Winter Prag besucht, kann jedoch die Stadt in ihrem frostigen Zauber erleben, wenn Nebelschwaden \u00fcber der Moldau tanzen und der Hradschin im Schnee glitzert. \u00c4hnlich verzaubernd pr\u00e4sentiert sich der <a href=\"https:\/\/www.journee-mondiale.com\/de\/dieser-winterort-im-harz-versteckt-den-hoechsten-berg-niedersachsens-mit-971-metern-hoehe-und-einen-mystischen-naturmythenpfad-den-kinder-ueber-smartphones-vergessen-lassen\/\" target=\"_blank\">Winterzauber im Harz<\/a> mit seinen verschneiten Landschaften.<\/p>\n<h2>Prags architektonische Sch\u00e4tze jenseits der Villa<\/h2>\n<p>W\u00e4hrend Sie auf die Wiederer\u00f6ffnung warten, bietet Prag architektonische Alternativen: Flanieren Sie \u00fcber die gotische Karlsbr\u00fccke, bestaunen Sie den barocken Prunk des Veitsdoms oder verlieren Sie sich in den verwinkelten Gassen der Altstadt. &#8222;In Prag sp\u00fcrt man die Geschichte mit jedem Schritt&#8220;, so ein lokaler Architekturf\u00fchrer. &#8222;Die Stadt ist ein offenes Museum verschiedener Stilepochen.&#8220;<\/p>\n<h2>Versteckte Perlen f\u00fcr Architekturliebhaber<\/h2>\n<p>Abseits der Touristenpfade warten Geheimtipps: Besuchen Sie die beeindruckende barocke Bibliothek im Strahov-Kloster mit ihren Deckengem\u00e4lden und alten Globen. Wer Jugendstil liebt, sollte sich auch die <a href=\"https:\/\/www.journee-mondiale.com\/de\/diese-kurstadt-im-harz-beherbergt-eine-einzigartige-jugendstil-oase-mit-heilklimatischer-luft-ausgezeichnet-als-top-kurort-2025\/\" target=\"_blank\">Jugendstil-Architektur in Bad Sachsa<\/a> anschauen. Der Pet\u0159\u00edn-Turm bietet einen atemberaubenden Panoramablick \u00fcber die &#8222;Goldene Stadt&#8220; und ihre 100 T\u00fcrme.<\/p>\n<h2>Kulinarische Zeitreise durch Prag<\/h2>\n<p>&#8222;Ohne einen guten Sv\u00ed\u010dkov\u00e1 hat man Prag nicht wirklich erlebt&#8220;, erkl\u00e4rt Kochbuchautorin Michaela Pet\u0159ekov\u00e1. Dieser zarte Rinderbraten mit cremiger Sauce und Kn\u00f6deln verk\u00f6rpert die tschechische K\u00fcche. Im Caf\u00e9 Imperial k\u00f6nnen Sie unter Jugendstil-Decken speisen, w\u00e4hrend das Eska moderne Interpretationen b\u00f6hmischer Klassiker serviert.<\/p>\n<h2>Eine Stadt zwischen Tradition und Zukunft<\/h2>\n<p>Prag entwickelt sich stetig weiter: Nachhaltiger Tourismus und umweltfreundliche Verkehrskonzepte pr\u00e4gen die Zukunftspl\u00e4ne. &#8222;Wir wollen unsere historischen Sch\u00e4tze bewahren und gleichzeitig eine moderne, lebenswerte Stadt sein&#8220;, betont Jana Novotn\u00e1 vom Stadtplanungsamt. \u00c4hnlich innovativ zeigt sich <a href=\"https:\/\/www.journee-mondiale.com\/de\/diese-nordische-hauptstadt-bietet-80-grad-heisse-holzsaunas-direkt-am-meer-ein-design-wunder-zwischen-tradition-und-moderne\/\" target=\"_blank\">Helsinki als Designmetropole<\/a> mit seiner Balance zwischen Tradition und Moderne.<\/p>\n<h2>\u00dcbernachten mit Stil und Geschichte<\/h2>\n<p>Von luxuri\u00f6sen H\u00e4usern wie dem Art-Deco-Juwel Hotel Paris bis zu charmanten Boutique-Hotels im Herzen der Altstadt \u2013 Prag bietet Unterk\u00fcnfte f\u00fcr jeden Geschmack. Das Hotel Century Old Town, einst Kafkas Arbeitsplatz, vereint historisches Ambiente mit modernem Komfort.<\/p>\n<h2>Perfekt angebunden: So kommen Deutsche nach Prag<\/h2>\n<p>Mit Direktfl\u00fcgen ab 100\u20ac von Berlin, M\u00fcnchen oder Frankfurt erreichen Sie Prag in knapp einer Stunde. Romantischer reisen Sie mit dem Zug durch die b\u00f6hmische Landschaft \u2013 ab 60\u20ac und mit regelm\u00e4\u00dfigen Verbindungen von deutschen St\u00e4dten.<\/p>\n<h2>Ein Architekturdialog quer durch Europa<\/h2>\n<p>Die Villa M\u00fcller steht in einer Reihe mit anderen europ\u00e4ischen Architektursch\u00e4tzen wie der <a href=\"https:\/\/www.journee-mondiale.com\/de\/diese-mittelalterliche-stadt-besitzt-deutschlands-aelteste-geschichte-und-einen-246-meter-hohen-turm-der-moderne-verstecktes-roemisches-erbe-im-schwarzwald\/\" target=\"_blank\">Historische Architektur in Rottweil<\/a>. Zusammen bilden sie ein faszinierendes Panorama der Baukunst des 20. Jahrhunderts.<\/p>\n<p>Bis zur Wiederer\u00f6ffnung der Villa M\u00fcller im Herbst 2025 lohnt ein Besuch in Prag dennoch \u2013 die Stadt selbst ist ein architektonisches Gesamtkunstwerk, das \u00fcber Jahrhunderte gewachsen ist und in dem jede Epoche ihre Spuren hinterlassen hat. Wenn Sie dann wiederkommen, erwartet Sie Loos&#8216; Meisterwerk in neuem Glanz \u2013 ein zeitloses Manifest der Moderne, das Sie mit seiner genialen Raumkomposition in seinen Bann ziehen wird.<\/p>\n","protected":false},"excerpt":{"rendered":"<p>Prags verborgenes Architekturjuwel: Die Villa M\u00fcller &#8211; Ein Meisterwerk auf Zeit In einer ruhigen Stra\u00dfe im Prager Stadtteil St\u0159e\u0161ovice erhebt sich ein wei\u00dfer, kubischer Bau, der die Architekturwelt revolutionierte. Die Villa M\u00fcller, 1930 vom Architekturvision\u00e4r Adolf Loos fertiggestellt, ist mehr als ein Geb\u00e4ude \u2013 sie ist ein dreidimensionales Manifest gegen ornamentalen \u00dcberfluss. &#8222;Die Architektur erweckt &#8230; <a title=\"Diese mitteleurop\u00e4ische Stadt verbirgt ein kubisches Architekturgenie, das 2025 im Winterschlaf liegt (Adolf Loos&#8216; faszinierendes Raumkonzept wartet auf Wiederentdeckung)\" class=\"read-more\" href=\"https:\/\/www.journee-mondiale.com\/de\/diese-mitteleuropaeische-stadt-verbirgt-ein-kubisches-architekturgenie-das-2025-im-winterschlaf-liegt-adolf-loos-faszinierendes-raumkonzept-wartet-auf-wiederentdeckung\/\" aria-label=\"Mehr Informationen \u00fcber Diese mitteleurop\u00e4ische Stadt verbirgt ein kubisches Architekturgenie, das 2025 im Winterschlaf liegt (Adolf Loos&#8216; faszinierendes Raumkonzept wartet auf Wiederentdeckung)\">Lire plus<\/a><\/p>\n","protected":false},"author":1,"featured_media":12539,"comment_status":"","ping_status":"","sticky":false,"template":"","format":"standard","meta":{"footnotes":""},"categories":[49],"tags":[],"class_list":["post-12540","post","type-post","status-publish","format-standard","has-post-thumbnail","hentry","category-reisen"],"acf":[],"_yoast_wpseo_primary_category":null,"_yoast_wpseo_title":null,"_yoast_wpseo_metadesc":null,"_links":{"self":[{"href":"https:\/\/www.journee-mondiale.com\/de\/wp-json\/wp\/v2\/posts\/12540","targetHints":{"allow":["GET"]}}],"collection":[{"href":"https:\/\/www.journee-mondiale.com\/de\/wp-json\/wp\/v2\/posts"}],"about":[{"href":"https:\/\/www.journee-mondiale.com\/de\/wp-json\/wp\/v2\/types\/post"}],"author":[{"embeddable":true,"href":"https:\/\/www.journee-mondiale.com\/de\/wp-json\/wp\/v2\/users\/1"}],"replies":[{"embeddable":true,"href":"https:\/\/www.journee-mondiale.com\/de\/wp-json\/wp\/v2\/comments?post=12540"}],"version-history":[{"count":0,"href":"https:\/\/www.journee-mondiale.com\/de\/wp-json\/wp\/v2\/posts\/12540\/revisions"}],"wp:featuredmedia":[{"embeddable":true,"href":"https:\/\/www.journee-mondiale.com\/de\/wp-json\/wp\/v2\/media\/12539"}],"wp:attachment":[{"href":"https:\/\/www.journee-mondiale.com\/de\/wp-json\/wp\/v2\/media?parent=12540"}],"wp:term":[{"taxonomy":"category","embeddable":true,"href":"https:\/\/www.journee-mondiale.com\/de\/wp-json\/wp\/v2\/categories?post=12540"},{"taxonomy":"post_tag","embeddable":true,"href":"https:\/\/www.journee-mondiale.com\/de\/wp-json\/wp\/v2\/tags?post=12540"}],"curies":[{"name":"wp","href":"https:\/\/api.w.org\/{rel}","templated":true}]}}