{"id":12532,"date":"2025-03-14T18:15:45","date_gmt":"2025-03-14T17:15:45","guid":{"rendered":"https:\/\/www.journee-mondiale.com\/de\/diese-wellige-foehnfrisur-laesst-frauen-ueber-50-im-fruehling-strahlen-so-gelingt-der-jugendliche-look\/"},"modified":"2025-03-14T18:15:45","modified_gmt":"2025-03-14T17:15:45","slug":"diese-wellige-foehnfrisur-laesst-frauen-ueber-50-im-fruehling-strahlen-so-gelingt-der-jugendliche-look","status":"publish","type":"post","link":"https:\/\/www.journee-mondiale.com\/de\/diese-wellige-foehnfrisur-laesst-frauen-ueber-50-im-fruehling-strahlen-so-gelingt-der-jugendliche-look\/","title":{"rendered":"Diese wellige F\u00f6hnfrisur l\u00e4sst Frauen \u00fcber 50 im Fr\u00fchling strahlen (so gelingt der jugendliche Look)"},"content":{"rendered":"<p>Der Fr\u00fchling ist die perfekte Zeit, um sich an eine neue Frisur zu wagen. F\u00fcr <strong>Frauen \u00fcber 50<\/strong> bietet eine wellige F\u00f6hnfrisur die ideale Mischung aus Eleganz und jugendlicher Frische. &#8222;Mit zunehmendem Alter ver\u00e4ndert sich die Haarstruktur, aber das bedeutet nicht, dass wir auf Stil verzichten m\u00fcssen&#8220;, erkl\u00e4rt <strong>Maria Weber<\/strong>, Chefin des M\u00fcnchner Salons &#8222;Haarkunst&#8220;. Entdecken wir gemeinsam die Geheimnisse dieser verj\u00fcngenden Styling-Technik, die besonders im Fr\u00fchjahr f\u00fcr neuen Schwung sorgt!<\/p>\n<h2>Die Magie des welligen F\u00f6hnstils f\u00fcr reifes Haar<\/h2>\n<p>Wer kennt es nicht? Morgens vor dem Spiegel stehen und sich nach mehr <strong>Volumen<\/strong> sehnen. Wie <a href=\"https:\/\/www.journee-mondiale.com\/de\/category\/lebensstil\/\" target=\"_blank\">Sch\u00f6nheit und Haarpflege<\/a> Experten betonen, verliert das Haar mit den Jahren an Dichte. Die wellige F\u00f6hnfrisur wirkt wie ein nat\u00fcrlicher Jungbrunnen \u2013 sie schenkt F\u00fclle und Bewegung, ohne k\u00fcnstlich zu wirken. &#8222;Das Haar ist wie ein Garten, der mit den richtigen Werkzeugen zum Bl\u00fchen gebracht werden kann&#8220;, schw\u00e4rmt Weber.<\/p>\n<h2>Das perfekte Werkzeug-Arsenal zusammenstellen<\/h2>\n<p>F\u00fcr den perfekten welligen Look ben\u00f6tigen Sie:<\/p>\n<ul>\n<li>Einen <strong>hochwertigen F\u00f6hn<\/strong> mit verschiedenen Temperaturstufen<\/li>\n<li>Eine mittelgro\u00dfe <strong>Rundb\u00fcrste<\/strong>, idealerweise mit Naturborsten<\/li>\n<li>Volumenmousse und <strong>Hitzeschutzspray<\/strong><\/li>\n<li>Ein leichtes Haarspray f\u00fcr flexible Fixierung<\/li>\n<\/ul>\n<p>&#8222;Investieren Sie in Qualit\u00e4tswerkzeuge \u2013 sie sind wie treue Freunde, die Ihnen jahrelang gute Dienste leisten&#8220;, r\u00e4t <strong>Thomas Bauer<\/strong>, Produktentwickler bei einem f\u00fchrenden deutschen Haarpflegehersteller. Achten Sie besonders im Fr\u00fchling auf ausreichenden <a href=\"https:\/\/www.journee-mondiale.com\/de\/juridisk-informationen\/\" target=\"_blank\">Pflegetipps f\u00fcr reifes Haar<\/a> und Schutz vor der zunehmenden UV-Strahlung.<\/p>\n<h2>Die F\u00f6hntechnik Schritt f\u00fcr Schritt gemeistert<\/h2>\n<p>Beginnen Sie mit handtuchtrockenen Haaren und tragen Sie <strong>Volumenmousse<\/strong> von den Wurzeln bis in die L\u00e4ngen auf. Teilen Sie Ihr Haar in Partien ein \u2013 etwa so gro\u00df wie die Rundb\u00fcrste. F\u00f6hnen Sie von unten nach oben, wobei jede Str\u00e4hne erst um die B\u00fcrste gewickelt und dann erhitzt wird. &#8222;Die Magie passiert beim Abk\u00fchlen&#8220;, verr\u00e4t Weber, &#8222;lassen Sie jede Partie vollst\u00e4ndig abk\u00fchlen, bevor Sie sie loslassen.&#8220;<\/p>\n<h2>Die Geheimnisse des perfekten Finishings<\/h2>\n<p>Nach dem F\u00f6hnen sind es die <strong>Finishing-Techniken<\/strong>, die den Unterschied machen. Arbeiten Sie mit den Fingern leicht durch das Haar, um nat\u00fcrliche Bewegung zu erzeugen. Ein Hauch Haarspray verleiht Halt, ohne zu beschweren. F\u00fcr mehr Glanz eignet sich ein leichtes Serum \u2013 sparsam in die L\u00e4ngen eingearbeitet, verwandelt es stumpfes Haar in seidigen Glanz.<\/p>\n<h2>Vielseitigkeit f\u00fcr jeden Anlass<\/h2>\n<p>Die wellige F\u00f6hnfrisur ist wie ein <strong>Cham\u00e4leon<\/strong> \u2013 anpassungsf\u00e4hig f\u00fcr jeden Anlass. F\u00fcr den Alltag locker und nat\u00fcrlich, f\u00fcr besondere Ereignisse etwas definierter. Eine Freundin schw\u00e4rmt: &#8222;Seit ich diese Technik beherrsche, spare ich mir den Friseurbesuch vor jedem Event!&#8220; Besonders praktisch sind diese <a href=\"https:\/\/www.journee-mondiale.com\/de\/category\/reisen\/\" target=\"_blank\">Reisefrisuren f\u00fcr unterwegs<\/a>, da sie sich mit minimaler Ausr\u00fcstung auffrischen lassen.<\/p>\n<h2>Anpassungen f\u00fcr verschiedene Haartypen<\/h2>\n<p>F\u00fcr feines Haar empfehle ich:<\/p>\n<ul>\n<li><strong>Volumenpuder<\/strong> an den Wurzeln vor dem F\u00f6hnen<\/li>\n<li>Kleinere B\u00fcrstenpartien f\u00fcr mehr Kontrolle<\/li>\n<li>F\u00f6hnen bei mittlerer statt hoher Temperatur<\/li>\n<\/ul>\n<p>Bei dichterem Haar hingegen sollten Sie mit gr\u00f6\u00dferen Partien arbeiten und die <strong>Trocknungszeit<\/strong> verk\u00fcrzen, indem Sie zuerst grob vortrocknen. Das schont die Haarstruktur und beugt Frizz vor.<\/p>\n<h2>Inspirationen aus der Promi-Welt<\/h2>\n<p>Von Helen Mirren bis Iris Berben \u2013 reife Frauen mit Ausstrahlung setzen auf sanfte Wellen als <strong>Signature-Look<\/strong>. &#8222;Diese Frisur ist wie ein guter Wein \u2013 sie passt sich dem Alter an und wird immer charaktervoller&#8220;, bemerkt Bauer. Lassen Sie sich von <a href=\"https:\/\/www.journee-mondiale.com\/de\/geschichte-der-welttage\/\" target=\"_blank\">Frisuren-Trends f\u00fcr Frauen<\/a> inspirieren, interpretieren Sie sie aber stets nach Ihrem pers\u00f6nlichen Stil.<\/p>\n<h2>Was macht diese Frisur so zeitlos?<\/h2>\n<p>In einer Welt voller fl\u00fcchtiger Trends strahlt die wellige F\u00f6hnfrisur eine zeitlose Eleganz aus. Sie unterstreicht die nat\u00fcrliche <strong>Sch\u00f6nheit reifer Frauen<\/strong>, ohne zu versuchen, die Jahre zu kaschieren. Ist es nicht genau das, was wir alle suchen \u2013 Authentizit\u00e4t mit einem Hauch von Glamour? Entdecken Sie die neuesten <a href=\"https:\/\/www.journee-mondiale.com\/de\/\" target=\"_blank\">Aktuelle Haartrends<\/a> und finden Sie Ihre pers\u00f6nliche Variante dieser klassischen F\u00f6hntechnik.<\/p>\n","protected":false},"excerpt":{"rendered":"<p>Der Fr\u00fchling ist die perfekte Zeit, um sich an eine neue Frisur zu wagen. F\u00fcr Frauen \u00fcber 50 bietet eine wellige F\u00f6hnfrisur die ideale Mischung aus Eleganz und jugendlicher Frische. &#8222;Mit zunehmendem Alter ver\u00e4ndert sich die Haarstruktur, aber das bedeutet nicht, dass wir auf Stil verzichten m\u00fcssen&#8220;, erkl\u00e4rt Maria Weber, Chefin des M\u00fcnchner Salons &#8222;Haarkunst&#8220;. &#8230; <a title=\"Diese wellige F\u00f6hnfrisur l\u00e4sst Frauen \u00fcber 50 im Fr\u00fchling strahlen (so gelingt der jugendliche Look)\" class=\"read-more\" href=\"https:\/\/www.journee-mondiale.com\/de\/diese-wellige-foehnfrisur-laesst-frauen-ueber-50-im-fruehling-strahlen-so-gelingt-der-jugendliche-look\/\" aria-label=\"Mehr Informationen \u00fcber Diese wellige F\u00f6hnfrisur l\u00e4sst Frauen \u00fcber 50 im Fr\u00fchling strahlen (so gelingt der jugendliche Look)\">Lire plus<\/a><\/p>\n","protected":false},"author":1,"featured_media":12531,"comment_status":"","ping_status":"","sticky":false,"template":"","format":"standard","meta":{"footnotes":""},"categories":[48],"tags":[],"class_list":["post-12532","post","type-post","status-publish","format-standard","has-post-thumbnail","hentry","category-lebensstil"],"acf":[],"_yoast_wpseo_primary_category":null,"_yoast_wpseo_title":null,"_yoast_wpseo_metadesc":null,"_links":{"self":[{"href":"https:\/\/www.journee-mondiale.com\/de\/wp-json\/wp\/v2\/posts\/12532","targetHints":{"allow":["GET"]}}],"collection":[{"href":"https:\/\/www.journee-mondiale.com\/de\/wp-json\/wp\/v2\/posts"}],"about":[{"href":"https:\/\/www.journee-mondiale.com\/de\/wp-json\/wp\/v2\/types\/post"}],"author":[{"embeddable":true,"href":"https:\/\/www.journee-mondiale.com\/de\/wp-json\/wp\/v2\/users\/1"}],"replies":[{"embeddable":true,"href":"https:\/\/www.journee-mondiale.com\/de\/wp-json\/wp\/v2\/comments?post=12532"}],"version-history":[{"count":0,"href":"https:\/\/www.journee-mondiale.com\/de\/wp-json\/wp\/v2\/posts\/12532\/revisions"}],"wp:featuredmedia":[{"embeddable":true,"href":"https:\/\/www.journee-mondiale.com\/de\/wp-json\/wp\/v2\/media\/12531"}],"wp:attachment":[{"href":"https:\/\/www.journee-mondiale.com\/de\/wp-json\/wp\/v2\/media?parent=12532"}],"wp:term":[{"taxonomy":"category","embeddable":true,"href":"https:\/\/www.journee-mondiale.com\/de\/wp-json\/wp\/v2\/categories?post=12532"},{"taxonomy":"post_tag","embeddable":true,"href":"https:\/\/www.journee-mondiale.com\/de\/wp-json\/wp\/v2\/tags?post=12532"}],"curies":[{"name":"wp","href":"https:\/\/api.w.org\/{rel}","templated":true}]}}