{"id":12526,"date":"2025-03-14T14:09:00","date_gmt":"2025-03-14T13:09:00","guid":{"rendered":"https:\/\/www.journee-mondiale.com\/de\/ich-trage-lockige-haare-mit-50-und-diese-7-fruehlingsschnitte-veraendern-alles\/"},"modified":"2025-03-14T14:09:00","modified_gmt":"2025-03-14T13:09:00","slug":"ich-trage-lockige-haare-mit-50-und-diese-7-fruehlingsschnitte-veraendern-alles","status":"publish","type":"post","link":"https:\/\/www.journee-mondiale.com\/de\/ich-trage-lockige-haare-mit-50-und-diese-7-fruehlingsschnitte-veraendern-alles\/","title":{"rendered":"Ich trage lockige Haare mit 50+ (und diese 7 Fr\u00fchlingsschnitte ver\u00e4ndern alles&#8230;)"},"content":{"rendered":"<p>Mit dem <strong>Fr\u00fchlingsanfang<\/strong> erwacht nicht nur die Natur, sondern auch unser Wunsch nach Ver\u00e4nderung. Besonders Frauen \u00fcber 50 mit lockigem Haar stehen vor der Frage: Welcher Haarschnitt bringt meine nat\u00fcrlichen Locken zum Strahlen und passt zu meinem Lebensstil? &#8222;Lockiges Haar ist in jedem Alter eine Krone, die nie abgesetzt werden muss \u2013 mit dem richtigen Schnitt wird sie nur noch strahlender&#8220;, erkl\u00e4rt <strong>Claudia Weber<\/strong>, Meisterfriseurin aus M\u00fcnchen. Entdecken wir gemeinsam die sch\u00f6nsten Lockenfrisuren f\u00fcr den erfahrenen Lebensabschnitt, passend zum Fr\u00fchling 2025!<\/p>\n<h2>Der befreiende Lockenbob: Zeitlos elegant und m\u00fchelos sch\u00f6n<\/h2>\n<p>Der <strong>asymmetrische Bob<\/strong> steht bei lockigen Damen \u00fcber 50 hoch im Kurs. &#8222;Ein kinnlanger Bob mit leichten Stufen befreit schwere Locken und sorgt f\u00fcr ein jugendliches Erscheinungsbild&#8220;, schw\u00e4rmt Weber. Besonders praktisch: Am <a href=\"https:\/\/www.journee-mondiale.com\/de\/367\/09-august--tag-des-friseurs.htm\" target=\"_blank\">Tag des Friseurs<\/a> k\u00f6nnen Sie sich von Profis \u00fcber die ideale Bobl\u00e4nge f\u00fcr Ihre Gesichtsform beraten lassen. Die franz\u00f6sisch inspirierte Variante mit soft fallenden Stufen rahmt das Gesicht perfekt ein und kaschiert gleichzeitig feine Linien.<\/p>\n<h2>Pixie-Cut mit Locken: Mutiger Schnitt f\u00fcr selbstbewusste Frauen<\/h2>\n<p>Der <strong>lockige Pixie<\/strong> feiert ein beeindruckendes Comeback im Fr\u00fchjahr 2025. Diese Frisur ist wie ein erfrischender Fr\u00fchlingswind \u2013 sie nimmt Last von den Schultern und lenkt den Blick auf Ihre ausdrucksst\u00e4rksten Gesichtsz\u00fcge. Thomas Schmidt, Art Director bei &#8222;Haarkunst Berlin&#8220;, verr\u00e4t: &#8222;Frauen jenseits der 50 strahlen mit einem kurzen, lockigen Pixie eine unglaubliche Selbstsicherheit aus, die beeindruckender ist als jede lange M\u00e4hne.&#8220;<\/p>\n<h2>Ode an die Reife: Schulterlange Lockenpracht mit Tiefe<\/h2>\n<p>Der <a href=\"https:\/\/www.journee-mondiale.com\/de\/432\/21-september--tag-der-reife.htm\" target=\"_blank\">Tag der Reife<\/a> erinnert uns daran, dass Sch\u00f6nheit mit den Jahren nur gewinnt. <strong>Schulterlange Stufen<\/strong> verleihen lockigem Haar Bewegung und nehmen ihm die Schwere. Diese L\u00e4nge ist der goldene Mittelweg: Sie bietet gen\u00fcgend Styling-M\u00f6glichkeiten, ohne zu \u00fcberw\u00e4ltigen. Ideal f\u00fcr den Alltag sind diese praktischen Pflege-Tipps:<\/p>\n<ul>\n<li>Verwenden Sie spezielle <strong>Lockencreme<\/strong> statt Shampoo zum Auffrischen am zweiten Tag<\/li>\n<li>Schlafen Sie auf Seidenkissenbez\u00fcgen, um morgendlichen Frizz zu reduzieren<\/li>\n<li>Massieren Sie feuchtigkeitsspendendes \u00d6l in die Spitzen f\u00fcr extra Glanz<\/li>\n<\/ul>\n<h2>Der Shaggy-Lockenschnitt: L\u00e4ssig-eleganter Volumen-Booster<\/h2>\n<p>Wie ein gut gepflegter Garten im Fr\u00fchling erbl\u00fcht der <strong>Locken-Shag<\/strong> in seiner vollen Pracht. Diese strukturierte Frisur mit weichen Stufen und optional fransigem Pony verleiht feinem Haar F\u00fclle und dickem Haar eine leichtere Silhouette. &#8222;Der moderne Shag ist f\u00fcr lockige Frauen \u00fcber 50 wie ein nat\u00fcrliches Facelift \u2013 er hebt optisch die Gesichtspartien und verj\u00fcngt sofort&#8220;, beobachtet Schmidt.<\/p>\n<h2>Vintage-inspirierte Locken: Zeitlose Glamour-Wellen<\/h2>\n<p>Die <strong>Retro-Wellen<\/strong> der 40er und 50er Jahre erleben eine Renaissance. Inspiriert von den Glamour-Ikonen des <a href=\"https:\/\/www.journee-mondiale.com\/de\/481\/21-november--welttag-des-fernsehens.htm\" target=\"_blank\">Welttag des Fernsehens<\/a>, bringen definierte, weiche Wellen einen Hauch von Eleganz in Ihren Alltag. Besonders vorteilhaft f\u00fcr Frauen, die ihre grauen Str\u00e4hnen als nat\u00fcrliches Highlight einsetzen m\u00f6chten.<\/p>\n<h2>Familienfrisur: Der lockige Lob mit Volumen<\/h2>\n<p>Der <strong>lange Bob<\/strong> (Lob) vereint das Beste aus zwei Welten: genug L\u00e4nge, um die Locken zu genie\u00dfen, und ausreichend Leichtigkeit f\u00fcr t\u00e4gliche Bew\u00e4ltigung. Perfekt f\u00fcr vielbesch\u00e4ftigte Frauen, die wie am <a href=\"https:\/\/www.journee-mondiale.com\/de\/254\/15-mai--internationaler-tag-der-familie.htm\" target=\"_blank\">Internationaler Tag der Familie<\/a> strahlend und gepflegt erscheinen m\u00f6chten, ohne stundenlang vor dem Spiegel zu stehen. Meine Kundinnen beschreiben diese Frisur als &#8222;Befreiungsschlag mit Stil&#8220;.<\/p>\n<ul>\n<li>Morgens nur mit feuchten Fingern auffrischen und Lockencreme einarbeiten<\/li>\n<li>Diffuser nur an den Wurzeln f\u00fcr Extra-Volumen einsetzen<\/li>\n<li>Ein Seidentuch als elegantes Accessoire f\u00fcr &#8222;Bad-Hair-Days&#8220; bereithalten<\/li>\n<\/ul>\n<h2>Grau oder Farbe? Nat\u00fcrliche Highlights f\u00fcr Ihre Locken<\/h2>\n<p>Ob Sie Ihre <strong>Naturfarbe<\/strong> embracen oder mit sanften Highlights spielen \u2013 die Farbwahl unterstreicht Ihre Lockenpracht. Balayage-Technik verleiht Dimension, ohne harte Ans\u00e4tze zu hinterlassen \u2013 ideal f\u00fcr alle, die weniger Friseurbesuche w\u00fcnschen.<\/p>\n<h2>Wer bestimmt, was sch\u00f6n ist?<\/h2>\n<p>Am <a href=\"https:\/\/www.journee-mondiale.com\/de\/197\/08-maerz--internationaler-frauentag.htm\" target=\"_blank\">Internationaler Frauentag<\/a> feiern wir Selbstbestimmung in allen Lebensbereichen \u2013 auch bei unserer Haarwahl. Ihre Locken sind kein Problem, das gel\u00f6st werden muss, sondern ein Ausdruck Ihrer Pers\u00f6nlichkeit. Der perfekte Schnitt erm\u00f6glicht Ihnen, Ihre nat\u00fcrlichen Wellen zu umarmen und mit Leichtigkeit zu tragen. Denn Sch\u00f6nheit im Fr\u00fchling 2025 bedeutet vor allem eines: authentisch zu sein \u2013 mit einem Haarschnitt, der zu Ihrem Leben passt, nicht umgekehrt.<\/p>\n","protected":false},"excerpt":{"rendered":"<p>Mit dem Fr\u00fchlingsanfang erwacht nicht nur die Natur, sondern auch unser Wunsch nach Ver\u00e4nderung. Besonders Frauen \u00fcber 50 mit lockigem Haar stehen vor der Frage: Welcher Haarschnitt bringt meine nat\u00fcrlichen Locken zum Strahlen und passt zu meinem Lebensstil? &#8222;Lockiges Haar ist in jedem Alter eine Krone, die nie abgesetzt werden muss \u2013 mit dem richtigen &#8230; <a title=\"Ich trage lockige Haare mit 50+ (und diese 7 Fr\u00fchlingsschnitte ver\u00e4ndern alles&#8230;)\" class=\"read-more\" href=\"https:\/\/www.journee-mondiale.com\/de\/ich-trage-lockige-haare-mit-50-und-diese-7-fruehlingsschnitte-veraendern-alles\/\" aria-label=\"Mehr Informationen \u00fcber Ich trage lockige Haare mit 50+ (und diese 7 Fr\u00fchlingsschnitte ver\u00e4ndern alles&#8230;)\">Lire plus<\/a><\/p>\n","protected":false},"author":1,"featured_media":12525,"comment_status":"","ping_status":"","sticky":false,"template":"","format":"standard","meta":{"footnotes":""},"categories":[48],"tags":[],"class_list":["post-12526","post","type-post","status-publish","format-standard","has-post-thumbnail","hentry","category-lebensstil"],"acf":[],"_yoast_wpseo_primary_category":null,"_yoast_wpseo_title":null,"_yoast_wpseo_metadesc":null,"_links":{"self":[{"href":"https:\/\/www.journee-mondiale.com\/de\/wp-json\/wp\/v2\/posts\/12526","targetHints":{"allow":["GET"]}}],"collection":[{"href":"https:\/\/www.journee-mondiale.com\/de\/wp-json\/wp\/v2\/posts"}],"about":[{"href":"https:\/\/www.journee-mondiale.com\/de\/wp-json\/wp\/v2\/types\/post"}],"author":[{"embeddable":true,"href":"https:\/\/www.journee-mondiale.com\/de\/wp-json\/wp\/v2\/users\/1"}],"replies":[{"embeddable":true,"href":"https:\/\/www.journee-mondiale.com\/de\/wp-json\/wp\/v2\/comments?post=12526"}],"version-history":[{"count":0,"href":"https:\/\/www.journee-mondiale.com\/de\/wp-json\/wp\/v2\/posts\/12526\/revisions"}],"wp:featuredmedia":[{"embeddable":true,"href":"https:\/\/www.journee-mondiale.com\/de\/wp-json\/wp\/v2\/media\/12525"}],"wp:attachment":[{"href":"https:\/\/www.journee-mondiale.com\/de\/wp-json\/wp\/v2\/media?parent=12526"}],"wp:term":[{"taxonomy":"category","embeddable":true,"href":"https:\/\/www.journee-mondiale.com\/de\/wp-json\/wp\/v2\/categories?post=12526"},{"taxonomy":"post_tag","embeddable":true,"href":"https:\/\/www.journee-mondiale.com\/de\/wp-json\/wp\/v2\/tags?post=12526"}],"curies":[{"name":"wp","href":"https:\/\/api.w.org\/{rel}","templated":true}]}}