{"id":12524,"date":"2025-03-14T12:36:59","date_gmt":"2025-03-14T11:36:59","guid":{"rendered":"https:\/\/www.journee-mondiale.com\/de\/der-matte-fruehlings-look-2025-revolutioniert-die-beauty-welt-warum-ich-nach-7-jahren-glanz-makeup-endlich-auf-effet-mat-revisite-umgestiegen-bin\/"},"modified":"2025-03-14T12:36:59","modified_gmt":"2025-03-14T11:36:59","slug":"der-matte-fruehlings-look-2025-revolutioniert-die-beauty-welt-warum-ich-nach-7-jahren-glanz-makeup-endlich-auf-effet-mat-revisite-umgestiegen-bin","status":"publish","type":"post","link":"https:\/\/www.journee-mondiale.com\/de\/der-matte-fruehlings-look-2025-revolutioniert-die-beauty-welt-warum-ich-nach-7-jahren-glanz-makeup-endlich-auf-effet-mat-revisite-umgestiegen-bin\/","title":{"rendered":"Der matte Fr\u00fchlings-Look 2025 revolutioniert die Beauty-Welt: Warum ich nach 7 Jahren Glanz-Makeup endlich auf Effet mat revisit\u00e9 umgestiegen bin"},"content":{"rendered":"<p>Der matte Look ist zur\u00fcck! Der Fr\u00fchling 2025 bringt einen Trend, der die Beauty-Welt auf den Kopf stellt: den &#8222;<strong>Effet mat revisit\u00e9<\/strong>&#8220; \u2013 den neu interpretierten matten Look. Was Visagisten auf den Laufstegen in Mailand und Paris bereits anbahnen, kommt jetzt mit voller Kraft in unseren Alltag. Der Trend begeistert durch seine Kombination aus Nat\u00fcrlichkeit und Eleganz \u2013 perfekt f\u00fcr die aufbl\u00fchende Fr\u00fchlingssaison.<\/p>\n<h2>Warum der matte Look gerade jetzt ein Comeback feiert<\/h2>\n<p>Nach Jahren des High-Gloss-Hypes sehnen wir uns nach Authentizit\u00e4t. &#8222;<strong>Mattierte Oberfl\u00e4chen bieten eine zeitlose Eleganz und wirken in der Fr\u00fchlingssonne besonders nat\u00fcrlich<\/strong>&#8222;, erkl\u00e4rt Makeup-Artist Lisa Bergmann vom Berliner Beauty-Studio &#8222;Glow Less&#8220;. Der matte Finish harmoniert perfekt mit dem Wunsch nach Nat\u00fcrlichkeit, der unseren Zeitgeist pr\u00e4gt.<\/p>\n<h2>Die Fr\u00fchlingspalette 2025: Mokka statt Kirschrot<\/h2>\n<p>W\u00e4hrend im Fr\u00fchling sonst leuchtende Farben dominieren, setzt der &#8222;Effet mat revisit\u00e9&#8220; auf gedeckte Erdt\u00f6ne. Besonders beliebt sind dieses Jahr <strong>matte Lippenfarben in Braun- und Mokkan\u00fcancen<\/strong>. Diese Farben sind nicht nur tragbar im Alltag, sondern betonen auch wunderbar den nat\u00fcrlichen Teint, der durch die ersten Sonnenstrahlen des Fr\u00fchlings leicht gebr\u00e4unt wirkt. Ein <a href=\"https:\/\/www.journee-mondiale.com\/de\/430\/internationaler-tag-des-make-ups\/\" target=\"_blank\">Internationaler Tag des Make-ups<\/a> w\u00e4re nicht vollst\u00e4ndig ohne diesen Trend zu feiern.<\/p>\n<h2>Die deutsche Interpretation des matten Looks<\/h2>\n<p>In Deutschland findet der &#8222;Effet mat revisit\u00e9&#8220; eine besondere Interpretation. &#8222;Unsere Kundinnen sch\u00e4tzen den matten Look wegen seiner <strong>Alltagstauglichkeit und Eleganz<\/strong>&#8222;, verr\u00e4t Beauty-Expertin Claudia Werner. &#8222;Anders als in Frankreich, wo matt oft mit stark konturierten Lippen kombiniert wird, bevorzugen wir in Deutschland eine weichere, nat\u00fcrlichere Variante.&#8220;<\/p>\n<h2>F\u00fcr wen eignet sich der matte Trend?<\/h2>\n<p>Der &#8222;Effet mat revisit\u00e9&#8220; spricht eine breite Zielgruppe an. Sowohl j\u00fcngere als auch \u00e4ltere Frauen greifen vermehrt zu matten Produkten. Besonders beliebt sind sie bei denjenigen, die Wert auf einen eleganten, aber unaufdringlichen Look legen. Der Trend zum nat\u00fcrlichen Aussehen passt perfekt zum <a href=\"https:\/\/www.journee-mondiale.com\/de\/421\/tag-der-selbstliebe\/\" target=\"_blank\">Tag der Selbstliebe<\/a>, denn er f\u00f6rdert die Akzeptanz unserer nat\u00fcrlichen Sch\u00f6nheit.<\/p>\n<h2>Praktische Tipps f\u00fcr den perfekten matten Look<\/h2>\n<ul>\n<li><strong>Gr\u00fcndliche Feuchtigkeitspflege<\/strong> als Basis f\u00fcr einen gleichm\u00e4\u00dfigen Matt-Look<\/li>\n<li>Mattierende Primer verwenden, um gl\u00e4nzende Stellen zu minimieren<\/li>\n<li>Bei Lippenstiften auf langanhaltende Formulierungen setzen<\/li>\n<\/ul>\n<p>&#8222;F\u00fcr einen langanhaltenden matten Look ist die richtige Vorbereitung entscheidend&#8220;, betont Hautpflegeexpertin Dr. Katharina Schulz. &#8222;Eine <strong>ausgeglichene Hautfeuchtigkeitsbalance<\/strong> sorgt daf\u00fcr, dass matte Produkte nicht austrocknen.&#8220; Die Fr\u00fchlingszeit ist ideal f\u00fcr <a href=\"https:\/\/www.journee-mondiale.com\/de\/574\/tag-der-naturkosmetik\/\" target=\"_blank\">Tag der Naturkosmetik<\/a> inspirierte Hautpflegeroutinen.<\/p>\n<h2>Mattes Finish versus Glanz \u2013 eine harmonische Kombination<\/h2>\n<p>Der &#8222;Effet mat revisit\u00e9&#8220; schlie\u00dft Glanz nicht kategorisch aus. Die Kunst liegt in der Balance: Matte Lippen k\u00f6nnen wunderbar mit einem <a href=\"https:\/\/www.journee-mondiale.com\/de\/575\/lipgloss-tag\/\" target=\"_blank\">Lipgloss-Tag<\/a> w\u00fcrdigen dezenten Highlighter auf den Wangenknochen kombiniert werden. Wie ein Fr\u00fchlingsgarten, in dem nicht jede Blume gleich strahlt, wirkt auch dieser Mix aus Matt und Glanz besonders harmonisch.<\/p>\n<h2>Die nat\u00fcrliche Alternative: Der No-Makeup-Look<\/h2>\n<p>Wer den matten Trend in seiner puristischsten Form leben m\u00f6chte, entscheidet sich f\u00fcr den <a href=\"https:\/\/www.journee-mondiale.com\/de\/367\/no-makeup-tag\/\" target=\"_blank\">No Makeup-Tag<\/a> inspirierten Look. Hier steht die <strong>nat\u00fcrliche Hautstruktur<\/strong> im Vordergrund, unterst\u00fctzt durch minimale, matte Produkte. Dieser Ansatz entspricht dem deutschen Ideal der &#8222;unsichtbaren Sch\u00f6nheit&#8220;, die nicht \u00fcberbetont wirkt.<\/p>\n<h2>Matte Produkte f\u00fcr den deutschen Markt<\/h2>\n<ul>\n<li>Nat\u00fcrliche, pflegende Formulierungen ohne Austrocknungseffekt<\/li>\n<li>Langanhaltende Texturen f\u00fcr den aktiven Alltag<\/li>\n<li>Multifunktionale Produkte, die Zeit und Ressourcen sparen<\/li>\n<\/ul>\n<h2>Ein Fr\u00fchling im Zeichen der nat\u00fcrlichen Eleganz<\/h2>\n<p>Wie die ersten zarten Knospen des Fr\u00fchlings, die sich dezent und doch kraftvoll zeigen, verk\u00f6rpert der &#8222;Effet mat revisit\u00e9&#8220; eine Sch\u00f6nheitsphilosophie, die auf Nat\u00fcrlichkeit und Eleganz setzt. Der matte Look ist mehr als ein Trend \u2013 er ist eine R\u00fcckbesinnung auf das Wesentliche in einer Zeit, die nach Authentizit\u00e4t d\u00fcrstet. Werden auch Sie Teil dieser Bewegung, die Sch\u00f6nheit neu definiert?<\/p>\n","protected":false},"excerpt":{"rendered":"<p>Der matte Look ist zur\u00fcck! Der Fr\u00fchling 2025 bringt einen Trend, der die Beauty-Welt auf den Kopf stellt: den &#8222;Effet mat revisit\u00e9&#8220; \u2013 den neu interpretierten matten Look. Was Visagisten auf den Laufstegen in Mailand und Paris bereits anbahnen, kommt jetzt mit voller Kraft in unseren Alltag. Der Trend begeistert durch seine Kombination aus Nat\u00fcrlichkeit &#8230; <a title=\"Der matte Fr\u00fchlings-Look 2025 revolutioniert die Beauty-Welt: Warum ich nach 7 Jahren Glanz-Makeup endlich auf Effet mat revisit\u00e9 umgestiegen bin\" class=\"read-more\" href=\"https:\/\/www.journee-mondiale.com\/de\/der-matte-fruehlings-look-2025-revolutioniert-die-beauty-welt-warum-ich-nach-7-jahren-glanz-makeup-endlich-auf-effet-mat-revisite-umgestiegen-bin\/\" aria-label=\"Mehr Informationen \u00fcber Der matte Fr\u00fchlings-Look 2025 revolutioniert die Beauty-Welt: Warum ich nach 7 Jahren Glanz-Makeup endlich auf Effet mat revisit\u00e9 umgestiegen bin\">Lire plus<\/a><\/p>\n","protected":false},"author":1,"featured_media":12523,"comment_status":"","ping_status":"","sticky":false,"template":"","format":"standard","meta":{"footnotes":""},"categories":[48],"tags":[],"class_list":["post-12524","post","type-post","status-publish","format-standard","has-post-thumbnail","hentry","category-lebensstil"],"acf":[],"_yoast_wpseo_primary_category":null,"_yoast_wpseo_title":null,"_yoast_wpseo_metadesc":null,"_links":{"self":[{"href":"https:\/\/www.journee-mondiale.com\/de\/wp-json\/wp\/v2\/posts\/12524","targetHints":{"allow":["GET"]}}],"collection":[{"href":"https:\/\/www.journee-mondiale.com\/de\/wp-json\/wp\/v2\/posts"}],"about":[{"href":"https:\/\/www.journee-mondiale.com\/de\/wp-json\/wp\/v2\/types\/post"}],"author":[{"embeddable":true,"href":"https:\/\/www.journee-mondiale.com\/de\/wp-json\/wp\/v2\/users\/1"}],"replies":[{"embeddable":true,"href":"https:\/\/www.journee-mondiale.com\/de\/wp-json\/wp\/v2\/comments?post=12524"}],"version-history":[{"count":0,"href":"https:\/\/www.journee-mondiale.com\/de\/wp-json\/wp\/v2\/posts\/12524\/revisions"}],"wp:featuredmedia":[{"embeddable":true,"href":"https:\/\/www.journee-mondiale.com\/de\/wp-json\/wp\/v2\/media\/12523"}],"wp:attachment":[{"href":"https:\/\/www.journee-mondiale.com\/de\/wp-json\/wp\/v2\/media?parent=12524"}],"wp:term":[{"taxonomy":"category","embeddable":true,"href":"https:\/\/www.journee-mondiale.com\/de\/wp-json\/wp\/v2\/categories?post=12524"},{"taxonomy":"post_tag","embeddable":true,"href":"https:\/\/www.journee-mondiale.com\/de\/wp-json\/wp\/v2\/tags?post=12524"}],"curies":[{"name":"wp","href":"https:\/\/api.w.org\/{rel}","templated":true}]}}