{"id":12520,"date":"2025-03-14T07:54:59","date_gmt":"2025-03-14T06:54:59","guid":{"rendered":"https:\/\/www.journee-mondiale.com\/de\/diese-jeans-mit-push-in-effekt-laesst-meinen-bauch-sofort-3-cm-flacher-wirken-und-formt-nebenbei-die-perfekte-silhouette\/"},"modified":"2025-03-14T07:54:59","modified_gmt":"2025-03-14T06:54:59","slug":"diese-jeans-mit-push-in-effekt-laesst-meinen-bauch-sofort-3-cm-flacher-wirken-und-formt-nebenbei-die-perfekte-silhouette","status":"publish","type":"post","link":"https:\/\/www.journee-mondiale.com\/de\/diese-jeans-mit-push-in-effekt-laesst-meinen-bauch-sofort-3-cm-flacher-wirken-und-formt-nebenbei-die-perfekte-silhouette\/","title":{"rendered":"Diese Jeans mit Push-in-Effekt l\u00e4sst meinen Bauch sofort 3 cm flacher wirken (und formt nebenbei die perfekte Silhouette)"},"content":{"rendered":"<p>Der Fr\u00fchling ist die perfekte Zeit f\u00fcr einen <strong>Jeans-Refresh<\/strong> in deinem Kleiderschrank. Aktuell erobern Modelle mit dem sogenannten Push-in-Effekt die Herzen modebewusster Frauen \u2013 und das aus gutem Grund. Diese cleveren Hosen versprechen, was wir uns besonders nach den Wintermonaten w\u00fcnschen: eine vorteilhafte Silhouette und maximalen Tragekomfort.<\/p>\n<h2>Was steckt hinter dem Bauchflach-Wunder?<\/h2>\n<p>Jeans mit <strong>Push-in-Technologie<\/strong> sind wahre Allrounder im Fr\u00fchjahr 2025. &#8222;Diese speziellen Schnitte arbeiten mit strategisch platzierten Verst\u00e4rkungen im Bauchbereich, die wie ein sanftes Korsett wirken, ohne einzuengen&#8220;, erkl\u00e4rt Modeexpertin Lisa Bergmann vom Berliner Fashion Institute. Die hohe Taille sorgt zus\u00e4tzlich f\u00fcr eine optische Streckung der Beine \u2013 ein willkommener Nebeneffekt!<\/p>\n<h2>Die perfekte Passform finden<\/h2>\n<p>Bei der Wahl der idealen Bauchflach-Jeans spielen verschiedene Faktoren eine Rolle. Wie beim <a href=\"https:\/\/www.journee-mondiale.com\/de\/428\/19-mai-tag-des-modischen-stils.htm\" target=\"_blank\">Tag des modischen Stils<\/a> gilt: Qualit\u00e4t vor Quantit\u00e4t. Die wichtigsten Kriterien:\n<\/p>\n<ul>\n<li>Eine <strong>hohe Taille<\/strong>, die \u00fcber dem Bauchnabel sitzt<\/li>\n<li>Ein ausgewogenes Elasthan-Verh\u00e4ltnis f\u00fcr Halt und Komfort<\/li>\n<li>Robuste N\u00e4hte, die den Bauchbereich st\u00fctzen<\/li>\n<\/ul>\n<h2>Die beliebtesten Schnitte im Fr\u00fchjahr 2025<\/h2>\n<p>W\u00e4hrend im letzten Jahr noch Weite dominierte, kehren wir 2025 zu figurbetonteren Schnitten zur\u00fcck. &#8222;Die <strong>Slim Straight<\/strong> Variante bietet die perfekte Balance zwischen Komfort und schmeichelnder Optik&#8220;, verr\u00e4t Stilberaterin Jana Weber. &#8222;Sie formt den Po und die Oberschenkel, ohne wie eine zweite Haut zu wirken.&#8220;<\/p>\n<h2>Stilvolle Kombinationsm\u00f6glichkeiten<\/h2>\n<p>Push-in-Jeans entfalten ihre volle Wirkung erst mit dem richtigen Styling. Kurze, leicht in die Hose gesteckte Blusen oder <strong>Crop-Tops<\/strong> betonen die hohe Taille. F\u00fcr k\u00fchlere Fr\u00fchlingstage harmonieren l\u00e4ngere, aber schmale Oberteile wunderbar mit dem schlanken Silhouetten-Effekt.<\/p>\n<h2>Die richtigen Schuhe zum Look<\/h2>\n<p>Die Schuhwahl kann den Push-in-Effekt unterst\u00fctzen oder schm\u00e4lern. Besonders vorteilhaft: Stiefeletten mit kleinem Absatz oder <a href=\"https:\/\/www.journee-mondiale.com\/de\/491\/6-dezember-stiefel-nikolaus-tag.htm\" target=\"_blank\">Stiefel<\/a> mit leichtem Schaft, die den Fokus auf die Jeans lenken. Wer es bequemer mag, w\u00e4hlt minimalistische Sneaker, die die Beine optisch verl\u00e4ngern.<\/p>\n<h2>Die besten Marken f\u00fcr Bauchflach-Jeans<\/h2>\n<p>Auf dem deutschen Markt haben sich einige Hersteller auf <strong>Push-in-Modelle<\/strong> spezialisiert. Salsa \u00fcberzeugt mit ihrer Secret-Kollektion, w\u00e4hrend Levi&#8217;s mit Sculpt-Technologie punktet. &#8222;Nicht nur der sichtbare Effekt, sondern auch die Langlebigkeit dieser Spezial-Jeans rechtfertigt den etwas h\u00f6heren Preis&#8220;, so die Empfehlung von Bekleidungsexpertin Christina Holz.<\/p>\n<h2>Nachhaltigkeit trifft K\u00f6rperoptimierung<\/h2>\n<p>Der Trend zu nachhaltigeren <a href=\"https:\/\/www.journee-mondiale.com\/de\/280\/9-september-tag-der-schoenen-kleidung.htm\" target=\"_blank\">Kleidungsst\u00fccken<\/a> macht auch vor Push-in-Jeans nicht halt. Immer mehr Hersteller setzen auf umweltschonende Produktionsverfahren und <strong>recycelte Materialien<\/strong>, ohne bei der formenden Wirkung Abstriche zu machen.<\/p>\n<h2>Der psychologische Effekt<\/h2>\n<p>Die Wahl unserer Kleidung beeinflusst ma\u00dfgeblich unser Wohlbefinden. &#8222;Eine gut sitzende Jeans kann wie ein Selbstbewusstseins-Booster wirken&#8220;, erkl\u00e4rt Psychologin Dr. Maria Neumann. \u00c4hnlich wie beim <a href=\"https:\/\/www.journee-mondiale.com\/de\/107\/11-oktober-tag-des-coming-out.htm\" target=\"_blank\">Tag des Coming-Out<\/a> geht es darum, sich in seiner Haut wohlzuf\u00fchlen und dies nach au\u00dfen zu tragen.<\/p>\n<h2>DIY: Jeans mit Bauchweg-Effekt anpassen<\/h2>\n<p>Wer handwerklich begabt ist, kann bestehende Lieblingsjeans mit einigen Tricks aufwerten. <a href=\"https:\/\/www.journee-mondiale.com\/de\/570\/21-oktober-tag-des-naehens.htm\" target=\"_blank\">N\u00e4hen<\/a> liegt wieder im Trend, und mit strategisch platzierten elastischen <strong>Eins\u00e4tzen<\/strong> l\u00e4sst sich auch aus einer gew\u00f6hnlichen Jeans ein Push-in-Modell zaubern.<\/p>\n<p>Jeans mit Bauchflach-Effekt sind wie treue Freunde im Kleiderschrank \u2013 sie unterst\u00fctzen uns, ohne zu urteilen, und helfen uns, unsere beste Version zu pr\u00e4sentieren. Warum also nicht in diesem Fr\u00fchling in ein Modell investieren, das Komfort und Stilbewusstsein so m\u00fchelos vereint?<\/p>\n","protected":false},"excerpt":{"rendered":"<p>Der Fr\u00fchling ist die perfekte Zeit f\u00fcr einen Jeans-Refresh in deinem Kleiderschrank. Aktuell erobern Modelle mit dem sogenannten Push-in-Effekt die Herzen modebewusster Frauen \u2013 und das aus gutem Grund. Diese cleveren Hosen versprechen, was wir uns besonders nach den Wintermonaten w\u00fcnschen: eine vorteilhafte Silhouette und maximalen Tragekomfort. Was steckt hinter dem Bauchflach-Wunder? Jeans mit Push-in-Technologie &#8230; <a title=\"Diese Jeans mit Push-in-Effekt l\u00e4sst meinen Bauch sofort 3 cm flacher wirken (und formt nebenbei die perfekte Silhouette)\" class=\"read-more\" href=\"https:\/\/www.journee-mondiale.com\/de\/diese-jeans-mit-push-in-effekt-laesst-meinen-bauch-sofort-3-cm-flacher-wirken-und-formt-nebenbei-die-perfekte-silhouette\/\" aria-label=\"Mehr Informationen \u00fcber Diese Jeans mit Push-in-Effekt l\u00e4sst meinen Bauch sofort 3 cm flacher wirken (und formt nebenbei die perfekte Silhouette)\">Lire plus<\/a><\/p>\n","protected":false},"author":1,"featured_media":12519,"comment_status":"","ping_status":"","sticky":false,"template":"","format":"standard","meta":{"footnotes":""},"categories":[48],"tags":[],"class_list":["post-12520","post","type-post","status-publish","format-standard","has-post-thumbnail","hentry","category-lebensstil"],"acf":[],"_yoast_wpseo_primary_category":null,"_yoast_wpseo_title":null,"_yoast_wpseo_metadesc":null,"_links":{"self":[{"href":"https:\/\/www.journee-mondiale.com\/de\/wp-json\/wp\/v2\/posts\/12520","targetHints":{"allow":["GET"]}}],"collection":[{"href":"https:\/\/www.journee-mondiale.com\/de\/wp-json\/wp\/v2\/posts"}],"about":[{"href":"https:\/\/www.journee-mondiale.com\/de\/wp-json\/wp\/v2\/types\/post"}],"author":[{"embeddable":true,"href":"https:\/\/www.journee-mondiale.com\/de\/wp-json\/wp\/v2\/users\/1"}],"replies":[{"embeddable":true,"href":"https:\/\/www.journee-mondiale.com\/de\/wp-json\/wp\/v2\/comments?post=12520"}],"version-history":[{"count":0,"href":"https:\/\/www.journee-mondiale.com\/de\/wp-json\/wp\/v2\/posts\/12520\/revisions"}],"wp:featuredmedia":[{"embeddable":true,"href":"https:\/\/www.journee-mondiale.com\/de\/wp-json\/wp\/v2\/media\/12519"}],"wp:attachment":[{"href":"https:\/\/www.journee-mondiale.com\/de\/wp-json\/wp\/v2\/media?parent=12520"}],"wp:term":[{"taxonomy":"category","embeddable":true,"href":"https:\/\/www.journee-mondiale.com\/de\/wp-json\/wp\/v2\/categories?post=12520"},{"taxonomy":"post_tag","embeddable":true,"href":"https:\/\/www.journee-mondiale.com\/de\/wp-json\/wp\/v2\/tags?post=12520"}],"curies":[{"name":"wp","href":"https:\/\/api.w.org\/{rel}","templated":true}]}}