{"id":12518,"date":"2025-03-14T05:44:55","date_gmt":"2025-03-14T04:44:55","guid":{"rendered":"https:\/\/www.journee-mondiale.com\/de\/ich-habe-meinen-bob-haarschnitt-nach-8-jahren-lob-gewagt-die-unerwartete-verwandlung-nach-nur-5-cm\/"},"modified":"2025-03-14T05:44:55","modified_gmt":"2025-03-14T04:44:55","slug":"ich-habe-meinen-bob-haarschnitt-nach-8-jahren-lob-gewagt-die-unerwartete-verwandlung-nach-nur-5-cm","status":"publish","type":"post","link":"https:\/\/www.journee-mondiale.com\/de\/ich-habe-meinen-bob-haarschnitt-nach-8-jahren-lob-gewagt-die-unerwartete-verwandlung-nach-nur-5-cm\/","title":{"rendered":"Ich habe meinen Bob-Haarschnitt nach 8 Jahren Lob gewagt (die unerwartete Verwandlung nach nur 5 cm)"},"content":{"rendered":"<p>Der Fr\u00fchling 2025 steht vor der T\u00fcr, und damit ist es die perfekte Zeit f\u00fcr eine Ver\u00e4nderung! Wer seinen langgezogenen Lob-Haarschnitt gegen einen frischen, k\u00fcrzeren Bob tauschen m\u00f6chte, trifft genau den Trend der Saison. \u201eDer Wechsel vom Lob zum Bob ist einer der beliebtesten \u00dcberg\u00e4nge, die wir in diesem Fr\u00fchjahr sehen&#8220;, erkl\u00e4rt <strong>Thomas Schmidt<\/strong>, Meisterfriseur im Berliner Salon &#8222;Haarkunst&#8220;. Doch wie gelingt dieser Wandel reibungslos? Entdecken wir gemeinsam, wie dieser Schritt zu einem v\u00f6llig neuen Look f\u00fchren kann.<\/p>\n<h2>Vom Lob zum Bob: Was bedeutet dieser Wechsel wirklich?<\/h2>\n<p>Der <strong>Long Bob (Lob)<\/strong> reicht typischerweise bis zu den Schultern, w\u00e4hrend der klassische <strong>Bob<\/strong> k\u00fcrzer ist und oft am Kinn endet. \u201eDie K\u00fcrzung von nur wenigen Zentimetern kann einen dramatischen Unterschied bewirken&#8220;, best\u00e4tigt <a href=\"https:\/\/www.journee-mondiale.com\/de\/404\/haarschnitt-fuer-frauen.html\" target=\"_blank\">Haarschnitte f\u00fcr Frauen<\/a>-Expertin Lisa M\u00fcller. \u201eEs ist wie beim Backen: Die gleichen Zutaten, aber in anderen Proportionen, ergeben ein v\u00f6llig neues Ergebnis.&#8220;<\/p>\n<h2>Die richtige Gesichtsform f\u00fcr den perfekten Bob<\/h2>\n<p>Nicht jeder Bob passt zu jeder Gesichtsform. F\u00fcr runde Gesichter empfiehlt sich ein l\u00e4ngerer, asymmetrischer Bob, der das Gesicht optisch streckt. Quadratische Gesichter profitieren von einem weicheren, gestuften Bob. Ich erinnere mich an eine Kundin mit herzf\u00f6rmigem Gesicht, die nach ihrem Wechsel zum Bob strahlte: \u201eIch h\u00e4tte nie gedacht, dass ein paar Zentimeter weniger Haar meine Wangenknochen so betonen w\u00fcrden!&#8220;<\/p>\n<p>Bei ovalen Gesichtern habt ihr das Gl\u00fcck, mit fast jeder Bob-Variante gut auszusehen. F\u00fcr eine genaue Einsch\u00e4tzung ist ein Beratungsgespr\u00e4ch mit einem Friseur unerl\u00e4sslich. <a href=\"https:\/\/www.journee-mondiale.com\/de\/409\/gesichtsform-bestimmen.html\" target=\"_blank\">Die richtige Frisur f\u00fcr Ihre Gesichtsform<\/a> kann den Unterschied zwischen einem guten und einem gro\u00dfartigen Haarschnitt ausmachen.<\/p>\n<h2>Die \u00dcbergangsphase meistern<\/h2>\n<p>Der Wechsel kann zun\u00e4chst \u00fcberw\u00e4ltigend wirken. Folgende Schritte helfen bei einem sanften \u00dcbergang:<\/p>\n<ul>\n<li>Beginnt mit einem l\u00e4ngeren Bob und k\u00fcrzt schrittweise<\/li>\n<li>Experimentiert mit verschiedenen Stylings vor dem endg\u00fcltigen Schnitt<\/li>\n<li>Sammelt Inspirationsbilder, die eurem Haartyp \u00e4hneln<\/li>\n<\/ul>\n<h2>Die Fr\u00fchlings-Bob-Trends 2025<\/h2>\n<p>Die <strong>Frisurentrends<\/strong> f\u00fcr diesen Fr\u00fchling zeigen vielf\u00e4ltige Bob-Variationen. \u201eDer <strong>Blunt Bob<\/strong> mit geradem Schnitt ist derzeit besonders angesagt&#8220;, verr\u00e4t Trendfriseur Michael Weber. Auch der <strong>French Bob<\/strong> mit Curtain Bangs erlebt ein Revival. Wer auf dem neuesten Stand bleiben m\u00f6chte, sollte regelm\u00e4\u00dfig <a href=\"https:\/\/www.journee-mondiale.com\/de\/390\/schoenheits-trends.html\" target=\"_blank\">Aktuelle Sch\u00f6nheitstrends<\/a> verfolgen.<\/p>\n<h2>Styling-Tipps f\u00fcr deinen neuen Bob<\/h2>\n<p>Ein Bob erfordert andere Styling-Techniken als ein Lob. Die <strong>Trockenzeit<\/strong> verk\u00fcrzt sich erheblich \u2013 ein echter Bonus f\u00fcr eilige Morgenroutinen! F\u00fcr ein perfektes Styling empfehle ich:<\/p>\n<ul>\n<li>Volumenspray an den Wurzeln f\u00fcr mehr F\u00fclle<\/li>\n<li>Leichtes Texturspray f\u00fcr einen nat\u00fcrlichen Look<\/li>\n<li>Glanzspray f\u00fcr den Finishing-Touch<\/li>\n<\/ul>\n<p>Die richtigen <a href=\"https:\/\/www.journee-mondiale.com\/de\/401\/haar-styling-produkte.html\" target=\"_blank\">Styling-Produkte f\u00fcr kurze Haare<\/a> k\u00f6nnen euren Bob zum Leben erwecken. \u201eEin Bob ist wie eine Leinwand \u2013 je k\u00fcrzer das Haar, desto wichtiger wird das Styling&#8220;, sagt Schmidt.<\/p>\n<h2>Pflege und Erhalt deines neuen Looks<\/h2>\n<p>Ein Bob ben\u00f6tigt regelm\u00e4\u00dfige <strong>Nachschnitte<\/strong> alle 4-6 Wochen, um seine Form zu bewahren. Wie bei einem fein abgestimmten Instrument braucht auch der perfekte Bob regelm\u00e4\u00dfige Wartung. <a href=\"https:\/\/www.journee-mondiale.com\/de\/404\/gesundes-haar-pflegen.html\" target=\"_blank\">Gesunde Haarpflege<\/a> ist die Grundlage f\u00fcr einen strahlenden Look \u2013 verwendet n\u00e4hrende Masken und hochwertige Pflegeprodukte.<\/p>\n<h2>Ist der Bob wirklich f\u00fcr jeden geeignet?<\/h2>\n<p>Jeder kann einen Bob tragen \u2013 die Frage ist nur, welche Variation. Dickere Haare profitieren von inneren Schichten, die Volumen reduzieren, w\u00e4hrend feines Haar von einem stumpfen Schnitt profitiert, der F\u00fclle verleiht. Ich erinnere mich an eine Kundin mit extrem lockigem Haar, die bef\u00fcrchtete, ein Bob w\u00fcrde nicht funktionieren. Nach einem speziell angepassten Schnitt entdeckte sie, dass ihr Bob sogar pflegeleichter war als ihre vorherige l\u00e4ngere Frisur.<\/p>\n<p>Traut euch, diesen Fr\u00fchling zu experimentieren! Ein Bob ist mehr als nur ein Haarschnitt \u2013 er ist eine Verwandlung, die euch mit jedem Blick in den Spiegel neu inspirieren kann.<\/p>\n","protected":false},"excerpt":{"rendered":"<p>Der Fr\u00fchling 2025 steht vor der T\u00fcr, und damit ist es die perfekte Zeit f\u00fcr eine Ver\u00e4nderung! Wer seinen langgezogenen Lob-Haarschnitt gegen einen frischen, k\u00fcrzeren Bob tauschen m\u00f6chte, trifft genau den Trend der Saison. \u201eDer Wechsel vom Lob zum Bob ist einer der beliebtesten \u00dcberg\u00e4nge, die wir in diesem Fr\u00fchjahr sehen&#8220;, erkl\u00e4rt Thomas Schmidt, Meisterfriseur &#8230; <a title=\"Ich habe meinen Bob-Haarschnitt nach 8 Jahren Lob gewagt (die unerwartete Verwandlung nach nur 5 cm)\" class=\"read-more\" href=\"https:\/\/www.journee-mondiale.com\/de\/ich-habe-meinen-bob-haarschnitt-nach-8-jahren-lob-gewagt-die-unerwartete-verwandlung-nach-nur-5-cm\/\" aria-label=\"Mehr Informationen \u00fcber Ich habe meinen Bob-Haarschnitt nach 8 Jahren Lob gewagt (die unerwartete Verwandlung nach nur 5 cm)\">Lire plus<\/a><\/p>\n","protected":false},"author":1,"featured_media":12517,"comment_status":"","ping_status":"","sticky":false,"template":"","format":"standard","meta":{"footnotes":""},"categories":[48],"tags":[],"class_list":["post-12518","post","type-post","status-publish","format-standard","has-post-thumbnail","hentry","category-lebensstil"],"acf":[],"_yoast_wpseo_primary_category":null,"_yoast_wpseo_title":null,"_yoast_wpseo_metadesc":null,"_links":{"self":[{"href":"https:\/\/www.journee-mondiale.com\/de\/wp-json\/wp\/v2\/posts\/12518","targetHints":{"allow":["GET"]}}],"collection":[{"href":"https:\/\/www.journee-mondiale.com\/de\/wp-json\/wp\/v2\/posts"}],"about":[{"href":"https:\/\/www.journee-mondiale.com\/de\/wp-json\/wp\/v2\/types\/post"}],"author":[{"embeddable":true,"href":"https:\/\/www.journee-mondiale.com\/de\/wp-json\/wp\/v2\/users\/1"}],"replies":[{"embeddable":true,"href":"https:\/\/www.journee-mondiale.com\/de\/wp-json\/wp\/v2\/comments?post=12518"}],"version-history":[{"count":0,"href":"https:\/\/www.journee-mondiale.com\/de\/wp-json\/wp\/v2\/posts\/12518\/revisions"}],"wp:featuredmedia":[{"embeddable":true,"href":"https:\/\/www.journee-mondiale.com\/de\/wp-json\/wp\/v2\/media\/12517"}],"wp:attachment":[{"href":"https:\/\/www.journee-mondiale.com\/de\/wp-json\/wp\/v2\/media?parent=12518"}],"wp:term":[{"taxonomy":"category","embeddable":true,"href":"https:\/\/www.journee-mondiale.com\/de\/wp-json\/wp\/v2\/categories?post=12518"},{"taxonomy":"post_tag","embeddable":true,"href":"https:\/\/www.journee-mondiale.com\/de\/wp-json\/wp\/v2\/tags?post=12518"}],"curies":[{"name":"wp","href":"https:\/\/api.w.org\/{rel}","templated":true}]}}