{"id":12514,"date":"2025-03-14T03:14:54","date_gmt":"2025-03-14T02:14:54","guid":{"rendered":"https:\/\/www.journee-mondiale.com\/de\/diese-manikuere-technik-stellt-alles-auf-den-kopf-und-nagelstudios-sind-fassungslos\/"},"modified":"2025-03-14T03:14:54","modified_gmt":"2025-03-14T02:14:54","slug":"diese-manikuere-technik-stellt-alles-auf-den-kopf-und-nagelstudios-sind-fassungslos","status":"publish","type":"post","link":"https:\/\/www.journee-mondiale.com\/de\/diese-manikuere-technik-stellt-alles-auf-den-kopf-und-nagelstudios-sind-fassungslos\/","title":{"rendered":"Diese Manik\u00fcre-Technik stellt alles auf den Kopf (und Nagelstudios sind fassungslos)"},"content":{"rendered":"<p>Die <strong>Manucure invers\u00e9e<\/strong> erobert im Fr\u00fchling 2025 die Nail-Art-Szene! Dieser avantgardistische Trend aus Frankreich stellt alles auf den Kopf \u2013 wortw\u00f6rtlich. Bei dieser Technik werden k\u00fcnstliche N\u00e4gel entgegen der nat\u00fcrlichen Wachstumsrichtung angebracht, was einen futuristischen Look kreiert, der auf Instagram und TikTok f\u00fcr Furore sorgt. &#8222;Diese unkonventionelle Technik fordert unsere Vorstellung davon heraus, was Nail-Art sein kann&#8220;, erkl\u00e4rt Nina Bergmann, Nail-Artist aus M\u00fcnchen, deren Kundschaft zunehmend nach dem ausgefallenen Look fragt.<\/p>\n<h2>Woher kommt der revolution\u00e4re Nail-Trend?<\/h2>\n<p>Die <strong>Manucure invers\u00e9e<\/strong> hat ihren Ursprung auf internationalen Laufstegen. Wie ein rebellischer Windhauch fegte sie zun\u00e4chst durch Paris, bevor sie in den sozialen Medien viral ging. &#8222;Was auf der Fashion Week als k\u00fcnstlerisches Statement begann, wird nun von mutigen Trendsetter:innen in den Alltag integriert&#8220;, beobachtet Stefanie Keller, Beauty-Redakteurin aus Hamburg. W\u00e4hrend der Trend in Frankreich bereits fest verankert ist, steht er in Deutschland noch am Anfang \u2013 perfekt f\u00fcr alle, die ihrer Fr\u00fchlingsgarderobe eine Prise Extravaganz verleihen m\u00f6chten.<\/p>\n<h2>Die Kunst der umgekehrten Manik\u00fcre<\/h2>\n<p>Die Umsetzung dieser <strong>avantgardistischen Nagelkunst<\/strong> erfordert Geschick und Pr\u00e4zision. Als ich mich selbst an die Technik wagte, entdeckte ich schnell, dass die Vorbereitung entscheidend ist. Eine Schutzfolie zwischen k\u00fcnstlichem Nagel und Haut ist unerl\u00e4sslich, um Irritationen zu vermeiden. Die gr\u00f6\u00dfte Herausforderung liegt in der perfekten Platzierung \u2013 jeder Millimeter z\u00e4hlt f\u00fcr den harmonischen Gesamteindruck. &#8222;Wie bei einem architektonischen Meisterwerk muss jedes Element exakt positioniert sein&#8220;, vergleicht Nail-Expertin Jana Weber.<\/p>\n<h2>Das macht den Trend so besonders<\/h2>\n<ul>\n<li>Die <strong>optische T\u00e4uschung<\/strong> schafft einen dreidimensionalen Effekt<\/li>\n<li>Individuelle Interpretationen sind grenzenlos m\u00f6glich<\/li>\n<li>Der Look verk\u00f6rpert den modernen Zeitgeist des kreativen Regelbruchs<\/li>\n<\/ul>\n<h2>Aktuelle Styling-Variationen der invers\u00e9e-Technik<\/h2>\n<p>Die franz\u00f6sische Grundidee wird im Fr\u00fchjahr 2025 kreativ weiterentwickelt. Besonders angesagt sind <strong>Metallic-Akzente<\/strong> in Rosegold oder Bronze, die dem Look einen luxuri\u00f6sen Touch verleihen. Auch die Kombination mit Ombr\u00e9-Techniken er\u00f6ffnet faszinierende Gestaltungsm\u00f6glichkeiten. Ein weiterer Trend sind texturierte Oberfl\u00e4chen wie Samt- oder Glitzerfinishes, die das Spiel mit Licht und Schatten verst\u00e4rken. Jede Variante ist wie ein kleines Kunstwerk an den Fingerspitzen. <a href=\"https:\/\/www.journee-mondiale.com\/de\/415\/tag-der-kosmetik\/\" target=\"_blank\">Tag der Kosmetik<\/a> Veranstaltungen zeigen bereits erste Showcases dieser Technik.<\/p>\n<h2>Die invers\u00e9e-Manik\u00fcre im Alltag meistern<\/h2>\n<p>F\u00fcr alle, die den Trend wagen m\u00f6chten, empfehle ich diese <strong>praktischen Tipps<\/strong>:<\/p>\n<ul>\n<li>Beginne mit k\u00fcrzeren N\u00e4geln f\u00fcr mehr Alltagstauglichkeit<\/li>\n<li>W\u00e4hle anfangs dezente Farben f\u00fcr ein subtileres Statement<\/li>\n<li>Nutze spezielle Nagelkleber f\u00fcr l\u00e4ngere Haltbarkeit<\/li>\n<\/ul>\n<p>Als Fashion-Redakteurin Carolina Mendez k\u00fcrzlich auf Instagram schrieb: &#8222;Die Manucure invers\u00e9e ist wie ein Gedicht an den Fingern \u2013 man muss lernen, mit ihr zu leben, aber die visuelle Poesie ist jeden Moment wert.&#8220; Besucher des <a href=\"https:\/\/www.journee-mondiale.com\/de\/409\/tag-der-schoenheit\/\" target=\"_blank\">Tag der Sch\u00f6nheit<\/a> bekommen erste Einblicke in professionelle Anwendungen.<\/p>\n<h2>F\u00fcr wen eignet sich der futuristische Look?<\/h2>\n<p>Die inverse Manik\u00fcre spricht besonders <strong>experimentierfreudige Pers\u00f6nlichkeiten<\/strong> an, die durch ihr \u00c4u\u00dferes Konventionen hinterfragen. Sie ist wie ein kleiner stilistischer Aufstand gegen das Gew\u00f6hnliche \u2013 perfekt f\u00fcr die Generation, die Individualit\u00e4t zelebriert. Der Trend bietet eine Plattform f\u00fcr <a href=\"https:\/\/www.journee-mondiale.com\/de\/486\/tag-der-selbstliebe\/\" target=\"_blank\">Tag der Selbstliebe<\/a> und eignet sich f\u00fcr alle, die ihre kreative Ader zum Ausdruck bringen m\u00f6chten.<\/p>\n<h2>Herausforderungen elegant meistern<\/h2>\n<p>Die invers\u00e9e-Technik erfordert <strong>Geduld und \u00dcbung<\/strong>. In meinem Selbstversuch stellte ich fest, dass allt\u00e4gliche Aufgaben wie Tippen anfangs gew\u00f6hnungsbed\u00fcrftig sein k\u00f6nnen. Doch wie mit jedem Statement-Look w\u00e4chst man in die neue \u00c4sthetik hinein. Die Kunst liegt darin, praktische Aspekte mit visueller Innovation zu verbinden \u2013 genau wie bei der Mode, die Komfort und Design vereint. <a href=\"https:\/\/www.journee-mondiale.com\/de\/449\/tag-des-selbstbewusstseins\/\" target=\"_blank\">Tag des Selbstbewusstseins<\/a> ist der perfekte Zeitpunkt, um diesen mutigen Schritt zu wagen.<\/p>\n<h2>Wann erobert der Trend die deutsche Beauty-Szene?<\/h2>\n<p>Wer den Puls der Zeit sp\u00fcren m\u00f6chte, sollte jetzt einsteigen. Die Manucure invers\u00e9e steht an der Schwelle zum Mainstream \u2013 noch ist sie ein <strong>Geheimtipp<\/strong> f\u00fcr Insider, doch Experten prognostizieren ihren Durchbruch bis zum Sommer. Wie ein Samenkorn im Fr\u00fchling wird sie in den kommenden Monaten aufbl\u00fchen und die deutsche Beauty-Landschaft bereichern. Weitere Inspiration findet ihr unter <a href=\"https:\/\/www.journee-mondiale.com\/de\/category\/lebensstil\/\" target=\"_blank\">Weitere Lebensstil-Trends<\/a> f\u00fcr die kommende Saison.<\/p>\n","protected":false},"excerpt":{"rendered":"<p>Die Manucure invers\u00e9e erobert im Fr\u00fchling 2025 die Nail-Art-Szene! Dieser avantgardistische Trend aus Frankreich stellt alles auf den Kopf \u2013 wortw\u00f6rtlich. Bei dieser Technik werden k\u00fcnstliche N\u00e4gel entgegen der nat\u00fcrlichen Wachstumsrichtung angebracht, was einen futuristischen Look kreiert, der auf Instagram und TikTok f\u00fcr Furore sorgt. &#8222;Diese unkonventionelle Technik fordert unsere Vorstellung davon heraus, was Nail-Art &#8230; <a title=\"Diese Manik\u00fcre-Technik stellt alles auf den Kopf (und Nagelstudios sind fassungslos)\" class=\"read-more\" href=\"https:\/\/www.journee-mondiale.com\/de\/diese-manikuere-technik-stellt-alles-auf-den-kopf-und-nagelstudios-sind-fassungslos\/\" aria-label=\"Mehr Informationen \u00fcber Diese Manik\u00fcre-Technik stellt alles auf den Kopf (und Nagelstudios sind fassungslos)\">Lire plus<\/a><\/p>\n","protected":false},"author":1,"featured_media":12513,"comment_status":"","ping_status":"","sticky":false,"template":"","format":"standard","meta":{"footnotes":""},"categories":[48],"tags":[],"class_list":["post-12514","post","type-post","status-publish","format-standard","has-post-thumbnail","hentry","category-lebensstil"],"acf":[],"_yoast_wpseo_primary_category":null,"_yoast_wpseo_title":null,"_yoast_wpseo_metadesc":null,"_links":{"self":[{"href":"https:\/\/www.journee-mondiale.com\/de\/wp-json\/wp\/v2\/posts\/12514","targetHints":{"allow":["GET"]}}],"collection":[{"href":"https:\/\/www.journee-mondiale.com\/de\/wp-json\/wp\/v2\/posts"}],"about":[{"href":"https:\/\/www.journee-mondiale.com\/de\/wp-json\/wp\/v2\/types\/post"}],"author":[{"embeddable":true,"href":"https:\/\/www.journee-mondiale.com\/de\/wp-json\/wp\/v2\/users\/1"}],"replies":[{"embeddable":true,"href":"https:\/\/www.journee-mondiale.com\/de\/wp-json\/wp\/v2\/comments?post=12514"}],"version-history":[{"count":0,"href":"https:\/\/www.journee-mondiale.com\/de\/wp-json\/wp\/v2\/posts\/12514\/revisions"}],"wp:featuredmedia":[{"embeddable":true,"href":"https:\/\/www.journee-mondiale.com\/de\/wp-json\/wp\/v2\/media\/12513"}],"wp:attachment":[{"href":"https:\/\/www.journee-mondiale.com\/de\/wp-json\/wp\/v2\/media?parent=12514"}],"wp:term":[{"taxonomy":"category","embeddable":true,"href":"https:\/\/www.journee-mondiale.com\/de\/wp-json\/wp\/v2\/categories?post=12514"},{"taxonomy":"post_tag","embeddable":true,"href":"https:\/\/www.journee-mondiale.com\/de\/wp-json\/wp\/v2\/tags?post=12514"}],"curies":[{"name":"wp","href":"https:\/\/api.w.org\/{rel}","templated":true}]}}