{"id":12512,"date":"2025-03-14T01:35:59","date_gmt":"2025-03-14T00:35:59","guid":{"rendered":"https:\/\/www.journee-mondiale.com\/de\/die-erschreckende-wahrheit-warum-40-aller-frauen-ihre-haarpracht-verlieren-und-meine-3-stufen-rettung\/"},"modified":"2025-03-14T01:35:59","modified_gmt":"2025-03-14T00:35:59","slug":"die-erschreckende-wahrheit-warum-40-aller-frauen-ihre-haarpracht-verlieren-und-meine-3-stufen-rettung","status":"publish","type":"post","link":"https:\/\/www.journee-mondiale.com\/de\/die-erschreckende-wahrheit-warum-40-aller-frauen-ihre-haarpracht-verlieren-und-meine-3-stufen-rettung\/","title":{"rendered":"Die erschreckende Wahrheit: warum 40% aller Frauen ihre Haarpracht verlieren (und meine 3-Stufen-Rettung)"},"content":{"rendered":"<p>Mit dem Fr\u00fchlingsbeginn 2025 k\u00e4mpfen viele Frauen nicht nur gegen die letzten Winterreste, sondern auch gegen ein Problem, das tiefer geht: d\u00fcnner werdendes Haar. Etwa 40% aller Frauen erleben im Laufe ihres Lebens eine Phase mit Haarausd\u00fcnnung \u2013 ein Thema, das oft im Verborgenen bleibt. Doch zum Gl\u00fcck bringt das Jahr 2025 revolution\u00e4re L\u00f6sungen gegen dieses weitverbreitete Problem. <a href=\"https:\/\/www.journee-mondiale.com\/de\/167\/tag-des-haarausfalls.htm\" target=\"_blank\">Tag des Haarausfalls<\/a> macht darauf aufmerksam, wie wichtig ganzheitliche Ans\u00e4tze sind.<\/p>\n<h2>Die wahren Ursachen verstehen<\/h2>\n<p>Bevor wir in die L\u00f6sungswelt eintauchen, ist es entscheidend, die Wurzeln des Problems zu erkennen. <strong>Androgenbedingte Alopezie<\/strong> \u2013 der h\u00e4ufigste Typ bei Frauen \u2013 wird durch hormonelle Ver\u00e4nderungen ausgel\u00f6st. \u201eWeiblicher Haarausfall unterscheidet sich grundlegend von m\u00e4nnlichem&#8220;, erkl\u00e4rt Dr. Claudia Weber, Dermatologin aus M\u00fcnchen. \u201eFrauen erleben meist eine diffuse Ausd\u00fcnnung statt kahler Stellen.&#8220;<\/p>\n<h2>Revolution\u00e4re Schneidetechniken f\u00fcr sofortige Volumeneffekte<\/h2>\n<p>Der richtige Haarschnitt kann einen dramatischen Unterschied bewirken. <strong>Stufenschnitte<\/strong> verleihen dem Haar Bewegung und lassen es voller wirken. Thomas Schmidt, Meisterfriseur im Berliner Salon &#8222;Haarkunst&#8220;, verr\u00e4t: \u201eF\u00fcr 2025 sind besonders weiche, unregelm\u00e4\u00dfige Stufen im Trend, die das Haar optisch verdichten, ohne dass es konstruiert wirkt.&#8220;<\/p>\n<h2>Die Magie moderner Volumenprodukte<\/h2>\n<p>Die neueste Generation <strong>volumisierender Produkte<\/strong> geht weit \u00fcber traditionelle Schaumfestiger hinaus. Besonders wirksam sind:<\/p>\n<ul>\n<li>Mikropartikel-Volumensprays, die sich an jedes Haar heften<\/li>\n<li>Wurzelanheber mit Peptid-Komplex<\/li>\n<li>Molekular-leichte Seren, die nicht beschweren<\/li>\n<\/ul>\n<p>Wie Sandd\u00fcnen in der W\u00fcste braucht auch feines Haar die richtige Struktur, um nicht zusammenzufallen. <a href=\"https:\/\/www.journee-mondiale.com\/de\/465\/tag-der-naturlichen-schonheit.htm\" target=\"_blank\">Tag der nat\u00fcrlichen Sch\u00f6nheit<\/a> erinnert uns daran, dass nat\u00fcrliche Inhaltsstoffe oft besser vertr\u00e4glich sind.<\/p>\n<h2>Alltags-Styling: Kleine Tricks mit gro\u00dfer Wirkung<\/h2>\n<p>Der <strong>Diffusor<\/strong> erlebt 2025 ein glanzvolles Comeback. \u201eDas Trocknen mit nach unten geneigtem Kopf und einem Diffusor gibt selbst dem feinsten Haar unglaubliches Volumen&#8220;, schw\u00f6rt Stylistin Petra M\u00fcller. \u201eDenken Sie daran: Volumen beginnt an der Wurzel, nicht an den Spitzen!&#8220;<\/p>\n<h2>Ern\u00e4hrungsumstellung als Basis gesunden Haarwuchses<\/h2>\n<p>Was auf unseren Tellern landet, zeigt sich auch auf unserem Kopf. <strong>Biotin<\/strong>, Zink und Eisen bilden das Dreigestirn f\u00fcr kr\u00e4ftiges Haar. <a href=\"https:\/\/www.journee-mondiale.com\/de\/346\/welttag-der-ernahrung.htm\" target=\"_blank\">Welttag der Ern\u00e4hrung<\/a> betont, wie essenziell ausgewogene Kost f\u00fcr K\u00f6rperfunktionen ist.<\/p>\n<h3>Haar-Power-Lebensmittel:<\/h3>\n<ul>\n<li>Waln\u00fcsse und Leinsamen (Omega-3-Fetts\u00e4uren)<\/li>\n<li>Gr\u00fcnkohl und Spinat (Eisen, Vitamin A)<\/li>\n<li>Eier und H\u00fclsenfr\u00fcchte (Proteine, B-Vitamine)<\/li>\n<\/ul>\n<h2>Medizinische Interventionen: Was wirklich funktioniert<\/h2>\n<p>Die Wissenschaft hat beachtliche Fortschritte gemacht. <strong>Minoxidil<\/strong> bleibt ein Klassiker, w\u00e4hrend neue Formulierungen wie Ketoconazol-Shampoos dazusto\u00dfen. \u201eDie Kombination verschiedener Wirkstoffe zeigt die besten Ergebnisse&#8220;, best\u00e4tigt Dr. Weber. PRP-Behandlungen (Eigenbluttherapie) haben sich inzwischen als Goldstandard etabliert.<\/p>\n<h2>Stressmanagement: Der \u00fcbersehene Faktor<\/h2>\n<p>Chronischer Stress ist wie S\u00e4ure f\u00fcr unsere Haarfollikel. <strong>Cortisol<\/strong>, das Stresshormon, kann direkt zum Haarausfall beitragen. Regelm\u00e4\u00dfige Entspannungs\u00fcbungen wirken wie ein Schutzschild f\u00fcr Ihre Kopfhaut. <a href=\"https:\/\/www.journee-mondiale.com\/de\/453\/welttag-der-psychischen-gesundheit.htm\" target=\"_blank\">Welttag der psychischen Gesundheit<\/a> unterstreicht die Verbindung zwischen mentaler Balance und physischer Erscheinung.<\/p>\n<h2>Der ganzheitliche Ansatz: Ihr pers\u00f6nlicher Weg zu vollerem Haar<\/h2>\n<p>Wie bei einer sorgf\u00e4ltig komponierten Symphonie wirken alle Elemente zusammen: Schnitt, Produkte, Ern\u00e4hrung und Stressmanagement. Beginnen Sie mit kleinen \u00c4nderungen und bauen Sie Ihr Volumen-Repertoire schrittweise auf. Ihr Haar wird es Ihnen mit neuer F\u00fclle und Lebendigkeit danken \u2013 ein sichtbares Zeichen Ihrer Selbstf\u00fcrsorge in der Fr\u00fchlingssaison 2025.<\/p>\n","protected":false},"excerpt":{"rendered":"<p>Mit dem Fr\u00fchlingsbeginn 2025 k\u00e4mpfen viele Frauen nicht nur gegen die letzten Winterreste, sondern auch gegen ein Problem, das tiefer geht: d\u00fcnner werdendes Haar. Etwa 40% aller Frauen erleben im Laufe ihres Lebens eine Phase mit Haarausd\u00fcnnung \u2013 ein Thema, das oft im Verborgenen bleibt. Doch zum Gl\u00fcck bringt das Jahr 2025 revolution\u00e4re L\u00f6sungen gegen &#8230; <a title=\"Die erschreckende Wahrheit: warum 40% aller Frauen ihre Haarpracht verlieren (und meine 3-Stufen-Rettung)\" class=\"read-more\" href=\"https:\/\/www.journee-mondiale.com\/de\/die-erschreckende-wahrheit-warum-40-aller-frauen-ihre-haarpracht-verlieren-und-meine-3-stufen-rettung\/\" aria-label=\"Mehr Informationen \u00fcber Die erschreckende Wahrheit: warum 40% aller Frauen ihre Haarpracht verlieren (und meine 3-Stufen-Rettung)\">Lire plus<\/a><\/p>\n","protected":false},"author":1,"featured_media":12511,"comment_status":"","ping_status":"","sticky":false,"template":"","format":"standard","meta":{"footnotes":""},"categories":[48],"tags":[],"class_list":["post-12512","post","type-post","status-publish","format-standard","has-post-thumbnail","hentry","category-lebensstil"],"acf":[],"_yoast_wpseo_primary_category":null,"_yoast_wpseo_title":null,"_yoast_wpseo_metadesc":null,"_links":{"self":[{"href":"https:\/\/www.journee-mondiale.com\/de\/wp-json\/wp\/v2\/posts\/12512","targetHints":{"allow":["GET"]}}],"collection":[{"href":"https:\/\/www.journee-mondiale.com\/de\/wp-json\/wp\/v2\/posts"}],"about":[{"href":"https:\/\/www.journee-mondiale.com\/de\/wp-json\/wp\/v2\/types\/post"}],"author":[{"embeddable":true,"href":"https:\/\/www.journee-mondiale.com\/de\/wp-json\/wp\/v2\/users\/1"}],"replies":[{"embeddable":true,"href":"https:\/\/www.journee-mondiale.com\/de\/wp-json\/wp\/v2\/comments?post=12512"}],"version-history":[{"count":0,"href":"https:\/\/www.journee-mondiale.com\/de\/wp-json\/wp\/v2\/posts\/12512\/revisions"}],"wp:featuredmedia":[{"embeddable":true,"href":"https:\/\/www.journee-mondiale.com\/de\/wp-json\/wp\/v2\/media\/12511"}],"wp:attachment":[{"href":"https:\/\/www.journee-mondiale.com\/de\/wp-json\/wp\/v2\/media?parent=12512"}],"wp:term":[{"taxonomy":"category","embeddable":true,"href":"https:\/\/www.journee-mondiale.com\/de\/wp-json\/wp\/v2\/categories?post=12512"},{"taxonomy":"post_tag","embeddable":true,"href":"https:\/\/www.journee-mondiale.com\/de\/wp-json\/wp\/v2\/tags?post=12512"}],"curies":[{"name":"wp","href":"https:\/\/api.w.org\/{rel}","templated":true}]}}