{"id":12488,"date":"2025-03-13T08:55:18","date_gmt":"2025-03-13T07:55:18","guid":{"rendered":"https:\/\/www.journee-mondiale.com\/de\/ich-habe-meine-3-besten-schichttechniken-getestet-eine-verdoppelte-mein-haarvolumen-in-5-minuten\/"},"modified":"2025-03-13T08:55:18","modified_gmt":"2025-03-13T07:55:18","slug":"ich-habe-meine-3-besten-schichttechniken-getestet-eine-verdoppelte-mein-haarvolumen-in-5-minuten","status":"publish","type":"post","link":"https:\/\/www.journee-mondiale.com\/de\/ich-habe-meine-3-besten-schichttechniken-getestet-eine-verdoppelte-mein-haarvolumen-in-5-minuten\/","title":{"rendered":"Ich habe meine 3 besten Schichttechniken getestet (eine verdoppelte mein Haarvolumen in 5 Minuten&#8230;)"},"content":{"rendered":"<p>Die <strong>Kunst der Schichttechnik<\/strong> ist weit mehr als nur ein Friseurkniff \u2013 sie ist der Schl\u00fcssel zu Volumen und Bewegung f\u00fcr jedes Haar! Gerade jetzt im Fr\u00fchling 2025, wenn wir unsere Winterm\u00fctzen endlich ablegen k\u00f6nnen, sehnen wir uns nach frischen, volumin\u00f6sen Looks, die uns voller Energie in die w\u00e4rmere Jahreszeit starten lassen.<\/p>\n<h2>Die Magie der Schichttechniken verstehen<\/h2>\n<p>Schichtiges Haar ist der Geheimtipp f\u00fcr mehr F\u00fclle. \u201eBei der perfekten Schichttechnik geht es darum, <strong>strategische Gewichtsverteilung<\/strong> zu kreieren \u2013 wie ein Architekt, der genau wei\u00df, wo er Material wegnehmen muss, damit das Bauwerk atmen kann&#8220;, erkl\u00e4rt Thomas Schmidt, Meisterfriseur im Berliner Salon &#8222;Haarkunst&#8220;. Nicht umsonst feiert man diese Kunst auch am <a href=\"https:\/\/www.journee-mondiale.com\/de\/295\/tag-des-friseurs.htm\" target=\"_blank\">Tag des Friseurs<\/a>, wenn Stylingexperten ihr K\u00f6nnen unter Beweis stellen.<\/p>\n<h2>Schichttechniken f\u00fcr feines Haar: Dezent, aber wirkungsvoll<\/h2>\n<p>Feines Haar braucht sanfte Ber\u00fchrungen. \u201eBei feinem Haar sind <strong>minimale Schichten<\/strong> das A und O \u2013 zu viel wegnehmen und das Haar wirkt schnell schlaff statt volumin\u00f6s&#8220;, verr\u00e4t Sabine Winter, Inhaberin des Hamburger Salons \u201eHaartraum&#8220;. Insbesondere die Slide-Cutting-Technik eignet sich hervorragend, um feine Haare effektvoll zu strukturieren, ohne F\u00fclle zu verlieren.<\/p>\n<h3>Tipps f\u00fcr mehr Volumen bei feinem Haar:<\/h3>\n<ul>\n<li>Schichten nur in den Spitzen setzen<\/li>\n<li>Auf Punkt-Schnitt-Technik f\u00fcr sanfte \u00dcberg\u00e4nge setzen<\/li>\n<li>Styling mit Volumen-Produkten an der Wurzel unterst\u00fctzen<\/li>\n<\/ul>\n<h2>Dickes Haar z\u00e4hmen durch clevere Schichtung<\/h2>\n<p>Wer mit \u00fcppigem Haar gesegnet ist, kennt das Problem: Ohne Struktur wird es schnell zum unb\u00e4ndigen L\u00f6wenm\u00e4hne. Eine <strong>innere Schichttechnik<\/strong> nimmt gezielt Gewicht heraus, ohne die \u00e4u\u00dfere Silhouette zu ver\u00e4ndern \u2013 wie wenn man einen dichten Wald lichtet, aber seine majest\u00e4tische Kontur bewahrt. Regelm\u00e4\u00dfige Pflege ist dabei unerl\u00e4sslich, besonders am <a href=\"https:\/\/www.journee-mondiale.com\/de\/414\/haarpflegetag.htm\" target=\"_blank\">Haarpflegetag<\/a> sollte man seinem Schichtschnitt besondere Aufmerksamkeit widmen.<\/p>\n<h2>Die Wunder der Schichtung f\u00fcr lockiges Haar<\/h2>\n<p>Lockige Haare sind wie ein eigenwilliges Kunstwerk \u2013 beeindruckend, aber manchmal schwer zu handhaben. \u201eLockiges Haar sollte <strong>unbedingt trocken<\/strong> geschnitten werden&#8220;, betont Lisa Wagner, Lockenexpertin. \u201eNur so kann man das wahre Verhalten der Locken einsch\u00e4tzen und Volumen gezielt dort platzieren, wo es am vorteilhaftesten wirkt.&#8220; Die nat\u00fcrliche Sch\u00f6nheit dieser Haarstruktur l\u00e4sst sich wunderbar am <a href=\"https:\/\/www.journee-mondiale.com\/de\/305\/tag-der-naturlichen-schonheit.htm\" target=\"_blank\">Tag der nat\u00fcrlichen Sch\u00f6nheit<\/a> feiern.<\/p>\n<h2>Styling-Geheimnisse f\u00fcr langanhaltendes Volumen<\/h2>\n<p>Ein guter Schnitt ist erst der Anfang. Mit den richtigen <strong>Styling-Techniken<\/strong> h\u00e4lt das Volumen den ganzen Tag:<\/p>\n<blockquote><p>\u201eF\u00f6hnen Sie Ihr Haar kopf\u00fcber und verwenden Sie eine Rundb\u00fcrste an den Wurzeln. Dieser einfache Trick verdoppelt das Volumen sofort&#8220;, verr\u00e4t Star-Stylist Michael Berger.<\/p><\/blockquote>\n<h2>Wie Farbe deine Schichten zum Leben erweckt<\/h2>\n<p>Farbe und Schichtschnitt sind wie ein perfektes Tanzpaar \u2013 sie erg\u00e4nzen sich gegenseitig. <strong>Strategisch platzierte Highlights<\/strong> betonen die verschiedenen Ebenen und verleihen dem Haar optische Tiefe. Dabei k\u00f6nnen sogar spezielle Farbeffekte Volumen an Stellen zaubern, wo keines ist \u2013 eine optische Illusion, die wirkt!<\/p>\n<h2>Pflege und Nachsorge f\u00fcr geschichtete Haarschnitte<\/h2>\n<p>Ein Schichtschnitt ist wie ein ma\u00dfgeschneidertes Kleidungsst\u00fcck \u2013 mit der richtigen Pflege h\u00e4lt er l\u00e4nger und sieht besser aus. Besonders wichtig: leichte Produkte, die das Haar nicht beschweren. Manche Kunden spenden ihr altes Haar am <a href=\"https:\/\/www.journee-mondiale.com\/de\/365\/haarspendertag.htm\" target=\"_blank\">Haarspendertag<\/a>, bevor sie sich f\u00fcr einen neuen volumin\u00f6sen Schichtschnitt entscheiden.<\/p>\n<h2>Mit neuem Volumen zu neuem Selbstbewusstsein?<\/h2>\n<p>Ein gelungener Schichtschnitt kann mehr als nur das Haar transformieren. Wie eine Kundin mir k\u00fcrzlich erz\u00e4hlte: \u201eMit meinem neuen volumin\u00f6sen Look f\u00fchle ich mich wie neugeboren \u2013 selbstbewusster und energiegeladener.&#8220; Nicht umsonst wird der <a href=\"https:\/\/www.journee-mondiale.com\/de\/108\/internationaler-tag-des-selbstbewusstseins.htm\" target=\"_blank\">Internationaler Tag des Selbstbewusstseins<\/a> oft mit Ver\u00e4nderungen im \u00e4u\u00dferen Erscheinungsbild in Verbindung gebracht. Die Kunst der Schichttechnik ist eben mehr als nur Haarschnitt \u2013 sie ist ein St\u00fcck Lebensgef\u00fchl!<\/p>\n","protected":false},"excerpt":{"rendered":"<p>Die Kunst der Schichttechnik ist weit mehr als nur ein Friseurkniff \u2013 sie ist der Schl\u00fcssel zu Volumen und Bewegung f\u00fcr jedes Haar! Gerade jetzt im Fr\u00fchling 2025, wenn wir unsere Winterm\u00fctzen endlich ablegen k\u00f6nnen, sehnen wir uns nach frischen, volumin\u00f6sen Looks, die uns voller Energie in die w\u00e4rmere Jahreszeit starten lassen. Die Magie der &#8230; <a title=\"Ich habe meine 3 besten Schichttechniken getestet (eine verdoppelte mein Haarvolumen in 5 Minuten&#8230;)\" class=\"read-more\" href=\"https:\/\/www.journee-mondiale.com\/de\/ich-habe-meine-3-besten-schichttechniken-getestet-eine-verdoppelte-mein-haarvolumen-in-5-minuten\/\" aria-label=\"Mehr Informationen \u00fcber Ich habe meine 3 besten Schichttechniken getestet (eine verdoppelte mein Haarvolumen in 5 Minuten&#8230;)\">Lire plus<\/a><\/p>\n","protected":false},"author":1,"featured_media":12487,"comment_status":"","ping_status":"","sticky":false,"template":"","format":"standard","meta":{"footnotes":""},"categories":[48],"tags":[],"class_list":["post-12488","post","type-post","status-publish","format-standard","has-post-thumbnail","hentry","category-lebensstil"],"acf":[],"_yoast_wpseo_primary_category":null,"_yoast_wpseo_title":null,"_yoast_wpseo_metadesc":null,"_links":{"self":[{"href":"https:\/\/www.journee-mondiale.com\/de\/wp-json\/wp\/v2\/posts\/12488","targetHints":{"allow":["GET"]}}],"collection":[{"href":"https:\/\/www.journee-mondiale.com\/de\/wp-json\/wp\/v2\/posts"}],"about":[{"href":"https:\/\/www.journee-mondiale.com\/de\/wp-json\/wp\/v2\/types\/post"}],"author":[{"embeddable":true,"href":"https:\/\/www.journee-mondiale.com\/de\/wp-json\/wp\/v2\/users\/1"}],"replies":[{"embeddable":true,"href":"https:\/\/www.journee-mondiale.com\/de\/wp-json\/wp\/v2\/comments?post=12488"}],"version-history":[{"count":0,"href":"https:\/\/www.journee-mondiale.com\/de\/wp-json\/wp\/v2\/posts\/12488\/revisions"}],"wp:featuredmedia":[{"embeddable":true,"href":"https:\/\/www.journee-mondiale.com\/de\/wp-json\/wp\/v2\/media\/12487"}],"wp:attachment":[{"href":"https:\/\/www.journee-mondiale.com\/de\/wp-json\/wp\/v2\/media?parent=12488"}],"wp:term":[{"taxonomy":"category","embeddable":true,"href":"https:\/\/www.journee-mondiale.com\/de\/wp-json\/wp\/v2\/categories?post=12488"},{"taxonomy":"post_tag","embeddable":true,"href":"https:\/\/www.journee-mondiale.com\/de\/wp-json\/wp\/v2\/tags?post=12488"}],"curies":[{"name":"wp","href":"https:\/\/api.w.org\/{rel}","templated":true}]}}