{"id":12486,"date":"2025-03-13T08:36:31","date_gmt":"2025-03-13T07:36:31","guid":{"rendered":"https:\/\/www.journee-mondiale.com\/de\/warum-ich-meine-skinny-jeans-fuer-immer-verbannt-habe-die-3-ueberraschenden-gruende-aus-dem-fruehjahr-2025\/"},"modified":"2025-03-13T08:36:31","modified_gmt":"2025-03-13T07:36:31","slug":"warum-ich-meine-skinny-jeans-fuer-immer-verbannt-habe-die-3-ueberraschenden-gruende-aus-dem-fruehjahr-2025","status":"publish","type":"post","link":"https:\/\/www.journee-mondiale.com\/de\/warum-ich-meine-skinny-jeans-fuer-immer-verbannt-habe-die-3-ueberraschenden-gruende-aus-dem-fruehjahr-2025\/","title":{"rendered":"Warum ich meine Skinny Jeans f\u00fcr immer verbannt habe (die 3 \u00fcberraschenden Gr\u00fcnde aus dem Fr\u00fchjahr 2025&#8230;)"},"content":{"rendered":"<p>Der Wandel der Jeans-Mode: Warum wir 2025 Skinny Jeans links liegen lassen<\/p>\n<h2>Die Revolution der Jeanssilhouetten im Fr\u00fchling 2025<\/h2>\n<p>W\u00e4hrend drau\u00dfen die ersten Fr\u00fchlingsknospen sprie\u00dfen, vollzieht sich in der Modewelt eine kleine Revolution. Die einst allgegenw\u00e4rtigen <strong>Skinny Jeans<\/strong> werden zusehends von bequemeren Silhouetten verdr\u00e4ngt. &#8222;Die Menschen suchen nach Kleidung, die sowohl stilvoll als auch bequem ist&#8220;, erkl\u00e4rt Modeexperte Guido Maria Kretschmer. &#8222;Die engen Schnitte weichen endlich einer entspannteren \u00c4sthetik, die besonders im Fr\u00fchling mehr Bewegungsfreiheit bietet.&#8220;<\/p>\n<h2>Der Siegeszug von Wide-leg und Barrel Jeans<\/h2>\n<p>Die neuen Stars am Jeans-Himmel sind eindeutig <strong>Wide-leg<\/strong> und <strong>Barrel Jeans<\/strong>. Diese luftigeren Schnitte erobern nicht nur den deutschen Markt, sondern feiern international Erfolge. Ihre Beliebtheit steigt mit den Temperaturen, denn sie bieten nicht nur modischen Ausdruck, sondern auch die f\u00fcr Fr\u00fchlingsaktivit\u00e4ten n\u00f6tige Bewegungsfreiheit. Mode-Influencerin Leonie Hanne best\u00e4tigt: &#8222;Nachhaltigkeit ist der Schl\u00fcssel zur Zukunft der Mode. Die neuen, weiteren Schnitte passen perfekt zu unserem Bed\u00fcrfnis nach <a href=\"https:\/\/www.journee-mondiale.com\/de\/nachhaltigkeit\/\" target=\"_blank\">Nachhaltigkeit in der Mode<\/a> und Authentizit\u00e4t.&#8220;<\/p>\n<h2>Was treibt den Trend an?<\/h2>\n<p>Der Wandel spiegelt unsere sich ver\u00e4ndernden Lebensrealit\u00e4ten wider. Nach Jahren des Home-Office und einer grundlegenden Neubewertung unserer <a href=\"https:\/\/www.journee-mondiale.com\/de\/kleidungsstil\/\" target=\"_blank\">Kleidungsstil<\/a>-Priorit\u00e4ten hat sich der Fokus verschoben:<\/p>\n<ul>\n<li>Komfort steht an erster Stelle \u2013 ohne Einbu\u00dfen beim Stil<\/li>\n<li>Vielseitigkeit f\u00fcr verschiedene Tagesanl\u00e4sse wird gesch\u00e4tzt<\/li>\n<li>Nachhaltige Materialien und zeitlose Schnitte ersetzen Fast Fashion<\/li>\n<\/ul>\n<h2>Deutsche Marken als Vorreiter<\/h2>\n<p>Besonders interessant ist, wie deutsche Unternehmen diesen Trend anf\u00fchren. <strong>Closed<\/strong> und <strong>Hugo Boss<\/strong> haben ihre Kollektionen um gro\u00dfz\u00fcgigere Schnitte erweitert, die gleichzeitig elegant und l\u00e4ssig wirken. Auch <strong>Mustang<\/strong> hat mit neuen Barrel-Jeans-Modellen f\u00fcr Fr\u00fchjahr 2025 \u00fcberzeugt. Diese Marken vereinen <a href=\"https:\/\/www.journee-mondiale.com\/de\/markenkleidung\/\" target=\"_blank\">Markenkleidung<\/a> mit Tragekomfort auf beeindruckende Weise.<\/p>\n<h2>Styling-Tipps f\u00fcr die neuen Jeans-Helden<\/h2>\n<p>Die Umstellung von Skinny auf Wide-leg kann herausfordernd sein. Style-Expertin Caro Daur gibt praktische Ratschl\u00e4ge: &#8222;Bequeme Jeans sind nicht nur f\u00fcr den Alltag, sondern auch f\u00fcr besondere Anl\u00e4sse geeignet. Im Fr\u00fchling funktionieren sie wunderbar mit leichten Blusen und Sneakern.&#8220; Hier die wichtigsten Tipps:<\/p>\n<ul>\n<li>Kombiniere weitgeschnittene Jeans mit figurn\u00e4heren Oberteilen f\u00fcr Balance<\/li>\n<li>Experimentiere mit <a href=\"https:\/\/www.journee-mondiale.com\/de\/mode-accessoires\/\" target=\"_blank\">Mode-Accessoires<\/a> wie G\u00fcrteln, um Silhouetten zu definieren<\/li>\n<li>W\u00e4hle die richtige Schuhh\u00f6he \u2013 Chunky Boots oder Sneaker erg\u00e4nzen den Look perfekt<\/li>\n<\/ul>\n<h2>Der Umweltfaktor<\/h2>\n<p>Der Trend zu entspannteren Silhouetten geht Hand in Hand mit einem gesteigerten <a href=\"https:\/\/www.journee-mondiale.com\/de\/umweltbewusstsein\/\" target=\"_blank\">Umweltbewusstsein<\/a>. Deutsche Verbraucher achten zunehmend auf nachhaltige Materialien wie Bio-Baumwolle und recyceltes Denim. &#8222;Diese Jeans sind wie B\u00e4ume mit starken Wurzeln \u2013 sie stehen f\u00fcr Best\u00e4ndigkeit statt fl\u00fcchtiger Trends,&#8220; beschreibt ein Nachhaltigkeitsexperte der Branche bildlich die neue Denim-Philosophie.<\/p>\n<h2>Wie finde ich meinen neuen Jeans-Liebling?<\/h2>\n<p>Die Suche nach der perfekten Jeans gleicht einer Entdeckungsreise: Experimentieren Sie mit verschiedenen Passformen und Stilen. Wie bei einer neuen Freundschaft braucht es manchmal Zeit, bis man sich aneinander gew\u00f6hnt hat. Doch eines ist sicher \u2013 der Fr\u00fchlingsmonat M\u00e4rz 2025 bietet die ideale Gelegenheit, die Skinny Jeans endlich zur wohlverdienten Ruhe zu schicken und frische, luftigere Silhouetten willkommen zu hei\u00dfen.<\/p>\n","protected":false},"excerpt":{"rendered":"<p>Der Wandel der Jeans-Mode: Warum wir 2025 Skinny Jeans links liegen lassen Die Revolution der Jeanssilhouetten im Fr\u00fchling 2025 W\u00e4hrend drau\u00dfen die ersten Fr\u00fchlingsknospen sprie\u00dfen, vollzieht sich in der Modewelt eine kleine Revolution. Die einst allgegenw\u00e4rtigen Skinny Jeans werden zusehends von bequemeren Silhouetten verdr\u00e4ngt. &#8222;Die Menschen suchen nach Kleidung, die sowohl stilvoll als auch bequem &#8230; <a title=\"Warum ich meine Skinny Jeans f\u00fcr immer verbannt habe (die 3 \u00fcberraschenden Gr\u00fcnde aus dem Fr\u00fchjahr 2025&#8230;)\" class=\"read-more\" href=\"https:\/\/www.journee-mondiale.com\/de\/warum-ich-meine-skinny-jeans-fuer-immer-verbannt-habe-die-3-ueberraschenden-gruende-aus-dem-fruehjahr-2025\/\" aria-label=\"Mehr Informationen \u00fcber Warum ich meine Skinny Jeans f\u00fcr immer verbannt habe (die 3 \u00fcberraschenden Gr\u00fcnde aus dem Fr\u00fchjahr 2025&#8230;)\">Lire plus<\/a><\/p>\n","protected":false},"author":1,"featured_media":12485,"comment_status":"","ping_status":"","sticky":false,"template":"","format":"standard","meta":{"footnotes":""},"categories":[48],"tags":[],"class_list":["post-12486","post","type-post","status-publish","format-standard","has-post-thumbnail","hentry","category-lebensstil"],"acf":[],"_yoast_wpseo_primary_category":null,"_yoast_wpseo_title":null,"_yoast_wpseo_metadesc":null,"_links":{"self":[{"href":"https:\/\/www.journee-mondiale.com\/de\/wp-json\/wp\/v2\/posts\/12486","targetHints":{"allow":["GET"]}}],"collection":[{"href":"https:\/\/www.journee-mondiale.com\/de\/wp-json\/wp\/v2\/posts"}],"about":[{"href":"https:\/\/www.journee-mondiale.com\/de\/wp-json\/wp\/v2\/types\/post"}],"author":[{"embeddable":true,"href":"https:\/\/www.journee-mondiale.com\/de\/wp-json\/wp\/v2\/users\/1"}],"replies":[{"embeddable":true,"href":"https:\/\/www.journee-mondiale.com\/de\/wp-json\/wp\/v2\/comments?post=12486"}],"version-history":[{"count":0,"href":"https:\/\/www.journee-mondiale.com\/de\/wp-json\/wp\/v2\/posts\/12486\/revisions"}],"wp:featuredmedia":[{"embeddable":true,"href":"https:\/\/www.journee-mondiale.com\/de\/wp-json\/wp\/v2\/media\/12485"}],"wp:attachment":[{"href":"https:\/\/www.journee-mondiale.com\/de\/wp-json\/wp\/v2\/media?parent=12486"}],"wp:term":[{"taxonomy":"category","embeddable":true,"href":"https:\/\/www.journee-mondiale.com\/de\/wp-json\/wp\/v2\/categories?post=12486"},{"taxonomy":"post_tag","embeddable":true,"href":"https:\/\/www.journee-mondiale.com\/de\/wp-json\/wp\/v2\/tags?post=12486"}],"curies":[{"name":"wp","href":"https:\/\/api.w.org\/{rel}","templated":true}]}}