{"id":12482,"date":"2025-03-13T04:44:24","date_gmt":"2025-03-13T03:44:24","guid":{"rendered":"https:\/\/www.journee-mondiale.com\/de\/diese-7-kurzen-frisuren-lassen-frauen-ueber-60-sofort-juenger-aussehen-ich-haette-nie-gedacht-dass-nr-3-so-viel-veraendert\/"},"modified":"2025-03-13T04:44:24","modified_gmt":"2025-03-13T03:44:24","slug":"diese-7-kurzen-frisuren-lassen-frauen-ueber-60-sofort-juenger-aussehen-ich-haette-nie-gedacht-dass-nr-3-so-viel-veraendert","status":"publish","type":"post","link":"https:\/\/www.journee-mondiale.com\/de\/diese-7-kurzen-frisuren-lassen-frauen-ueber-60-sofort-juenger-aussehen-ich-haette-nie-gedacht-dass-nr-3-so-viel-veraendert\/","title":{"rendered":"Diese 7 kurzen Frisuren lassen Frauen \u00fcber 60 sofort j\u00fcnger aussehen (ich h\u00e4tte nie gedacht, dass Nr. 3 so viel ver\u00e4ndert)"},"content":{"rendered":"<p>In einer Zeit, in der Sch\u00f6nheit keine Altersgrenze kennt, entdecken immer mehr Seniorinnen die befreiende Kraft mutiger Kurzhaarfrisuren. Der Fr\u00fchling 2025 bietet die perfekte Gelegenheit, mit einem frischen Look durchzustarten, der sowohl Selbstbewusstsein als auch Charakter ausstrahlt. Gerade zum <a href=\"https:\/\/www.journee-mondiale.com\/de\/94\/internationaler-tag-der-senioren.htm\" target=\"_blank\">Internationaler Tag der Senioren<\/a> zeigt sich: Stilvolle Kurzhaarschnitte sind nicht nur praktisch, sondern ein Statement f\u00fcr Frauen, die ihre Reife mit Stolz tragen.<\/p>\n<h2>Die Renaissance des Pixie-Cuts<\/h2>\n<p>Der <strong>Pixie-Cut<\/strong> erlebt 2025 eine wahre Wiedergeburt. &#8222;Diese Frisur ist wie ein guter Wein \u2013 sie wird mit dem Alter nur besser&#8220;, erkl\u00e4rt Susanne Meier, Meisterfriseurin aus M\u00fcnchen. &#8222;Besonders bei silbergrauem oder wei\u00dfem Haar entfaltet der Pixie eine beeindruckende Eleganz, w\u00e4hrend er gleichzeitig Jugendlichkeit ausstrahlt.&#8220; Die kurzen, frechen Seiten kombiniert mit l\u00e4ngeren Partien oben schaffen eine perfekte Balance zwischen Pflegeleichtigkeit und Ausdrucksst\u00e4rke.<\/p>\n<h2>Der moderne Bob mit Pony \u2013 zeitlos und vielseitig<\/h2>\n<p>Anl\u00e4sslich des <a href=\"https:\/\/www.journee-mondiale.com\/de\/492\/internationaler-frauentag.htm\" target=\"_blank\">Internationaler Frauentag<\/a> betonen viele Stylistinnen: Der <strong>Bob mit Pony<\/strong> ist und bleibt ein Klassiker mit unbegrenzten M\u00f6glichkeiten. Diese Frisur rahmt das Gesicht wunderbar ein und lenkt den Blick auf die Augen. &#8222;Ein pr\u00e4zise geschnittener Bob ist wie ein ma\u00dfgeschneidertes Kleidungsst\u00fcck \u2013 er bringt die besten Eigenschaften jeder Frau zur Geltung&#8220;, schw\u00e4rmt Thomas Schmidt vom Berliner Salon &#8222;Haarkunst&#8220;.<\/p>\n<h2>Layered Bobs f\u00fcr mehr Volumen und Bewegung<\/h2>\n<p>F\u00fcr Frauen mit feinerem Haar sind <strong>geschichtete Bobs<\/strong> wahre Wunderwerker. Die unterschiedlich langen Schichten verleihen dem Haar F\u00fclle und Dynamik \u2013 wie ein k\u00fcnstlerisch arrangierter Garten, in dem jede Ebene ihre eigene Sch\u00f6nheit entfaltet. Besonders beliebt sind weiche, unregelm\u00e4\u00dfige Schichten, die das Haar optisch verdicken und gleichzeitig leicht zu stylen sind.<\/p>\n<blockquote><p>Wenn ich einer Kundin \u00fcber 60 zu mehr Volumen verhelfen m\u00f6chte, ist ein geschichteter Bob meine erste Wahl. Er schenkt nicht nur F\u00fclle, sondern auch eine jugendliche Bewegung, die das gesamte Erscheinungsbild verj\u00fcngt.<\/p><\/blockquote>\n<h2>Der verwegene Faux-Hawk f\u00fcr mutige Trendsetter<\/h2>\n<p>Wer es wirklich gewagt mag, sollte den <strong>Faux-Hawk<\/strong> in Betracht ziehen. Diese Frisur, bei der die Seiten kurz und die Mitte l\u00e4nger und aufgestellt getragen wird, ist nichts f\u00fcr Sch\u00fcchterne \u2013 aber perfekt f\u00fcr Frauen, die zeigen wollen, dass Stil keine Frage des Alters ist. Eine Kundin erz\u00e4hlte mir k\u00fcrzlich: &#8222;Mit 72 habe ich mich f\u00fcr einen Faux-Hawk entschieden \u2013 jetzt werde ich st\u00e4ndig auf meinen coolen Look angesprochen!&#8220;<\/p>\n<h2>Pflegetipps f\u00fcr perfekte Kurzhaarfrisuren<\/h2>\n<p>Zum <a href=\"https:\/\/www.journee-mondiale.com\/de\/498\/weltgesundheitstag.htm\" target=\"_blank\">Weltgesundheitstag<\/a> erinnern wir an die Wichtigkeit gesunder Haarpflege. Folgende Tipps helfen Ihnen, Ihre Kurzhaarfrisur in Bestform zu halten:<\/p>\n<ul>\n<li>Verwenden Sie <strong>volumenf\u00f6rdernde Mousses<\/strong> f\u00fcr mehr F\u00fclle und Halt<\/li>\n<li>Investieren Sie in ein gutes <strong>Trockenshampoo<\/strong> f\u00fcr Frische zwischen den W\u00e4schen<\/li>\n<li>Vereinbaren Sie alle 4-6 Wochen einen Nachschnitt f\u00fcr eine perfekte Form<\/li>\n<\/ul>\n<h2>Der nat\u00fcrliche Afro \u2013 Hommage an nat\u00fcrliche Texturen<\/h2>\n<p>Der <strong>kurze Afro<\/strong> feiert die Sch\u00f6nheit nat\u00fcrlicher Haartexturen und bringt eine wundervolle F\u00fclle ins Gesicht. Am <a href=\"https:\/\/www.journee-mondiale.com\/de\/574\/welttag-der-kulturellen-vielfalt.htm\" target=\"_blank\">Welttag der kulturellen Vielfalt<\/a> zeigt sich, wie vielf\u00e4ltig und ausdrucksstark Naturfrisuren sein k\u00f6nnen. Ein gepflegter kurzer Afro ist wie eine Krone \u2013 er umrahmt das Gesicht mit w\u00fcrdevoller Pr\u00e4senz und strahlt Selbstbewusstsein aus.<\/p>\n<h2>Ist es Zeit f\u00fcr Ihre mutige Ver\u00e4nderung?<\/h2>\n<p>Zum <a href=\"https:\/\/www.journee-mondiale.com\/de\/389\/tag-der-schonheit.htm\" target=\"_blank\">Tag der Sch\u00f6nheit<\/a> stellen wir fest: Kurzhaarfrisuren sind mehr als praktische L\u00f6sungen \u2013 sie sind Ausdruck von Pers\u00f6nlichkeit und Lebensgef\u00fchl. Wie das Fr\u00fchlingserwachen ist ein neuer Haarschnitt oft der Beginn eines neuen Kapitels. Trauen Sie sich, experimentieren Sie und finden Sie den Stil, der Ihre einzigartige Sch\u00f6nheit unterstreicht. Denn das Geheimnis eines wirklich gelungenen Looks liegt nicht in der Anzahl der Jahre, sondern in der Freude am eigenen Spiegelbild.<\/p>\n","protected":false},"excerpt":{"rendered":"<p>In einer Zeit, in der Sch\u00f6nheit keine Altersgrenze kennt, entdecken immer mehr Seniorinnen die befreiende Kraft mutiger Kurzhaarfrisuren. Der Fr\u00fchling 2025 bietet die perfekte Gelegenheit, mit einem frischen Look durchzustarten, der sowohl Selbstbewusstsein als auch Charakter ausstrahlt. Gerade zum Internationaler Tag der Senioren zeigt sich: Stilvolle Kurzhaarschnitte sind nicht nur praktisch, sondern ein Statement f\u00fcr &#8230; <a title=\"Diese 7 kurzen Frisuren lassen Frauen \u00fcber 60 sofort j\u00fcnger aussehen (ich h\u00e4tte nie gedacht, dass Nr. 3 so viel ver\u00e4ndert)\" class=\"read-more\" href=\"https:\/\/www.journee-mondiale.com\/de\/diese-7-kurzen-frisuren-lassen-frauen-ueber-60-sofort-juenger-aussehen-ich-haette-nie-gedacht-dass-nr-3-so-viel-veraendert\/\" aria-label=\"Mehr Informationen \u00fcber Diese 7 kurzen Frisuren lassen Frauen \u00fcber 60 sofort j\u00fcnger aussehen (ich h\u00e4tte nie gedacht, dass Nr. 3 so viel ver\u00e4ndert)\">Lire plus<\/a><\/p>\n","protected":false},"author":1,"featured_media":12481,"comment_status":"","ping_status":"","sticky":false,"template":"","format":"standard","meta":{"footnotes":""},"categories":[48],"tags":[],"class_list":["post-12482","post","type-post","status-publish","format-standard","has-post-thumbnail","hentry","category-lebensstil"],"acf":[],"_yoast_wpseo_primary_category":null,"_yoast_wpseo_title":null,"_yoast_wpseo_metadesc":null,"_links":{"self":[{"href":"https:\/\/www.journee-mondiale.com\/de\/wp-json\/wp\/v2\/posts\/12482","targetHints":{"allow":["GET"]}}],"collection":[{"href":"https:\/\/www.journee-mondiale.com\/de\/wp-json\/wp\/v2\/posts"}],"about":[{"href":"https:\/\/www.journee-mondiale.com\/de\/wp-json\/wp\/v2\/types\/post"}],"author":[{"embeddable":true,"href":"https:\/\/www.journee-mondiale.com\/de\/wp-json\/wp\/v2\/users\/1"}],"replies":[{"embeddable":true,"href":"https:\/\/www.journee-mondiale.com\/de\/wp-json\/wp\/v2\/comments?post=12482"}],"version-history":[{"count":0,"href":"https:\/\/www.journee-mondiale.com\/de\/wp-json\/wp\/v2\/posts\/12482\/revisions"}],"wp:featuredmedia":[{"embeddable":true,"href":"https:\/\/www.journee-mondiale.com\/de\/wp-json\/wp\/v2\/media\/12481"}],"wp:attachment":[{"href":"https:\/\/www.journee-mondiale.com\/de\/wp-json\/wp\/v2\/media?parent=12482"}],"wp:term":[{"taxonomy":"category","embeddable":true,"href":"https:\/\/www.journee-mondiale.com\/de\/wp-json\/wp\/v2\/categories?post=12482"},{"taxonomy":"post_tag","embeddable":true,"href":"https:\/\/www.journee-mondiale.com\/de\/wp-json\/wp\/v2\/tags?post=12482"}],"curies":[{"name":"wp","href":"https:\/\/api.w.org\/{rel}","templated":true}]}}