{"id":12480,"date":"2025-03-13T03:55:02","date_gmt":"2025-03-13T02:55:02","guid":{"rendered":"https:\/\/www.journee-mondiale.com\/de\/5-zeitlose-nagelverlaengerungen-die-jede-frau-ueber-50-im-fruehling-kennen-sollte-ueberraschender-verjuengungseffekt\/"},"modified":"2025-03-13T03:55:02","modified_gmt":"2025-03-13T02:55:02","slug":"5-zeitlose-nagelverlaengerungen-die-jede-frau-ueber-50-im-fruehling-kennen-sollte-ueberraschender-verjuengungseffekt","status":"publish","type":"post","link":"https:\/\/www.journee-mondiale.com\/de\/5-zeitlose-nagelverlaengerungen-die-jede-frau-ueber-50-im-fruehling-kennen-sollte-ueberraschender-verjuengungseffekt\/","title":{"rendered":"5 zeitlose Nagelverl\u00e4ngerungen, die jede Frau \u00fcber 50 im Fr\u00fchling kennen sollte (\u00dcberraschender Verj\u00fcngungseffekt!)"},"content":{"rendered":"<p>Mit dem Fr\u00fchlingserwachen suchen viele Frauen \u00fcber 50 nach <strong>praktischen Sch\u00f6nheitsl\u00f6sungen<\/strong>, die im hektischen Alltag bestehen. Langlebige Nagelverl\u00e4ngerungen sind dabei eine perfekte Antwort auf die Herausforderung, stets gepflegt auszusehen. &#8222;Meine Kundinnen ab 50 sch\u00e4tzen besonders die Zeitersparnis, die ihnen hochwertige Nagelverl\u00e4ngerungen bieten&#8220;, erkl\u00e4rt Nageldesignerin Claudia Weber aus M\u00fcnchen. &#8222;Es geht nicht nur um \u00c4sthetik, sondern um praktische Eleganz, die dem aktiven Leben standh\u00e4lt.&#8220;<\/p>\n<h2>Die Renaissance der Gel-Verl\u00e4ngerungen im Fr\u00fchling 2025<\/h2>\n<p>Der Fr\u00fchling 2025 bringt eine wahre Renaissance der <strong>Gel-Nagelverl\u00e4ngerungen<\/strong> mit sich. Diese Technik hat sich als besonders vertr\u00e4glich f\u00fcr reifere N\u00e4gel erwiesen. &#8222;Gel-N\u00e4gel sind flexibler und passen sich nat\u00fcrlichen Bewegungen an, was sie besonders schonend macht&#8220;, betont Dr. Sabine M\u00fcller, Dermatologin mit Spezialisierung auf Nagelgesundheit. Besonders beliebt sind aktuell zarte Pastellt\u00f6ne, die perfekt zur Fr\u00fchlingsgaderobe passen.<\/p>\n<h2>Warum Acryl-N\u00e4gel bei berufst\u00e4tigen Frauen punkten<\/h2>\n<p>F\u00fcr den <a href=\"https:\/\/www.journee-mondiale.com\/de\/category\/lebensstil\/\" target=\"_blank\">Lebensstil<\/a> vieler besch\u00e4ftigter Frauen \u00fcber 50 sind <strong>Acryl-Nagelverl\u00e4ngerungen<\/strong> nach wie vor erste Wahl. \u00c4hnlich wie ein zuverl\u00e4ssiger Begleiter bieten sie standhafte Unterst\u00fctzung bei allen t\u00e4glichen Herausforderungen \u2013 vom Tippen auf der Tastatur bis zum G\u00e4rtnern am Wochenende. Die aktuelle Generation von Acryl-Produkten ist dabei deutlich n\u00e4gel- und hautfreundlicher als fr\u00fchere Formulierungen.<\/p>\n<h2>Die besten Farben f\u00fcr jugendlich wirkende H\u00e4nde<\/h2>\n<p>Die richtigen Farbt\u00f6ne k\u00f6nnen H\u00e4nde um Jahre verj\u00fcngen. Folgende <strong>Fr\u00fchlings-Favoriten 2025<\/strong> stehen besonders im Fokus:<\/p>\n<ul>\n<li>Tiefes Bordeaux \u2013 verleiht einen eleganten, zeitlosen Look<\/li>\n<li>Sanftes Rosenquarz \u2013 reflektiert Licht und l\u00e4sst H\u00e4nde zarter wirken<\/li>\n<li>K\u00fchl-mattes Espresso \u2013 schmeichelt jeder Hautfarbe und wirkt raffiniert<\/li>\n<\/ul>\n<h2>Der Polygel-Trend erobert Deutschland<\/h2>\n<p>In deutschen Nagelstudios erobert <strong>Polygel<\/strong> immer mehr Stammkundinnen \u00fcber 50. Diese innovative Hybrid-Technologie verbindet die St\u00e4rke von Acryl mit der Flexibilit\u00e4t von Gel. &#8222;Polygel ist wie eine ma\u00dfgeschneiderte L\u00f6sung f\u00fcr reife N\u00e4gel&#8220;, erl\u00e4utert Trendsetterin Anja Schmid aus Berlin. &#8222;Unsere Kundinnen lieben es, dass die N\u00e4gel nicht nur l\u00e4nger halten, sondern sich auch nat\u00fcrlicher anf\u00fchlen.&#8220;<\/p>\n<h2>Pflegetipps f\u00fcr maximale Haltbarkeit<\/h2>\n<p>Die <strong>Lebensdauer von Nagelverl\u00e4ngerungen<\/strong> h\u00e4ngt entscheidend von der richtigen Pflege ab. \u00c4hnlich wie bei einem gepflegten Garten gedeihen auch Ihre N\u00e4gel am besten mit regelm\u00e4\u00dfiger Aufmerksamkeit und den richtigen Werkzeugen. Besonders wichtig im fr\u00fchlingshaften Gartenjahr: Tragen Sie immer Handschuhe bei Gartenarbeiten und haushaltsnahen T\u00e4tigkeiten.<\/p>\n<h2>Die nachhaltige Revolution in der Nagelpflege<\/h2>\n<p>Immer mehr deutsche <a href=\"https:\/\/www.journee-mondiale.com\/de\/category\/reisen\/\" target=\"_blank\">Reisen<\/a> zu internationalen Beauty-Messen zeigen: Der <strong>Nachhaltigkeitstrend<\/strong> hat auch die Nagelbranche erreicht. &#8222;Unsere Kundinnen fragen verst\u00e4rkt nach umweltfreundlichen und gesundheitsbewussten Alternativen&#8220;, berichtet Kosmetikexpertin Jana Fischer. Besonders beliebt sind vegane Formulierungen und Produkte mit nat\u00fcrlichen Inhaltsstoffen, die frei von sch\u00e4dlichen Chemikalien sind.<\/p>\n<h2>Welche Technik passt zu Ihrem Lebensstil?<\/h2>\n<p>Bei der Wahl der passenden Methode sollten Sie Ihren pers\u00f6nlichen <strong>Tagesablauf<\/strong> ber\u00fccksichtigen:<\/p>\n<ul>\n<li>Vielbesch\u00e4ftigte Gesch\u00e4ftsfrauen: Acryl f\u00fcr maximale Widerstandsf\u00e4higkeit<\/li>\n<li>Kreative und Freiberuflerinnen: Gel f\u00fcr flexible Eleganz<\/li>\n<li>Sportbegeisterte: Polygel f\u00fcr den perfekten Mittelweg<\/li>\n<\/ul>\n<h2>Saisonale Anpassungen f\u00fcr den Fr\u00fchling<\/h2>\n<p>Die <a href=\"https:\/\/www.journee-mondiale.com\/de\/geschichte-der-welttage\/\" target=\"_blank\">Geschichte der Welttage<\/a> zeigt, wie wichtig kulturelle Anpassungen sind \u2013 das gilt auch f\u00fcr Ihre Nagelpflege. Im Fr\u00fchling 2025 empfiehlt sich ein <strong>regelm\u00e4\u00dfiges Feuchtigkeitsritual<\/strong> f\u00fcr N\u00e4gel und Nagelhaut, da die wechselhaften Temperaturen besondere Anforderungen stellen. Wie ein sch\u00fctzender Mantel im Aprilwetter sorgt eine gute \u00d6lpflege f\u00fcr optimale Bedingungen.<\/p>\n<h2>Sind Sie bereit f\u00fcr langanhaltende Fr\u00fchlingssch\u00f6nheit?<\/h2>\n<p>Die richtige Nagelverl\u00e4ngerung ist wie ein treuer Begleiter durch die gesch\u00e4ftigen Fr\u00fchlingstage. Mit den passenden Techniken, Farben und etwas Pflege k\u00f6nnen auch <a href=\"https:\/\/www.journee-mondiale.com\/de\/feed\/\" target=\"_blank\">Aktuelle Beauty-Trends<\/a> langfristig umgesetzt werden. G\u00f6nnen Sie Ihren H\u00e4nden die Aufmerksamkeit, die sie verdienen \u2013 denn sie sind nicht nur Ihre wichtigsten Werkzeuge, sondern auch Ihre pers\u00f6nliche Visitenkarte in jedem Fr\u00fchlingsgespr\u00e4ch.<\/p>\n","protected":false},"excerpt":{"rendered":"<p>Mit dem Fr\u00fchlingserwachen suchen viele Frauen \u00fcber 50 nach praktischen Sch\u00f6nheitsl\u00f6sungen, die im hektischen Alltag bestehen. Langlebige Nagelverl\u00e4ngerungen sind dabei eine perfekte Antwort auf die Herausforderung, stets gepflegt auszusehen. &#8222;Meine Kundinnen ab 50 sch\u00e4tzen besonders die Zeitersparnis, die ihnen hochwertige Nagelverl\u00e4ngerungen bieten&#8220;, erkl\u00e4rt Nageldesignerin Claudia Weber aus M\u00fcnchen. &#8222;Es geht nicht nur um \u00c4sthetik, sondern &#8230; <a title=\"5 zeitlose Nagelverl\u00e4ngerungen, die jede Frau \u00fcber 50 im Fr\u00fchling kennen sollte (\u00dcberraschender Verj\u00fcngungseffekt!)\" class=\"read-more\" href=\"https:\/\/www.journee-mondiale.com\/de\/5-zeitlose-nagelverlaengerungen-die-jede-frau-ueber-50-im-fruehling-kennen-sollte-ueberraschender-verjuengungseffekt\/\" aria-label=\"Mehr Informationen \u00fcber 5 zeitlose Nagelverl\u00e4ngerungen, die jede Frau \u00fcber 50 im Fr\u00fchling kennen sollte (\u00dcberraschender Verj\u00fcngungseffekt!)\">Lire plus<\/a><\/p>\n","protected":false},"author":1,"featured_media":12479,"comment_status":"","ping_status":"","sticky":false,"template":"","format":"standard","meta":{"footnotes":""},"categories":[48],"tags":[],"class_list":["post-12480","post","type-post","status-publish","format-standard","has-post-thumbnail","hentry","category-lebensstil"],"acf":[],"_yoast_wpseo_primary_category":null,"_yoast_wpseo_title":null,"_yoast_wpseo_metadesc":null,"_links":{"self":[{"href":"https:\/\/www.journee-mondiale.com\/de\/wp-json\/wp\/v2\/posts\/12480","targetHints":{"allow":["GET"]}}],"collection":[{"href":"https:\/\/www.journee-mondiale.com\/de\/wp-json\/wp\/v2\/posts"}],"about":[{"href":"https:\/\/www.journee-mondiale.com\/de\/wp-json\/wp\/v2\/types\/post"}],"author":[{"embeddable":true,"href":"https:\/\/www.journee-mondiale.com\/de\/wp-json\/wp\/v2\/users\/1"}],"replies":[{"embeddable":true,"href":"https:\/\/www.journee-mondiale.com\/de\/wp-json\/wp\/v2\/comments?post=12480"}],"version-history":[{"count":0,"href":"https:\/\/www.journee-mondiale.com\/de\/wp-json\/wp\/v2\/posts\/12480\/revisions"}],"wp:featuredmedia":[{"embeddable":true,"href":"https:\/\/www.journee-mondiale.com\/de\/wp-json\/wp\/v2\/media\/12479"}],"wp:attachment":[{"href":"https:\/\/www.journee-mondiale.com\/de\/wp-json\/wp\/v2\/media?parent=12480"}],"wp:term":[{"taxonomy":"category","embeddable":true,"href":"https:\/\/www.journee-mondiale.com\/de\/wp-json\/wp\/v2\/categories?post=12480"},{"taxonomy":"post_tag","embeddable":true,"href":"https:\/\/www.journee-mondiale.com\/de\/wp-json\/wp\/v2\/tags?post=12480"}],"curies":[{"name":"wp","href":"https:\/\/api.w.org\/{rel}","templated":true}]}}