{"id":12476,"date":"2025-03-13T00:36:07","date_gmt":"2025-03-12T23:36:07","guid":{"rendered":"https:\/\/www.journee-mondiale.com\/de\/diese-3-pixie-frisuren-kaschieren-sofort-meinen-duennen-hals-frauen-ueber-50-lieben-nr-2\/"},"modified":"2025-03-13T00:36:07","modified_gmt":"2025-03-12T23:36:07","slug":"diese-3-pixie-frisuren-kaschieren-sofort-meinen-duennen-hals-frauen-ueber-50-lieben-nr-2","status":"publish","type":"post","link":"https:\/\/www.journee-mondiale.com\/de\/diese-3-pixie-frisuren-kaschieren-sofort-meinen-duennen-hals-frauen-ueber-50-lieben-nr-2\/","title":{"rendered":"Diese 3 Pixie-Frisuren kaschieren sofort meinen d\u00fcnnen Hals (Frauen \u00fcber 50 lieben Nr. 2&#8230;)"},"content":{"rendered":"<p>Wer kennt es nicht \u2013 mit den Jahren ver\u00e4ndert sich unser \u00c4u\u00dferes, und damit auch die Anforderungen an unsere Frisur. Besonders f\u00fcr Frauen mit einem schlanken Hals stellt sich die Frage: Welcher Schnitt schmeichelt mir am besten? <strong>Altersgerechte Frisuren<\/strong> m\u00fcssen nicht langweilig sein, im Gegenteil! Der Fr\u00fchling 2025 bietet die perfekte Gelegenheit, um frischen Wind in Ihre Haarpracht zu bringen.<\/p>\n<h2>Der Pixie-Cut: Zeitloser Klassiker mit jugendlicher Note<\/h2>\n<p>Der <strong>Pixie-Cut<\/strong> erlebt gerade ein beeindruckendes Comeback bei reifen Frauen. &#8222;Ein kurzer, texturierter Pixie verleiht nicht nur Volumen, sondern l\u00e4sst auch den Hals schlanker wirken&#8220;, erkl\u00e4rt Petra Meinhardt, Meisterfriseurin aus M\u00fcnchen. Besonders vorteilhaft: Die kurzen Nackenhaare betonen elegant die Halslinie, w\u00e4hrend l\u00e4ngere Partien am Oberkopf f\u00fcr F\u00fclle sorgen.<\/p>\n<p>Ich erinnere mich an Kundin Margit, die mit 67 Jahren ihren langen Bob gegen einen frechen Pixie tauschte \u2013 ihr Selbstbewusstsein bl\u00fchte regelrecht auf! Mit diesem Schnitt k\u00f6nnen Sie den <a href=\"https:\/\/www.journee-mondiale.com\/de\/365\/06-februar--tag-der-friseure.htm\" target=\"_blank\">Tag der Friseure<\/a> das ganze Jahr \u00fcber feiern.<\/p>\n<h2>Bob-Variationen: Der Allrounder f\u00fcr jedes Alter<\/h2>\n<p>Der <strong>klassische Bob<\/strong> ist und bleibt ein Dauerbrenner. F\u00fcr einen schlanken Hals eignet sich besonders ein gestufter, leicht asymmetrischer Bob, der knapp \u00fcber die Schultern reicht. &#8222;Die Stufung schafft Bewegung und Leichtigkeit, w\u00e4hrend die L\u00e4nge dem Gesicht einen weichen Rahmen gibt&#8220;, so Thomas Berger vom Berliner Salon &#8222;Haarkunst&#8220;.<\/p>\n<p>Ein <strong>Chin-Length-Bob<\/strong> mit sanften Wellen lenkt den Blick auf das Gesicht und kaschiert gleichzeitig Falten im Halsbereich. Mit diesem zeitlosen Look k\u00f6nnen Sie zum <a href=\"https:\/\/www.journee-mondiale.com\/de\/191\/tag-der-schoenheit.htm\" target=\"_blank\">Tag der Sch\u00f6nheit<\/a> und dar\u00fcber hinaus gl\u00e4nzen.<\/p>\n<h2>Fransiger Shag: L\u00e4ssig-elegante Textur<\/h2>\n<p>Der moderne <strong>Shag-Haarschnitt<\/strong> hat seinen Platz in der Welt der eleganten Frisuren f\u00fcr reife Frauen gefunden. Mit seinen vielen Stufen und fransigen Spitzen zaubert er Volumen und Bewegung ins Haar \u2013 wie ein frischer Fr\u00fchlingswind, der durch eine Blumenwiese weht.<\/p>\n<blockquote><p>\n&#8222;Der Shag ist besonders pflegeleicht und vergibt auch einmal einen &#8218;Bad Hair Day&#8216;. Die perfekte Frisur f\u00fcr aktive Frauen, die nicht jeden Tag zum F\u00f6hn greifen m\u00f6chten,&#8220; sagt Stylistin Lisa Kr\u00fcger.\n<\/p><\/blockquote>\n<h2>Eleganter Pixie-Bob: Die Kombination der Klassiker<\/h2>\n<p>F\u00fcr alle, die sich nicht zwischen Pixie und Bob entscheiden k\u00f6nnen: Der <strong>Pixie-Bob<\/strong> vereint das Beste aus beiden Welten. K\u00fcrzer im Nacken, l\u00e4nger am Oberkopf \u2013 dieser Schnitt schmeichelt einem kleinen Hals und ist sowohl f\u00fcr glattes als auch f\u00fcr welliges Haar geeignet.<\/p>\n<h3>Pflegetipps f\u00fcr den perfekten Pixie-Bob:<\/h3>\n<ul>\n<li><strong>Volumen-Produkte<\/strong> gezielt am Ansatz verwenden<\/li>\n<li>Mit <strong>Haarwachs<\/strong> oder <strong>Texturspray<\/strong> f\u00fcr Definition sorgen<\/li>\n<li>Alle 4-6 Wochen nachschneiden lassen<\/li>\n<\/ul>\n<h2>Grau in Ehren \u2013 nat\u00fcrliche Sch\u00f6nheit zelebrieren<\/h2>\n<p>Immer mehr Frauen entscheiden sich bewusst f\u00fcr ihr nat\u00fcrliches Grau. Ein pr\u00e4ziser Schnitt verwandelt graues Haar in einen echten Hingucker. Besonders edel wirkt ein <strong>silberner Pixie<\/strong> oder ein glatter Bob mit feinen Highlights. Zum <a href=\"https:\/\/www.journee-mondiale.com\/de\/394\/welttag-der-grauen-haare.htm\" target=\"_blank\">Welttag der grauen Haare<\/a> k\u00f6nnten Sie Ihren nat\u00fcrlichen Look stolz pr\u00e4sentieren!<\/p>\n<h2>Gesundes Haar beginnt von innen<\/h2>\n<p>Die sch\u00f6nste Frisur wirkt nur mit gesundem Haar. Eine <strong>ausgewogene Ern\u00e4hrung<\/strong> mit viel Eiwei\u00df, Vitaminen und Omega-3-Fetts\u00e4uren ist die Basis f\u00fcr kr\u00e4ftiges Haar. Auf dem <a href=\"https:\/\/www.journee-mondiale.com\/de\/462\/tag-der-gesunden-ernaehrung.htm\" target=\"_blank\">Tag der gesunden Ern\u00e4hrung<\/a> k\u00f6nnen Sie sich \u00fcber haarfreundliche Lebensmittel informieren.<\/p>\n<h3>Haarpflege-Essentials f\u00fcr reife Haare:<\/h3>\n<ul>\n<li><strong>Feuchtigkeitsspendende Masken<\/strong> 1-2\u00d7 w\u00f6chentlich<\/li>\n<li>Auf <strong>hitzeintensive Stylingmethoden<\/strong> weitgehend verzichten<\/li>\n<li>Haarpflege mit <strong>UV-Schutz<\/strong> besonders im Fr\u00fchling benutzen<\/li>\n<\/ul>\n<h2>Wie finde ich meinen pers\u00f6nlichen Stil?<\/h2>\n<p>Jede Frau ist einzigartig \u2013 wie der Fingerabdruck in einem Kunstwerk. H\u00f6ren Sie auf Ihr Bauchgef\u00fchl und w\u00e4hlen Sie einen Stil, der zu Ihrem Lebensgef\u00fchl passt. Mit dem richtigen Schnitt werden Sie nicht nur zum <a href=\"https:\/\/www.journee-mondiale.com\/de\/435\/tag-des-guten-aussehens.htm\" target=\"_blank\">Tag des guten Aussehens<\/a> strahlen, sondern jeden Tag Freude an Ihrem Spiegelbild haben. Denn wahre Sch\u00f6nheit entfaltet sich, wenn Ihre Frisur Ihre Pers\u00f6nlichkeit unterstreicht \u2013 wie ein ma\u00dfgeschneidertes Kleid, das perfekt sitzt.<\/p>\n","protected":false},"excerpt":{"rendered":"<p>Wer kennt es nicht \u2013 mit den Jahren ver\u00e4ndert sich unser \u00c4u\u00dferes, und damit auch die Anforderungen an unsere Frisur. Besonders f\u00fcr Frauen mit einem schlanken Hals stellt sich die Frage: Welcher Schnitt schmeichelt mir am besten? Altersgerechte Frisuren m\u00fcssen nicht langweilig sein, im Gegenteil! Der Fr\u00fchling 2025 bietet die perfekte Gelegenheit, um frischen Wind &#8230; <a title=\"Diese 3 Pixie-Frisuren kaschieren sofort meinen d\u00fcnnen Hals (Frauen \u00fcber 50 lieben Nr. 2&#8230;)\" class=\"read-more\" href=\"https:\/\/www.journee-mondiale.com\/de\/diese-3-pixie-frisuren-kaschieren-sofort-meinen-duennen-hals-frauen-ueber-50-lieben-nr-2\/\" aria-label=\"Mehr Informationen \u00fcber Diese 3 Pixie-Frisuren kaschieren sofort meinen d\u00fcnnen Hals (Frauen \u00fcber 50 lieben Nr. 2&#8230;)\">Lire plus<\/a><\/p>\n","protected":false},"author":1,"featured_media":12475,"comment_status":"","ping_status":"","sticky":false,"template":"","format":"standard","meta":{"footnotes":""},"categories":[48],"tags":[],"class_list":["post-12476","post","type-post","status-publish","format-standard","has-post-thumbnail","hentry","category-lebensstil"],"acf":[],"_yoast_wpseo_primary_category":null,"_yoast_wpseo_title":null,"_yoast_wpseo_metadesc":null,"_links":{"self":[{"href":"https:\/\/www.journee-mondiale.com\/de\/wp-json\/wp\/v2\/posts\/12476","targetHints":{"allow":["GET"]}}],"collection":[{"href":"https:\/\/www.journee-mondiale.com\/de\/wp-json\/wp\/v2\/posts"}],"about":[{"href":"https:\/\/www.journee-mondiale.com\/de\/wp-json\/wp\/v2\/types\/post"}],"author":[{"embeddable":true,"href":"https:\/\/www.journee-mondiale.com\/de\/wp-json\/wp\/v2\/users\/1"}],"replies":[{"embeddable":true,"href":"https:\/\/www.journee-mondiale.com\/de\/wp-json\/wp\/v2\/comments?post=12476"}],"version-history":[{"count":0,"href":"https:\/\/www.journee-mondiale.com\/de\/wp-json\/wp\/v2\/posts\/12476\/revisions"}],"wp:featuredmedia":[{"embeddable":true,"href":"https:\/\/www.journee-mondiale.com\/de\/wp-json\/wp\/v2\/media\/12475"}],"wp:attachment":[{"href":"https:\/\/www.journee-mondiale.com\/de\/wp-json\/wp\/v2\/media?parent=12476"}],"wp:term":[{"taxonomy":"category","embeddable":true,"href":"https:\/\/www.journee-mondiale.com\/de\/wp-json\/wp\/v2\/categories?post=12476"},{"taxonomy":"post_tag","embeddable":true,"href":"https:\/\/www.journee-mondiale.com\/de\/wp-json\/wp\/v2\/tags?post=12476"}],"curies":[{"name":"wp","href":"https:\/\/api.w.org\/{rel}","templated":true}]}}