{"id":12472,"date":"2025-03-12T23:15:12","date_gmt":"2025-03-12T22:15:12","guid":{"rendered":"https:\/\/www.journee-mondiale.com\/de\/diese-leuchtenden-naegel-2025-werden-ihren-fruehlingslook-komplett-veraendern-und-alle-werden-danach-fragen\/"},"modified":"2025-03-12T23:15:12","modified_gmt":"2025-03-12T22:15:12","slug":"diese-leuchtenden-naegel-2025-werden-ihren-fruehlingslook-komplett-veraendern-und-alle-werden-danach-fragen","status":"publish","type":"post","link":"https:\/\/www.journee-mondiale.com\/de\/diese-leuchtenden-naegel-2025-werden-ihren-fruehlingslook-komplett-veraendern-und-alle-werden-danach-fragen\/","title":{"rendered":"Diese leuchtenden N\u00e4gel 2025 werden Ihren Fr\u00fchlingslook komplett ver\u00e4ndern (und alle werden danach fragen&#8230;)"},"content":{"rendered":"<p>Neonfarbene N\u00e4gel im Fr\u00fchling 2025: Der Trend zur fluoreszierenden Manik\u00fcre<\/p>\n<p>Der Winter weicht langsam, und mit den ersten Fr\u00fchlingstagen 2025 bricht eine neue \u00c4ra in der Nagelmode an. <strong>Fluoreszierende Nagellacke<\/strong> kehren mit voller Wucht zur\u00fcck und verwandeln Fingerspitzen in strahlende Kunstwerke. Diese leuchtenden Farben, einst Kinder der 80er und 90er Jahre, erleben jetzt ihre stylische Renaissance \u2013 perfekt getimed zum Fr\u00fchlingserwachen.<\/p>\n<h2>Warum fluoreszierende Nagellacke gerade jetzt boomen<\/h2>\n<p>&#8222;Nach den ged\u00e4mpften Wintermonaten sehnen sich die Menschen nach Farbe und Lebendigkeit. Fluoreszierende Nagellacke sind wie kleine Sonnenstrahlen an den Fingerspitzen&#8220;, erkl\u00e4rt <strong>Michaela Weber<\/strong>, f\u00fchrende Nageldesignerin aus M\u00fcnchen. Der Fr\u00fchling 2025 steht f\u00fcr Optimismus und <a href=\"https:\/\/www.journee-mondiale.com\/de\/category\/lebensstil\/\" target=\"_blank\">Lebensstil-Trends<\/a>, die positive Energie ausstrahlen \u2013 und was k\u00f6nnte dies besser verk\u00f6rpern als leuchtende Neonfarben?<\/p>\n<h2>Die psychologische Wirkung der Neonfarben<\/h2>\n<p>Neonfarben sind wie visuelle Energiedrinks. Sie wecken Aufmerksamkeit, stimulieren die Sinne und heben nachweislich die Stimmung. In einer Welt, die gerade aus dem Winterschlaf erwacht, fungieren sie als kleine Gl\u00fccksbooster im Alltag. Wer kennt es nicht \u2013 ein Blick auf die leuchtend bunten Fingerspitzen beim Tippen auf dem Smartphone reicht f\u00fcr einen kleinen Dopamin-Schub.<\/p>\n<h2>Von Paris nach Berlin: Die internationale Reise des Trends<\/h2>\n<p>Was als &#8222;Manucure audacieuse&#8220; auf den Pariser Laufstegen begann, hat mittlerweile den deutschen Markt erobert. Besonders bei jungen Erwachsenen zwischen 18 und 35 Jahren erfreut sich der Trend wachsender Beliebtheit. Ideal f\u00fcr die anstehenden <a href=\"https:\/\/www.journee-mondiale.com\/de\/category\/reisen\/\" target=\"_blank\">Sommerreiseziele 2025<\/a>, wo sonnenverw\u00f6hnte Haut den perfekten Kontrast zu den fluoreszierenden Farben bildet.<\/p>\n<h2>So kombinierst du den Neontrend alltagstauglich<\/h2>\n<ul>\n<li><strong>Akzentfinger:<\/strong> Ein einzelner Nagel in Neonfarbe als Statement-Piece<\/li>\n<li><strong>Ombr\u00e9-Technik:<\/strong> Farbverlauf von neutral zu neon f\u00fcr subtile Eleganz<\/li>\n<li><strong>Franz\u00f6sische Manik\u00fcre 2.0:<\/strong> Klassisches Design mit neonfarbenen Spitzen<\/li>\n<\/ul>\n<p>&#8222;Fluoreszierende Nagellacke sind nicht nur f\u00fcr Partys, sondern auch f\u00fcr den Alltag geeignet, wenn man sie richtig tr\u00e4gt&#8220;, best\u00e4tigt Influencerin Lena Meyer-Landrut. Diese Vielseitigkeit macht den Trend so besonders anpassungsf\u00e4hig f\u00fcr verschiedene Lebenssituationen \u2013 vom B\u00fcro bis zur Bar.<\/p>\n<h2>Nachhaltigkeit trifft auf Leuchtkraft<\/h2>\n<p>Der bewusste Konsum pr\u00e4gt auch die Nagelmode 2025. Immer mehr Hersteller setzen auf <a href=\"https:\/\/www.journee-mondiale.com\/de\/juridisk-informationen\/\" target=\"_blank\">nachhaltige Kosmetikprodukte<\/a> ohne bedenkliche Inhaltsstoffe. &#8222;Heute muss niemand mehr zwischen Umweltbewusstsein und trendigem Aussehen w\u00e4hlen&#8220;, erkl\u00e4rt Kosmetikexpertin Dr. Susanne Klein. Diese Entwicklung gleicht einem Regenbogen nach dem Sturm \u2013 leuchtend sch\u00f6n und gleichzeitig ein Zeichen f\u00fcr positive Ver\u00e4nderung.<\/p>\n<h2>Die perfekte Anwendung f\u00fcr maximalen Glow<\/h2>\n<ul>\n<li><strong>Grundierung:<\/strong> Wei\u00dfer Unterlack verst\u00e4rkt die Leuchtkraft<\/li>\n<li><strong>Schichten:<\/strong> 2-3 d\u00fcnne Schichten statt einer dicken f\u00fcr bessere Haltbarkeit<\/li>\n<li><strong>Top-Coat:<\/strong> UV-sch\u00fctzender \u00dcberlack verhindert Verblassen der Neonfarben<\/li>\n<\/ul>\n<p>Eine meiner Kundinnen berichtet: &#8222;Ich habe meine N\u00e4gel mit neongr\u00fcnem Lack gestaltet und wurde drei Tage lang st\u00e4ndig darauf angesprochen \u2013 sogar von v\u00f6llig Fremden im Supermarkt!&#8220; Solche kleinen Momente zeigen die verbindende Kraft auff\u00e4lliger Beauty-Statements in unserer oft distanzierten Gesellschaft.<\/p>\n<h2>Die Evolution des Neontrends<\/h2>\n<p>Wie eine Pflanze, die sich mit den Jahreszeiten wandelt, entwickelt sich auch der Neontrend weiter. Von den grellen T\u00f6nen der 80er \u00fcber die zur\u00fcckhaltenden 2000er bis zur <a href=\"https:\/\/www.journee-mondiale.com\/de\/geschichte-der-welttage\/\" target=\"_blank\">Trendevolution der Nagellacke<\/a> im Jahr 2025 \u2013 fluoreszierende Farben spiegeln stets den Zeitgeist wider und bieten einen faszinierenden Einblick in die Modegeschichte.<\/p>\n<h2>Geh\u00f6rst du zur wachsenden Neon-Community?<\/h2>\n<p>Die leuchtenden Farben verbinden <a href=\"https:\/\/www.journee-mondiale.com\/de\/\" target=\"_blank\">Deutsche Beauty-Trends 2025<\/a> mit individueller Ausdruckskraft. Wie kleine Leuchtt\u00fcrme der Pers\u00f6nlichkeit signalisieren sie: Hier ist jemand, der das Leben in allen Farben feiert. Wage den Schritt ins Leuchtende \u2013 deine Fingerspitzen werden zu kleinen Fr\u00fchlingsbotern, die jedem grauen Tag ein strahlendes L\u00e4cheln abringen k\u00f6nnen.<\/p>\n","protected":false},"excerpt":{"rendered":"<p>Neonfarbene N\u00e4gel im Fr\u00fchling 2025: Der Trend zur fluoreszierenden Manik\u00fcre Der Winter weicht langsam, und mit den ersten Fr\u00fchlingstagen 2025 bricht eine neue \u00c4ra in der Nagelmode an. Fluoreszierende Nagellacke kehren mit voller Wucht zur\u00fcck und verwandeln Fingerspitzen in strahlende Kunstwerke. Diese leuchtenden Farben, einst Kinder der 80er und 90er Jahre, erleben jetzt ihre stylische &#8230; <a title=\"Diese leuchtenden N\u00e4gel 2025 werden Ihren Fr\u00fchlingslook komplett ver\u00e4ndern (und alle werden danach fragen&#8230;)\" class=\"read-more\" href=\"https:\/\/www.journee-mondiale.com\/de\/diese-leuchtenden-naegel-2025-werden-ihren-fruehlingslook-komplett-veraendern-und-alle-werden-danach-fragen\/\" aria-label=\"Mehr Informationen \u00fcber Diese leuchtenden N\u00e4gel 2025 werden Ihren Fr\u00fchlingslook komplett ver\u00e4ndern (und alle werden danach fragen&#8230;)\">Lire plus<\/a><\/p>\n","protected":false},"author":1,"featured_media":12471,"comment_status":"","ping_status":"","sticky":false,"template":"","format":"standard","meta":{"footnotes":""},"categories":[48],"tags":[],"class_list":["post-12472","post","type-post","status-publish","format-standard","has-post-thumbnail","hentry","category-lebensstil"],"acf":[],"_yoast_wpseo_primary_category":null,"_yoast_wpseo_title":null,"_yoast_wpseo_metadesc":null,"_links":{"self":[{"href":"https:\/\/www.journee-mondiale.com\/de\/wp-json\/wp\/v2\/posts\/12472","targetHints":{"allow":["GET"]}}],"collection":[{"href":"https:\/\/www.journee-mondiale.com\/de\/wp-json\/wp\/v2\/posts"}],"about":[{"href":"https:\/\/www.journee-mondiale.com\/de\/wp-json\/wp\/v2\/types\/post"}],"author":[{"embeddable":true,"href":"https:\/\/www.journee-mondiale.com\/de\/wp-json\/wp\/v2\/users\/1"}],"replies":[{"embeddable":true,"href":"https:\/\/www.journee-mondiale.com\/de\/wp-json\/wp\/v2\/comments?post=12472"}],"version-history":[{"count":0,"href":"https:\/\/www.journee-mondiale.com\/de\/wp-json\/wp\/v2\/posts\/12472\/revisions"}],"wp:featuredmedia":[{"embeddable":true,"href":"https:\/\/www.journee-mondiale.com\/de\/wp-json\/wp\/v2\/media\/12471"}],"wp:attachment":[{"href":"https:\/\/www.journee-mondiale.com\/de\/wp-json\/wp\/v2\/media?parent=12472"}],"wp:term":[{"taxonomy":"category","embeddable":true,"href":"https:\/\/www.journee-mondiale.com\/de\/wp-json\/wp\/v2\/categories?post=12472"},{"taxonomy":"post_tag","embeddable":true,"href":"https:\/\/www.journee-mondiale.com\/de\/wp-json\/wp\/v2\/tags?post=12472"}],"curies":[{"name":"wp","href":"https:\/\/api.w.org\/{rel}","templated":true}]}}