{"id":12470,"date":"2025-03-12T20:24:55","date_gmt":"2025-03-12T19:24:55","guid":{"rendered":"https:\/\/www.journee-mondiale.com\/de\/french-bob-fuer-runde-gesichter-warum-dieser-fruehlings-trend-2025-mit-3-kleinen-aenderungen-dein-gesicht-voellig-neu-definiert\/"},"modified":"2025-03-12T20:24:55","modified_gmt":"2025-03-12T19:24:55","slug":"french-bob-fuer-runde-gesichter-warum-dieser-fruehlings-trend-2025-mit-3-kleinen-aenderungen-dein-gesicht-voellig-neu-definiert","status":"publish","type":"post","link":"https:\/\/www.journee-mondiale.com\/de\/french-bob-fuer-runde-gesichter-warum-dieser-fruehlings-trend-2025-mit-3-kleinen-aenderungen-dein-gesicht-voellig-neu-definiert\/","title":{"rendered":"French Bob f\u00fcr runde Gesichter: Warum dieser Fr\u00fchlings-Trend 2025 mit 3 kleinen \u00c4nderungen dein Gesicht v\u00f6llig neu definiert&#8230;"},"content":{"rendered":"<p>Der <strong>French Bob<\/strong> erlebt gerade im Fr\u00fchling 2025 ein fulminantes Comeback \u2013 doch nicht jede Gesichtsform kann diesen Schnitt ohne Anpassungen tragen. Besonders f\u00fcr runde Gesichter ist eine durchdachte Variation des klassischen Schnitts gefragt. Was viele nicht wissen: Mit den richtigen Modifikationen kann dieser zeitlose Stil jedem runden Gesicht Struktur und Balance verleihen. Entdecken wir gemeinsam, wie dieser Pariser Klassiker zu deinem neuen Fr\u00fchlingsbegleiter werden kann.<\/p>\n<h2>Warum der French Bob und runde Gesichter eine besondere Beziehung haben<\/h2>\n<p>Runde Gesichter zeichnen sich durch weiche Konturen und eine \u00e4hnliche Breite und L\u00e4nge aus. &#8222;Bei dieser Gesichtsform geht es darum, optisch L\u00e4nge zu schaffen und definierte Winkel zu betonen&#8220;, erkl\u00e4rt <strong>Thomas Schmidt<\/strong>, Meisterfriseur im Berliner Salon &#8222;Haarkunst&#8220;. Der French Bob kann dabei wahre Wunder wirken \u2013 vorausgesetzt, er wird individuell angepasst. Ein Besuch zum <a href=\"https:\/\/www.journee-mondiale.com\/de\/239\/tag-der-friseure\/\" target=\"_blank\">Tag der Friseure<\/a> k\u00f6nnte die perfekte Gelegenheit sein, sich professionellen Rat einzuholen.<\/p>\n<h2>Die perfekte L\u00e4nge: Der Schl\u00fcssel zum ausgewogenen Look<\/h2>\n<p>Die ideale L\u00e4nge eines French Bob f\u00fcr runde Gesichter liegt knapp unterhalb des Kinns. &#8222;Diese L\u00e4nge zieht den Blick optisch in die L\u00e4nge und schafft so ein ausgewogeneres Verh\u00e4ltnis&#8220;, betont Schmidt. Interessanterweise war diese Technik bereits in den 1920er Jahren bekannt, als der Bob erstmals popul\u00e4r wurde. Heute geh\u00f6rt der French Bob zu den gefragtesten <a href=\"https:\/\/www.journee-mondiale.com\/de\/category\/lebensstil\/\" target=\"_blank\">Aktuelle Lifestyle-Trends<\/a>, die Funktionalit\u00e4t mit Eleganz verbinden.<\/p>\n<h2>Asymmetrie und Struktur als Geheimwaffe<\/h2>\n<p>Nichts verleiht einem runden Gesicht mehr Kontur als ein <strong>asymmetrischer Schnitt<\/strong>. Eine Seite leicht l\u00e4nger als die andere zu tragen, lenkt die Aufmerksamkeit auf die vertikale Linie und weg von der Rundung. Wie ein gut platzierter Pinselstrich in einem Gem\u00e4lde kann diese subtile Ungleichheit die nat\u00fcrliche Harmonie des Gesichts unterstreichen und gleichzeitig das <a href=\"https:\/\/www.journee-mondiale.com\/de\/547\/internationaler-tag-des-selbstbewusstseins\/\" target=\"_blank\">Selbstbewusstsein st\u00e4rken<\/a>.<\/p>\n<h2>Stirnfransen: Der Unterschied zwischen nett und atemberaubend<\/h2>\n<p><strong>Lisa K\u00f6rner<\/strong>, Hair-Stylistin und Trendsetterin aus M\u00fcnchen, schw\u00f6rt auf die richtige Pony-Strategie: &#8222;Stirnfransen sollten bei runden Gesichtern niemals gerade geschnitten werden. Stattdessen w\u00e4hle einen l\u00e4ngeren, seitlich fallenden Pony, der das Gesicht optisch streckt.&#8220; Diese Technik schafft eine diagonale Linie \u00fcber dem Gesicht, die wie ein optischer Filter wirkt und die Rundungen sanft ausbalanciert.<\/p>\n<h3>Die besten Pony-Varianten f\u00fcr runde Gesichter:<\/h3>\n<ul>\n<li>Seitlich gestufter Pony mit l\u00e4ngeren Partien<\/li>\n<li>Curtain Bangs, die das Gesicht umrahmen<\/li>\n<li>Leicht fransiger, l\u00e4ngerer Pony mit tiefem Seitenscheitel<\/li>\n<\/ul>\n<h2>Fr\u00fchlingsfrische Styling-Techniken f\u00fcr mehr Struktur<\/h2>\n<p>Im Fr\u00fchling 2025 liegen besonders <strong>texturierte Looks<\/strong> im Trend. Das Styling ist der Moment, in dem dein French Bob wirklich zum Leben erwacht. Beim <a href=\"https:\/\/www.journee-mondiale.com\/de\/395\/tag-des-spiegels\/\" target=\"_blank\">Vor dem Spiegel stylen<\/a> solltest du an diese Techniken denken:<\/p>\n<blockquote><p>&#8222;Leichte Wellen oder ein sanfter Undone-Look verleihen runden Gesichtern Struktur und nehmen die Schwere. Wie Architekten des Haares schaffen wir mit Texturen neue Dimensionen.&#8220; &#8211; Lisa K\u00f6rner<\/p><\/blockquote>\n<h3>Produkte, die den Unterschied machen:<\/h3>\n<ul>\n<li>Texturspray f\u00fcr nat\u00fcrliche Bewegung und Volumen<\/li>\n<li>Leichtes Salzspray f\u00fcr definierte Wellen<\/li>\n<li>Mattierendes Haarwachs f\u00fcr strukturierte Spitzen<\/li>\n<\/ul>\n<h2>Die Magie des richtigen Seitenscheitels<\/h2>\n<p>Ein tiefer <strong>Seitenscheitel<\/strong> kann bei runden Gesichtern Wunder wirken. Er schafft optische Asymmetrie und lenkt den Blick diagonal \u00fcber das Gesicht. Ein perfekt gestylter French Bob mit idealem Seitenscheitel wird dir sicher <a href=\"https:\/\/www.journee-mondiale.com\/de\/543\/welttag-der-komplimente\/\" target=\"_blank\">Komplimente f\u00fcr Ihren neuen Look<\/a> einbringen. Wie ein Bildhauer, der mit Licht und Schatten arbeitet, kannst du mit dieser einfachen Technik dein Gesicht neu definieren.<\/p>\n<h2>Wie findest du deinen pers\u00f6nlichen French-Bob-Stil?<\/h2>\n<p>Der French Bob ist wie eine Leinwand, die individuell bemalt werden kann. Dein pers\u00f6nlicher Stil, deine Haarstruktur und dein Lebensstil sollten in die Entscheidung einflie\u00dfen. Experimentiere mit verschiedenen Variationen und finde heraus, welche Version deiner Pers\u00f6nlichkeit am besten entspricht. Denn am Ende ist der perfekte French Bob nicht nur eine Frisur \u2013 er ist eine Erweiterung deiner selbst.<\/p>\n","protected":false},"excerpt":{"rendered":"<p>Der French Bob erlebt gerade im Fr\u00fchling 2025 ein fulminantes Comeback \u2013 doch nicht jede Gesichtsform kann diesen Schnitt ohne Anpassungen tragen. Besonders f\u00fcr runde Gesichter ist eine durchdachte Variation des klassischen Schnitts gefragt. Was viele nicht wissen: Mit den richtigen Modifikationen kann dieser zeitlose Stil jedem runden Gesicht Struktur und Balance verleihen. Entdecken wir &#8230; <a title=\"French Bob f\u00fcr runde Gesichter: Warum dieser Fr\u00fchlings-Trend 2025 mit 3 kleinen \u00c4nderungen dein Gesicht v\u00f6llig neu definiert&#8230;\" class=\"read-more\" href=\"https:\/\/www.journee-mondiale.com\/de\/french-bob-fuer-runde-gesichter-warum-dieser-fruehlings-trend-2025-mit-3-kleinen-aenderungen-dein-gesicht-voellig-neu-definiert\/\" aria-label=\"Mehr Informationen \u00fcber French Bob f\u00fcr runde Gesichter: Warum dieser Fr\u00fchlings-Trend 2025 mit 3 kleinen \u00c4nderungen dein Gesicht v\u00f6llig neu definiert&#8230;\">Lire plus<\/a><\/p>\n","protected":false},"author":1,"featured_media":12469,"comment_status":"","ping_status":"","sticky":false,"template":"","format":"standard","meta":{"footnotes":""},"categories":[48],"tags":[],"class_list":["post-12470","post","type-post","status-publish","format-standard","has-post-thumbnail","hentry","category-lebensstil"],"acf":[],"_yoast_wpseo_primary_category":null,"_yoast_wpseo_title":null,"_yoast_wpseo_metadesc":null,"_links":{"self":[{"href":"https:\/\/www.journee-mondiale.com\/de\/wp-json\/wp\/v2\/posts\/12470","targetHints":{"allow":["GET"]}}],"collection":[{"href":"https:\/\/www.journee-mondiale.com\/de\/wp-json\/wp\/v2\/posts"}],"about":[{"href":"https:\/\/www.journee-mondiale.com\/de\/wp-json\/wp\/v2\/types\/post"}],"author":[{"embeddable":true,"href":"https:\/\/www.journee-mondiale.com\/de\/wp-json\/wp\/v2\/users\/1"}],"replies":[{"embeddable":true,"href":"https:\/\/www.journee-mondiale.com\/de\/wp-json\/wp\/v2\/comments?post=12470"}],"version-history":[{"count":0,"href":"https:\/\/www.journee-mondiale.com\/de\/wp-json\/wp\/v2\/posts\/12470\/revisions"}],"wp:featuredmedia":[{"embeddable":true,"href":"https:\/\/www.journee-mondiale.com\/de\/wp-json\/wp\/v2\/media\/12469"}],"wp:attachment":[{"href":"https:\/\/www.journee-mondiale.com\/de\/wp-json\/wp\/v2\/media?parent=12470"}],"wp:term":[{"taxonomy":"category","embeddable":true,"href":"https:\/\/www.journee-mondiale.com\/de\/wp-json\/wp\/v2\/categories?post=12470"},{"taxonomy":"post_tag","embeddable":true,"href":"https:\/\/www.journee-mondiale.com\/de\/wp-json\/wp\/v2\/tags?post=12470"}],"curies":[{"name":"wp","href":"https:\/\/api.w.org\/{rel}","templated":true}]}}