{"id":12468,"date":"2025-03-12T19:53:25","date_gmt":"2025-03-12T18:53:25","guid":{"rendered":"https:\/\/www.journee-mondiale.com\/de\/diese-mittelalterliche-stadt-bewahrt-frankreichs-aelteste-herzogsfamilie-und-ihr-versteckter-marktplatz-gilt-als-der-schoenste-des-landes\/"},"modified":"2025-03-12T19:53:25","modified_gmt":"2025-03-12T18:53:25","slug":"diese-mittelalterliche-stadt-bewahrt-frankreichs-aelteste-herzogsfamilie-und-ihr-versteckter-marktplatz-gilt-als-der-schoenste-des-landes","status":"publish","type":"post","link":"https:\/\/www.journee-mondiale.com\/de\/diese-mittelalterliche-stadt-bewahrt-frankreichs-aelteste-herzogsfamilie-und-ihr-versteckter-marktplatz-gilt-als-der-schoenste-des-landes\/","title":{"rendered":"Diese mittelalterliche Stadt bewahrt Frankreichs \u00e4lteste Herzogsfamilie (und ihr versteckter Marktplatz gilt als der sch\u00f6nste des Landes)"},"content":{"rendered":"<p>In Uz\u00e8s ticken die Uhren anders. Diese franz\u00f6sische Kleinstadt ist wie ein zeitloses Gem\u00e4lde, das jeden Besucher in seinen mittelalterlichen Bann zieht. &#8222;Uz\u00e8s ist ein Ort, der dich umarmt, ohne dich zu erdr\u00fccken&#8220;, verriet mir Claudine, eine lokale Marktverk\u00e4uferin, w\u00e4hrend sie ihre sonnengereiften Tomaten pr\u00e4sentierte. Mit nur 8.000 Einwohnern hat sich dieses Juwel im S\u00fcden Frankreichs seine authentische Seele bewahrt \u2013 weit entfernt vom touristischen Trubel der C\u00f4te d&#8217;Azur.<\/p>\n<h2>Warum der Place aux Herbes zum sch\u00f6nsten Marktplatz Frankreichs gew\u00e4hlt wurde<\/h2>\n<p>Unter Platanen versteckt sich der Herzschlag von Uz\u00e8s: der Place aux Herbes. Samstags verwandelt sich dieser von Arkaden ges\u00e4umte Platz in ein Farbenmeer. &#8222;Unsere M\u00e4rkte sind keine Touristenattraktionen, sondern Teil unserer Lebensweise&#8220;, erkl\u00e4rt Jean-Pierre, ein Tr\u00fcffelverk\u00e4ufer. Lokale kaufen hier neben Besuchern ein, w\u00e4hrend das Pl\u00e4tschern des Renaissance-Brunnens die Ger\u00e4uschkulisse bildet. Ein perfekter Ort, um mit einem Caf\u00e9 die provenzalische Lebensart zu genie\u00dfen.<\/p>\n<h2>Das versteckte mittelalterliche Erbe: Ein Spaziergang durch 1000 Jahre Geschichte<\/h2>\n<p>Uz\u00e8s&#8216; Stra\u00dfen erz\u00e4hlen Geschichten. Das imposante Herzogtum &#8222;Le Duch\u00e9&#8220; thront seit dem 12. Jahrhundert \u00fcber der Stadt und beherbergt bis heute die \u00e4lteste Herzogsfamilie Frankreichs. Die schmalen Gassen f\u00fchren vorbei an ockerfarbenen Fassaden zu versteckten Innenh\u00f6fen. Von der Kathedrale Saint-Th\u00e9odorit mit ihrem markanten F\u00e9n\u00e9tra-Turm genie\u00dft man einen atemberaubenden Blick \u00fcber die <a href=\"https:\/\/www.journee-mondiale.com\/de\/diese-mittelalterliche-festungsstadt-wurde-vom-sonnenkoenig-persoenlich-befestigt-150-hoehenmeter-fuehren-zum-verborgenen-juwel-der-provence\/\" target=\"_blank\">mittelalterliche Festungsstadt der Provence<\/a>, die ihre Geheimnisse nur langsam preisgibt.<\/p>\n<h2>Pont du Gard: Das r\u00f6mische Meisterwerk nur 15 Minuten entfernt<\/h2>\n<p>Ein Ausflug zum Pont du Gard ist Pflicht. Dieses r\u00f6mische Aqu\u00e4dukt \u00fcberbr\u00fcckt majest\u00e4tisch den Fluss Gardon und zeugt von au\u00dfergew\u00f6hnlicher Ingenieurskunst. &#8222;Das Besondere ist, dass die R\u00f6mer ohne M\u00f6rtel bauten und die Steine allein durch ihr Gewicht halten&#8220;, berichtet Touristenf\u00fchrerin Marie. Im kristallklaren Wasser darunter kann man an hei\u00dfen Sommertagen schwimmen \u2013 ein erfrischendes Erlebnis zwischen Jahrtausende alter Geschichte und den <a href=\"https:\/\/www.journee-mondiale.com\/de\/dieser-smaragdgruene-bergsee-in-den-pyrenaeen-ist-eigentlich-kuenstlich-1-241-meter-hoch-mit-europas-hoechster-touristenbahn\/\" target=\"_blank\">Natursch\u00f6nheiten S\u00fcdfrankreichs<\/a>.<\/p>\n<h2>Die kulinarischen Sch\u00e4tze der Region: Mehr als nur Oliven\u00f6l<\/h2>\n<p>&#8222;Hier isst man nicht, um satt zu werden, sondern um das Leben zu feiern&#8220;, schw\u00e4rmt K\u00fcchenchef Laurent vom Restaurant Racines. Die lokale K\u00fcche verbindet Einfl\u00fcsse aus Languedoc und Provence. Probieren Sie unbedingt die Tapenade mit regionalem Oliven\u00f6l, w\u00fcrzigen P\u00e9lardon-Ziegenk\u00e4se oder im Winter die hei\u00df begehrten schwarzen Tr\u00fcffel. Besonders authentisch: die Weinverkostung auf dem nahen Weingut Domaine de Saint Firmin mit Blick auf die Weinberge.<\/p>\n<h2>Versteckte Ecken abseits des Touristenrummels<\/h2>\n<p>Die wahre Magie von Uz\u00e8s entdeckt man in den Nebengassen. Die Galerie Terra Viva pr\u00e4sentiert zeitgen\u00f6ssische Keramik lokaler K\u00fcnstler. Ein Spaziergang durch den mittelalterlichen Jardin M\u00e9di\u00e9val offenbart duftende Kr\u00e4uter- und Heilpflanzenbeete. F\u00fcr Naturliebhaber bietet die nahe Gardon-Schlucht, ein UNESCO-Biosph\u00e4renreservat, spektakul\u00e4re Wanderwege und Kajaktouren. Entdecken Sie auch die <a href=\"https:\/\/www.journee-mondiale.com\/de\/dieses-mittelalterliche-steindorf-auf-1097-metern-hoehe-ist-das-vergessene-juwel-der-provence-kannst-du-erraten-wo-sich-dieser-himmlische-adlerhorst-versteckt\/\" target=\"_blank\">weitere Juwelen der Provence<\/a> in der Umgebung.<\/p>\n<h2>Beste Reisezeit: Wann Uz\u00e8s seine wahre Seele zeigt<\/h2>\n<p>Der Sp\u00e4tsommer und Fr\u00fchherbst offenbaren Uz\u00e8s&#8216; authentischsten Charakter. &#8222;Im September ist das Licht besonders golden, perfekt f\u00fcr Fotografen&#8220;, verr\u00e4t Fotografin Sophie. Die Temperaturen sind angenehm, die Touristenmassen verschwunden und die Weinlese beginnt. Das Lavendelfest im Juli und der Tr\u00fcffelmarkt im Januar sind weitere H\u00f6hepunkte im Jahreskalender dieser charmanten Stadt, die die <a href=\"https:\/\/www.journee-mondiale.com\/de\/dieses-provenzalische-dorf-mit-40-brunnen-ist-frankreichs-bestgehuetetes-wasserschloss-geheimnisvoller-karneval-verbluefft-besucher\/\" target=\"_blank\">authentische provenzalische D\u00f6rfer<\/a> Atmosph\u00e4re perfekt einf\u00e4ngt.<\/p>\n<h2>Ein s\u00fc\u00dfes Geheimnis: Vom Haribo-Museum zur provenzalischen Konditorei<\/h2>\n<p>\u00dcberraschend: Uz\u00e8s beherbergt das erste Haribo-Museum Frankreichs! Der Erfinder der Goldb\u00e4ren lebte einst hier. F\u00fcr Naschkatzen ein unterhaltsamer Stopp, besonders mit Kindern. Authentischer sind jedoch die traditionellen S\u00fc\u00dfigkeiten der Region \u2013 kosten Sie unbedingt die Calissons (Mandel-Konfekt) oder Navettes (orangenbl\u00fctenaromatisierte Kekse) in einer der familiengef\u00fchrten Konditoreien der Altstadt.<\/p>\n<p>Uz\u00e8s offenbart sich nicht auf den ersten Blick. Wie ein guter Wein braucht diese Stadt Zeit \u2013 Zeit, durch verwinkelte Gassen zu schlendern, auf dem Markt zu verweilen, Geschichte zu atmen. Wer einmal hier war, versteht, warum K\u00fcnstler und Lebensgenie\u00dfer diesem Ort verfallen. In Uz\u00e8s entdeckt man nicht nur Frankreich, sondern eine vergessene Lebenskunst, die in unserer hektischen Zeit kostbarer denn je erscheint.<\/p>\n","protected":false},"excerpt":{"rendered":"<p>In Uz\u00e8s ticken die Uhren anders. Diese franz\u00f6sische Kleinstadt ist wie ein zeitloses Gem\u00e4lde, das jeden Besucher in seinen mittelalterlichen Bann zieht. &#8222;Uz\u00e8s ist ein Ort, der dich umarmt, ohne dich zu erdr\u00fccken&#8220;, verriet mir Claudine, eine lokale Marktverk\u00e4uferin, w\u00e4hrend sie ihre sonnengereiften Tomaten pr\u00e4sentierte. Mit nur 8.000 Einwohnern hat sich dieses Juwel im S\u00fcden &#8230; <a title=\"Diese mittelalterliche Stadt bewahrt Frankreichs \u00e4lteste Herzogsfamilie (und ihr versteckter Marktplatz gilt als der sch\u00f6nste des Landes)\" class=\"read-more\" href=\"https:\/\/www.journee-mondiale.com\/de\/diese-mittelalterliche-stadt-bewahrt-frankreichs-aelteste-herzogsfamilie-und-ihr-versteckter-marktplatz-gilt-als-der-schoenste-des-landes\/\" aria-label=\"Mehr Informationen \u00fcber Diese mittelalterliche Stadt bewahrt Frankreichs \u00e4lteste Herzogsfamilie (und ihr versteckter Marktplatz gilt als der sch\u00f6nste des Landes)\">Lire plus<\/a><\/p>\n","protected":false},"author":1,"featured_media":12467,"comment_status":"","ping_status":"","sticky":false,"template":"","format":"standard","meta":{"footnotes":""},"categories":[49],"tags":[],"class_list":["post-12468","post","type-post","status-publish","format-standard","has-post-thumbnail","hentry","category-reisen"],"acf":[],"_yoast_wpseo_primary_category":null,"_yoast_wpseo_title":null,"_yoast_wpseo_metadesc":null,"_links":{"self":[{"href":"https:\/\/www.journee-mondiale.com\/de\/wp-json\/wp\/v2\/posts\/12468","targetHints":{"allow":["GET"]}}],"collection":[{"href":"https:\/\/www.journee-mondiale.com\/de\/wp-json\/wp\/v2\/posts"}],"about":[{"href":"https:\/\/www.journee-mondiale.com\/de\/wp-json\/wp\/v2\/types\/post"}],"author":[{"embeddable":true,"href":"https:\/\/www.journee-mondiale.com\/de\/wp-json\/wp\/v2\/users\/1"}],"replies":[{"embeddable":true,"href":"https:\/\/www.journee-mondiale.com\/de\/wp-json\/wp\/v2\/comments?post=12468"}],"version-history":[{"count":0,"href":"https:\/\/www.journee-mondiale.com\/de\/wp-json\/wp\/v2\/posts\/12468\/revisions"}],"wp:featuredmedia":[{"embeddable":true,"href":"https:\/\/www.journee-mondiale.com\/de\/wp-json\/wp\/v2\/media\/12467"}],"wp:attachment":[{"href":"https:\/\/www.journee-mondiale.com\/de\/wp-json\/wp\/v2\/media?parent=12468"}],"wp:term":[{"taxonomy":"category","embeddable":true,"href":"https:\/\/www.journee-mondiale.com\/de\/wp-json\/wp\/v2\/categories?post=12468"},{"taxonomy":"post_tag","embeddable":true,"href":"https:\/\/www.journee-mondiale.com\/de\/wp-json\/wp\/v2\/tags?post=12468"}],"curies":[{"name":"wp","href":"https:\/\/api.w.org\/{rel}","templated":true}]}}