{"id":12464,"date":"2025-03-12T18:36:37","date_gmt":"2025-03-12T17:36:37","guid":{"rendered":"https:\/\/www.journee-mondiale.com\/de\/das-perfekte-weihnachtskleid-2025-meine-entdeckung-fuer-jeden-familienanlass-ueberrascht-alle\/"},"modified":"2025-03-12T18:36:37","modified_gmt":"2025-03-12T17:36:37","slug":"das-perfekte-weihnachtskleid-2025-meine-entdeckung-fuer-jeden-familienanlass-ueberrascht-alle","status":"publish","type":"post","link":"https:\/\/www.journee-mondiale.com\/de\/das-perfekte-weihnachtskleid-2025-meine-entdeckung-fuer-jeden-familienanlass-ueberrascht-alle\/","title":{"rendered":"Das perfekte Weihnachtskleid 2025: Meine Entdeckung f\u00fcr jeden Familienanlass (\u00fcberrascht alle)"},"content":{"rendered":"<p>Das eine Kleid, das jede Familienzusammenkunft verzaubert &#8211; Weihnachtsmode 2025<\/p>\n<h2>Zwischen Tradition und Trend: Die Weihnachtsmode 2025<\/h2>\n<p>Der Fr\u00fchling steht zwar vor der T\u00fcr, doch modebegeisterte <strong>Trendsetter<\/strong> blicken bereits auf die festliche Saison voraus. Die Weihnachtsmode 2025 verspricht eine faszinierende Mischung aus zeitloser Eleganz und innovativen Designs. &#8222;Dieses Jahr erleben wir eine Renaissance des bewussten Stils, der Komfort mit Raffinesse vereint,&#8220; erkl\u00e4rt <strong>Modestylistin<\/strong> Claudia Bergmann aus M\u00fcnchen. Wie ein guter Wein, der mit den Jahren an Charakter gewinnt, so reift auch die Weihnachtsmode zu einem Erlebnis, das weit \u00fcber den reinen Konsum hinausgeht.<\/p>\n<h2>Der Retro-Charme kehrt zur\u00fcck<\/h2>\n<p>Nostalgische Gef\u00fchle werden in diesem Jahr durch den <strong>Retro-Trend<\/strong> geweckt, der die Festtage 2025 pr\u00e4gen wird. Micro-Mini-R\u00f6cke und Skorts erleben ein unerwartetes Comeback \u2013 nat\u00fcrlich in festlichen Ausf\u00fchrungen. &#8222;Die R\u00fcckbesinnung auf vergangene Dekaden ist keine blo\u00dfe Wiederholung, sondern eine Neuinterpretation mit modernem Twist,&#8220; betont <strong>Modedesigner<\/strong> Thomas Weber aus Berlin. Als ich letztens eine Vorschau-Kollektion besichtigen durfte, f\u00fchlte ich mich wie in einer Zeitkapsel \u2013 allerdings einer, die alle Epochen gleichzeitig zelebriert.<\/p>\n<h2>Quiet Luxury als Statement<\/h2>\n<p>Der <strong>Quiet Luxury<\/strong>-Trend setzt sich 2025 noch deutlicher durch und findet in der Weihnachtsmode seinen perfekten Ausdruck. Anstatt mit auff\u00e4lligen Logos zu protzen, besinnen sich immer mehr Menschen auf <a href=\"https:\/\/www.journee-mondiale.com\/de\/category\/lebensstil\/\" target=\"_blank\">Lebensstil-Trends<\/a>, die Qualit\u00e4t und Langlebigkeit in den Vordergrund stellen. Hochwertige Materialien und pr\u00e4zise Schnittf\u00fchrung werden wichtiger als laute Statements. Die Farben bewegen sich zwischen:<\/p>\n<ul>\n<li>Dunklen, satten Burgunderrot-T\u00f6nen<\/li>\n<li>Warmen Karamell- und Cognac-Nuancen<\/li>\n<li>Tiefem Tannengr\u00fcn mit metallischen Akzenten<\/li>\n<\/ul>\n<h2>Das eine Kleid f\u00fcr alle Anl\u00e4sse<\/h2>\n<p>Was macht eigentlich das perfekte <strong>Weihnachtskleid<\/strong> aus? &#8222;Ein zeitloses Festtagskleid ist wie ein treuer Begleiter, der sowohl beim eleganten Dinner als auch bei der gem\u00fctlichen Familienfeier eine gute Figur macht,&#8220; erkl\u00e4rt Claudia Bergmann. Meine Nachbarin Lisa erz\u00e4hlte mir k\u00fcrzlich, wie sie letztes Jahr ein schlichtes schwarzes Kleid mit austauschbaren Accessoires zu vier v\u00f6llig unterschiedlichen Festtagsanl\u00e4ssen trug \u2013 von der Firmenweihnachtsfeier bis zum Heiligabend bei den Schwiegereltern.<\/p>\n<h2>Nachhaltigkeit wird zum Fest<\/h2>\n<p>Die <strong>Nachhaltigkeit<\/strong> spielt 2025 eine zentrale Rolle in der Weihnachtsmode. Immer mehr deutsche Konsumenten legen Wert auf transparente Produktionsketten und umweltfreundliche Materialien. Thomas Weber berichtet: &#8222;Wir sehen eine wachsende Nachfrage nach Festtagsmode, die nicht nur gut aussieht, sondern auch ein gutes Gewissen erm\u00f6glicht.&#8220; Eine meiner Leserinnen schrieb mir begeistert von ihrem Kleid aus recyceltem Polyester, das optisch und haptisch von Seide nicht zu unterscheiden war.<\/p>\n<h2>Praktische Tipps f\u00fcr die festliche Garderobe<\/h2>\n<p>Um f\u00fcr die Weihnachtszeit 2025 perfekt ger\u00fcstet zu sein, empfehle ich diese <strong>Styling-Strategien<\/strong>:<\/p>\n<ul>\n<li>Setzen Sie auf vielseitige Basisteile in neutralen Farben<\/li>\n<li>Investieren Sie in hochwertige, nachhaltige Materialien<\/li>\n<li>Erg\u00e4nzen Sie mit austauschbaren <a href=\"https:\/\/www.journee-mondiale.com\/de\/category\/reisen\/\" target=\"_blank\">Festliche Mode f\u00fcr Reisen<\/a> und Statement-Pieces<\/li>\n<\/ul>\n<h2>Die deutsche Modelandschaft im Wandel<\/h2>\n<p>Deutsche <strong>Designer<\/strong> wie Hugo Boss und Escada pr\u00e4sentieren in ihren Weihnachtskollektionen 2025 eine spannende Mischung aus traditionellen Elementen und zukunftsweisenden Designs. Die <a href=\"https:\/\/www.journee-mondiale.com\/de\/\" target=\"_blank\">Aktuelle Modetrends<\/a> zeigen eine deutliche Tendenz zu <strong>handwerklichen Techniken<\/strong> gepaart mit innovativen Materialien. Wie ein Orchester, in dem traditionelle und moderne Instrumente harmonisch zusammenspielen, verbinden diese Kollektionen das Beste aus zwei Welten.<\/p>\n<h2>Unser kulturelles Erbe im Festtagslook<\/h2>\n<p>In Deutschland wird Weihnachten traditionell als Zeit der Familie und Besinnlichkeit gefeiert. Diese <a href=\"https:\/\/www.journee-mondiale.com\/de\/geschichte-der-welttage\/\" target=\"_blank\">Modetradition und Geschichte<\/a> spiegelt sich auch in unserer Festtagsmode wider. &#8222;Die Weihnachtsgarderobe ist mehr als nur Kleidung \u2013 sie ist ein kultureller Ausdruck unserer Werte,&#8220; betont Weber. So vereint das perfekte Weihnachtskleid 2025 <strong>kulturelle Tradition<\/strong> mit zeitgem\u00e4\u00dfem Design zu einem harmonischen Ganzen.<\/p>\n<h2>Wie werden Sie die Festtage stylen?<\/h2>\n<p>W\u00e4hrend wir noch im Fr\u00fchling stehen, lohnt sich der Blick auf die kommende Weihnachtsmode. Das ideale Festtagskleid verbindet <strong>Vielseitigkeit<\/strong> mit pers\u00f6nlichem Stil und <a href=\"https:\/\/www.journee-mondiale.com\/de\/juridisk-informationen\/\" target=\"_blank\">Nachhaltige Modepraktiken<\/a>. Es ist wie ein Gedicht, das sowohl klassische Metrik als auch moderne Ausdrucksformen beherrscht. Welche Stile werden Sie in der kommenden Festsaison f\u00fcr sich entdecken?<\/p>\n","protected":false},"excerpt":{"rendered":"<p>Das eine Kleid, das jede Familienzusammenkunft verzaubert &#8211; Weihnachtsmode 2025 Zwischen Tradition und Trend: Die Weihnachtsmode 2025 Der Fr\u00fchling steht zwar vor der T\u00fcr, doch modebegeisterte Trendsetter blicken bereits auf die festliche Saison voraus. Die Weihnachtsmode 2025 verspricht eine faszinierende Mischung aus zeitloser Eleganz und innovativen Designs. &#8222;Dieses Jahr erleben wir eine Renaissance des bewussten &#8230; <a title=\"Das perfekte Weihnachtskleid 2025: Meine Entdeckung f\u00fcr jeden Familienanlass (\u00fcberrascht alle)\" class=\"read-more\" href=\"https:\/\/www.journee-mondiale.com\/de\/das-perfekte-weihnachtskleid-2025-meine-entdeckung-fuer-jeden-familienanlass-ueberrascht-alle\/\" aria-label=\"Mehr Informationen \u00fcber Das perfekte Weihnachtskleid 2025: Meine Entdeckung f\u00fcr jeden Familienanlass (\u00fcberrascht alle)\">Lire plus<\/a><\/p>\n","protected":false},"author":1,"featured_media":12463,"comment_status":"","ping_status":"","sticky":false,"template":"","format":"standard","meta":{"footnotes":""},"categories":[48],"tags":[],"class_list":["post-12464","post","type-post","status-publish","format-standard","has-post-thumbnail","hentry","category-lebensstil"],"acf":[],"_yoast_wpseo_primary_category":null,"_yoast_wpseo_title":null,"_yoast_wpseo_metadesc":null,"_links":{"self":[{"href":"https:\/\/www.journee-mondiale.com\/de\/wp-json\/wp\/v2\/posts\/12464","targetHints":{"allow":["GET"]}}],"collection":[{"href":"https:\/\/www.journee-mondiale.com\/de\/wp-json\/wp\/v2\/posts"}],"about":[{"href":"https:\/\/www.journee-mondiale.com\/de\/wp-json\/wp\/v2\/types\/post"}],"author":[{"embeddable":true,"href":"https:\/\/www.journee-mondiale.com\/de\/wp-json\/wp\/v2\/users\/1"}],"replies":[{"embeddable":true,"href":"https:\/\/www.journee-mondiale.com\/de\/wp-json\/wp\/v2\/comments?post=12464"}],"version-history":[{"count":0,"href":"https:\/\/www.journee-mondiale.com\/de\/wp-json\/wp\/v2\/posts\/12464\/revisions"}],"wp:featuredmedia":[{"embeddable":true,"href":"https:\/\/www.journee-mondiale.com\/de\/wp-json\/wp\/v2\/media\/12463"}],"wp:attachment":[{"href":"https:\/\/www.journee-mondiale.com\/de\/wp-json\/wp\/v2\/media?parent=12464"}],"wp:term":[{"taxonomy":"category","embeddable":true,"href":"https:\/\/www.journee-mondiale.com\/de\/wp-json\/wp\/v2\/categories?post=12464"},{"taxonomy":"post_tag","embeddable":true,"href":"https:\/\/www.journee-mondiale.com\/de\/wp-json\/wp\/v2\/tags?post=12464"}],"curies":[{"name":"wp","href":"https:\/\/api.w.org\/{rel}","templated":true}]}}