{"id":12462,"date":"2025-03-12T16:15:31","date_gmt":"2025-03-12T15:15:31","guid":{"rendered":"https:\/\/www.journee-mondiale.com\/de\/french-bob-vs-traditional-bob-warum-ich-bei-meinem-kurzhaarschnitt-jetzt-beide-stile-kombiniere-der-unterschied-machte-mich-sprachlos\/"},"modified":"2025-03-12T16:15:31","modified_gmt":"2025-03-12T15:15:31","slug":"french-bob-vs-traditional-bob-warum-ich-bei-meinem-kurzhaarschnitt-jetzt-beide-stile-kombiniere-der-unterschied-machte-mich-sprachlos","status":"publish","type":"post","link":"https:\/\/www.journee-mondiale.com\/de\/french-bob-vs-traditional-bob-warum-ich-bei-meinem-kurzhaarschnitt-jetzt-beide-stile-kombiniere-der-unterschied-machte-mich-sprachlos\/","title":{"rendered":"French Bob vs. Traditional Bob: warum ich bei meinem Kurzhaarschnitt jetzt beide Stile kombiniere (der Unterschied machte mich sprachlos&#8230;)"},"content":{"rendered":"<p>Wenn es um markante Kurzhaarfrisuren geht, sorgen der <strong>French Bob<\/strong> und der <strong>Traditional Bob<\/strong> regelm\u00e4\u00dfig f\u00fcr Begeisterung unter Trendsetter:innen. Im Fr\u00fchling 2025 erleben wir eine spannende Renaissance dieser klassischen Schnitte \u2013 mit modernen Interpretationen, die jedem Typ schmeicheln k\u00f6nnen. Doch worin unterscheiden sich die beiden wirklich? Zeit, den modischen Mythen auf den Grund zu gehen.<\/p>\n<h2>Der French Bob: Pariser L\u00e4ssigkeit mit Raffinesse<\/h2>\n<p>Der <strong>French Bob<\/strong> ist der Inbegriff m\u00fchelos wirkender Eleganz. &#8222;Diese Frisur tr\u00e4gt die DNA der franz\u00f6sischen Mode in sich \u2013 sie wirkt niemals zu perfekt, aber immer durchdacht&#8220;, erkl\u00e4rt Thomas Schmidt, Meisterfriseur im Berliner Salon &#8222;Haarkunst&#8220;. Charakteristisch ist die L\u00e4nge, die meist zwischen Kieferwinkel und Kinn endet und im Nacken oft etwas k\u00fcrzer ausf\u00e4llt.<\/p>\n<blockquote><p>&#8222;Der French Bob ist wie ein gutes Croissant \u2013 leicht, mit Volumen und ein wenig unvorhersehbar in seiner Textur.&#8220;<\/p><\/blockquote>\n<p>Ein typischer French Bob zeichnet sich durch sanfte <strong>Schichten<\/strong> aus, die dem Haar Bewegung und Volumen verleihen. Die Ponypartie ist meist l\u00e4nger und seitlich gestylt, was einen weichen, femininen Rahmen f\u00fcr das Gesicht schafft.<\/p>\n<h2>Der klassische Bob: Pr\u00e4zision trifft Zeitlosigkeit<\/h2>\n<p>Im Gegensatz dazu steht der <strong>Traditional Bob<\/strong> f\u00fcr klare Linien und Struktur. &#8222;Dieser Schnitt hat etwas Architektonisches \u2013 er ist pr\u00e4zise, geometrisch und vermittelt Selbstbewusstsein&#8220;, so Lisa Wagner, Stylistin aus M\u00fcnchen. Die gleichm\u00e4\u00dfige L\u00e4nge rund um den Kopf bildet eine deutliche horizontale Linie, meist auf Kinnh\u00f6he.<\/p>\n<p>Die Schnittf\u00fchrung erfolgt in der Regel ohne Stufen und mit minimalen Schichten. Der Traditional Bob wirkt dadurch polierter und kontrollierter als sein franz\u00f6sisches Pendant \u2013 wie ein perfekt geschnittener Diamant im Vergleich zum nat\u00fcrlich schimmernden Perlmutt.<\/p>\n<h2>Stil-Identit\u00e4t: Welcher Bob passt zu wem?<\/h2>\n<p>Die Gesichtsform spielt eine entscheidende Rolle bei der Wahl zwischen den beiden Varianten:<\/p>\n<ul>\n<li>Der <strong>French Bob<\/strong> schmeichelt besonders runden und herzf\u00f6rmigen Gesichtern<\/li>\n<li>Der <strong>Traditional Bob<\/strong> betont vorteilhaft ovale und eckige Gesichtsformen<\/li>\n<li>Feines Haar gewinnt durch die Textur des French Bob an Volumen<\/li>\n<\/ul>\n<h2>Styling-Unterschiede im Fr\u00fchlings-Look 2025<\/h2>\n<p>&#8222;In diesem Fr\u00fchling sehen wir den French Bob h\u00e4ufig mit nat\u00fcrlichen <strong>Beach Waves<\/strong> kombiniert&#8220;, berichtet Katja M\u00fcller vom Hamburger Elite-Salon &#8222;Scissors&#8220;. &#8222;Der klassische Bob hingegen wird jetzt gerne mit <a href=\"https:\/\/www.journee-mondiale.com\/de\/category\/lebensstil\/\" target=\"_blank\">glatten, gl\u00e4nzenden Oberfl\u00e4chen<\/a> getragen, fast wie fl\u00fcssiges Glas.&#8220;<\/p>\n<h2>Die Geschichte hinter den Schnitten<\/h2>\n<p>Eine kleine Anekdote aus der Modewelt: In den 1920er Jahren revolutionierte der Bob die Frauenwelt, als die ber\u00fchmte T\u00e4nzerin Irene Castle ihren langen Zopf abschnitt. Der French Bob entwickelte sich sp\u00e4ter in den Pariser Ateliers als Antwort auf die strengere amerikanische Version \u2013 ein fr\u00fches Beispiel f\u00fcr den transatlantischen Stil-Dialog.<\/p>\n<h2>Pflege und Styling-Tipps f\u00fcr beide Varianten<\/h2>\n<ul>\n<li>French Bob: Verwende <strong>Texturspray<\/strong> f\u00fcr den messy-chic Look<\/li>\n<li>Traditional Bob: Setze auf <strong>Glanzprodukte<\/strong> f\u00fcr die polierte Optik<\/li>\n<li>Beide Stile: Investiere in einen guten <a href=\"https:\/\/www.journee-mondiale.com\/de\/category\/reisen\/\" target=\"_blank\">Hitzeschutz<\/a> f\u00fcr h\u00e4ufiges Styling<\/li>\n<\/ul>\n<h2>Fr\u00fchjahrstrend 2025: Die hybride Bob-Variante<\/h2>\n<p>Die spannendste Entwicklung dieses Fr\u00fchjahrs ist der &#8222;Fusion Bob&#8220; \u2013 eine Mischung aus beiden Welten. &#8222;Wir schneiden die Struktur pr\u00e4zise wie beim klassischen Bob, stylen aber mit der L\u00e4ssigkeit des French Bob&#8220;, erkl\u00e4rt Maria Weber, Trendscouting-Expertin aus K\u00f6ln. &#8222;Diese Verschmelzung ist wie Jazz in der Musik \u2013 klare Grundstruktur mit Raum f\u00fcr Improvisation.&#8220;<\/p>\n<h3>Welcher Bob-Schnitt spiegelt deinen pers\u00f6nlichen Stil wider?<\/h3>\n<p>Ob du dich f\u00fcr die unbeschwerte Eleganz des French Bob oder die kraftvolle Klarheit des Traditional Bob entscheidest \u2013 beide Schnitte bieten eine zeitlose Grundlage f\u00fcr individuelle Interpretationen. Der wahre Unterschied liegt vielleicht nicht nur in der Schnittf\u00fchrung, sondern in der Attitude, mit der du deinen Bob tr\u00e4gst. Welche Geschichte m\u00f6chtest du mit deiner Frisur erz\u00e4hlen?<\/p>\n","protected":false},"excerpt":{"rendered":"<p>Wenn es um markante Kurzhaarfrisuren geht, sorgen der French Bob und der Traditional Bob regelm\u00e4\u00dfig f\u00fcr Begeisterung unter Trendsetter:innen. Im Fr\u00fchling 2025 erleben wir eine spannende Renaissance dieser klassischen Schnitte \u2013 mit modernen Interpretationen, die jedem Typ schmeicheln k\u00f6nnen. Doch worin unterscheiden sich die beiden wirklich? Zeit, den modischen Mythen auf den Grund zu gehen. &#8230; <a title=\"French Bob vs. Traditional Bob: warum ich bei meinem Kurzhaarschnitt jetzt beide Stile kombiniere (der Unterschied machte mich sprachlos&#8230;)\" class=\"read-more\" href=\"https:\/\/www.journee-mondiale.com\/de\/french-bob-vs-traditional-bob-warum-ich-bei-meinem-kurzhaarschnitt-jetzt-beide-stile-kombiniere-der-unterschied-machte-mich-sprachlos\/\" aria-label=\"Mehr Informationen \u00fcber French Bob vs. Traditional Bob: warum ich bei meinem Kurzhaarschnitt jetzt beide Stile kombiniere (der Unterschied machte mich sprachlos&#8230;)\">Lire plus<\/a><\/p>\n","protected":false},"author":1,"featured_media":12461,"comment_status":"","ping_status":"","sticky":false,"template":"","format":"standard","meta":{"footnotes":""},"categories":[48],"tags":[],"class_list":["post-12462","post","type-post","status-publish","format-standard","has-post-thumbnail","hentry","category-lebensstil"],"acf":[],"_yoast_wpseo_primary_category":null,"_yoast_wpseo_title":null,"_yoast_wpseo_metadesc":null,"_links":{"self":[{"href":"https:\/\/www.journee-mondiale.com\/de\/wp-json\/wp\/v2\/posts\/12462","targetHints":{"allow":["GET"]}}],"collection":[{"href":"https:\/\/www.journee-mondiale.com\/de\/wp-json\/wp\/v2\/posts"}],"about":[{"href":"https:\/\/www.journee-mondiale.com\/de\/wp-json\/wp\/v2\/types\/post"}],"author":[{"embeddable":true,"href":"https:\/\/www.journee-mondiale.com\/de\/wp-json\/wp\/v2\/users\/1"}],"replies":[{"embeddable":true,"href":"https:\/\/www.journee-mondiale.com\/de\/wp-json\/wp\/v2\/comments?post=12462"}],"version-history":[{"count":0,"href":"https:\/\/www.journee-mondiale.com\/de\/wp-json\/wp\/v2\/posts\/12462\/revisions"}],"wp:featuredmedia":[{"embeddable":true,"href":"https:\/\/www.journee-mondiale.com\/de\/wp-json\/wp\/v2\/media\/12461"}],"wp:attachment":[{"href":"https:\/\/www.journee-mondiale.com\/de\/wp-json\/wp\/v2\/media?parent=12462"}],"wp:term":[{"taxonomy":"category","embeddable":true,"href":"https:\/\/www.journee-mondiale.com\/de\/wp-json\/wp\/v2\/categories?post=12462"},{"taxonomy":"post_tag","embeddable":true,"href":"https:\/\/www.journee-mondiale.com\/de\/wp-json\/wp\/v2\/tags?post=12462"}],"curies":[{"name":"wp","href":"https:\/\/api.w.org\/{rel}","templated":true}]}}