{"id":12454,"date":"2025-03-12T12:08:47","date_gmt":"2025-03-12T11:08:47","guid":{"rendered":"https:\/\/www.journee-mondiale.com\/de\/mein-3-wochen-experiment-mit-dem-mermaid-braid-der-unerwartete-fruehlingstrend-2025-hat-mein-haar-veraendert\/"},"modified":"2025-03-12T12:08:47","modified_gmt":"2025-03-12T11:08:47","slug":"mein-3-wochen-experiment-mit-dem-mermaid-braid-der-unerwartete-fruehlingstrend-2025-hat-mein-haar-veraendert","status":"publish","type":"post","link":"https:\/\/www.journee-mondiale.com\/de\/mein-3-wochen-experiment-mit-dem-mermaid-braid-der-unerwartete-fruehlingstrend-2025-hat-mein-haar-veraendert\/","title":{"rendered":"Mein 3-Wochen-Experiment mit dem Mermaid Braid (der unerwartete Fr\u00fchlingstrend 2025 hat mein Haar ver\u00e4ndert)"},"content":{"rendered":"<p>Der <strong>Mermaid Braid<\/strong> verzaubert aktuell die Fr\u00fchlingssaison 2025 mit seinem romantischen Charme. Diese traumhafte Flechtfrisur, die an die wallenden Haare einer Meerjungfrau erinnert, erobert gerade Instagram und TikTok im Sturm. W\u00e4hrend wir langsam die k\u00fchlen Wintermonate hinter uns lassen, sehnen wir uns nach frischen Looks, die den \u00dcbergang zum Fr\u00fchling elegant begleiten. Der Mermaid Braid ist wie gemacht f\u00fcr diese Zeit des Aufbruchs und der Erneuerung.<\/p>\n<h2>Was macht den Mermaid Braid so besonders?<\/h2>\n<p>Der <strong>Mermaid Braid<\/strong> kombiniert geschickt Flechttechniken mit losem, flie\u00dfendem Haar und schafft so einen Look, der gleichzeitig strukturiert und m\u00fchelos wirkt. &#8222;Diese Frisur ist eine perfekte Balance zwischen Boh\u00e8me und Eleganz \u2013 ideal f\u00fcr die \u00dcbergangszeit zwischen Winter und Fr\u00fchling&#8220;, erkl\u00e4rt <strong>Lisa Bergmann<\/strong>, Kreativdirektorin des Berliner Salons &#8222;Haarpoesie&#8220;.<\/p>\n<h2>Die Technik: So entsteht der perfekte Meerjungfrauen-Zopf<\/h2>\n<p>Im Kern verwendet der Mermaid Braid eine spezielle &#8222;Pick and Drop&#8220;-Methode, \u00e4hnlich wie bei <strong>knotenlosen Z\u00f6pfen<\/strong>. Dabei werden immer wieder lose Haarstr\u00e4hnen in den Zopf eingearbeitet, was ihm diese charakteristische, wellige Textur verleiht. Diese Technik wurde \u00fcbrigens schon lange vor dem aktuellen Hype von verschiedenen Kulturen weltweit praktiziert \u2013 eine <a href=\"https:\/\/www.journee-mondiale.com\/de\/621\/7-oktober-tag-der-meermaenner.htm\" target=\"_blank\">Tag der Meerm\u00e4nner<\/a> w\u00fcrdige Tradition!<\/p>\n<h2>Fr\u00fchlingsfrisch: Der Mermaid Braid im M\u00e4rz 2025<\/h2>\n<p>Gerade jetzt im Fr\u00fchjahr 2025 erleben wir eine Wiederbelebung dieser <strong>Flechtkunst<\/strong> mit saisonalen Anpassungen. &#8222;F\u00fcr den Fr\u00fchling empfehle ich, zarte Bl\u00fcten oder farbige B\u00e4nder in den Zopf einzuarbeiten \u2013 das betont den verspielten Charakter und bringt Farbe ins noch blasse Gesicht&#8220;, r\u00e4t <strong>Thomas Schmidt<\/strong>, Meisterfriseur im Salon &#8222;Haarkunst&#8220; in M\u00fcnchen.<\/p>\n<h2>Von Promis inspiriert: Wer tr\u00e4gt den Meerjungfrauen-Look?<\/h2>\n<p>Prominente wie <strong>Halle Bailey<\/strong>, die tats\u00e4chlich die Meerjungfrau Arielle verk\u00f6rperte, haben diesen Stil popul\u00e4r gemacht. Aber auch deutsche Stars wie Lena Gercke wurden bereits mit Variationen des Mermaid Braids gesichtet. Die Frisur ist damit mehr als nur ein Trend \u2013 sie ist eine <a href=\"https:\/\/www.journee-mondiale.com\/de\/535\/21-maerz-welttag-der-poesie.htm\" target=\"_blank\">k\u00fcnstlerische Ausdrucksform<\/a>, die individuelle Interpretationen erlaubt.<\/p>\n<h2>Perfekt f\u00fcr jeden Anlass: Die Vielseitigkeit des Mermaid Braids<\/h2>\n<p>Was den Mermaid Braid so alltagstauglich macht:<\/p>\n<ul>\n<li>Er h\u00e4lt zuverl\u00e4ssig den ganzen Tag<\/li>\n<li>L\u00e4sst sich sowohl casual als auch elegant stylen<\/li>\n<li>Funktioniert bei verschiedenen Haarl\u00e4ngen (ab Schulterl\u00e4nge)<\/li>\n<\/ul>\n<h2>Die Mermaid-Braid-Revolution: Mehr als nur ein Frisurentrend<\/h2>\n<p>Dieser Flechttrend ist Teil einer gr\u00f6\u00dferen Bewegung zur\u00fcck zu handwerklicher Friseurkunst, wie sie auch am <a href=\"https:\/\/www.journee-mondiale.com\/de\/365\/18-mai-tag-der-friseure.htm\" target=\"_blank\">Tag der Friseure<\/a> zelebriert wird. In einer Zeit, in der wir uns nach Authentizit\u00e4t sehnen, bietet der Mermaid Braid eine willkommene Alternative zu perfektionierten Gl\u00e4tteisen-Looks.<\/p>\n<h2>DIY oder Salon? Tipps f\u00fcr den perfekten Mermaid Braid<\/h2>\n<p>W\u00e4hrend <strong>Styling-Profis<\/strong> die Technik perfektioniert haben, kannst du dir den Look auch zu Hause zaubern. Meine wichtigsten Tipps:<\/p>\n<ul>\n<li>Arbeite mit leicht angefeuchteten Haaren f\u00fcr besseren Halt<\/li>\n<li>Verwende Texturspray f\u00fcr mehr Griffigkeit<\/li>\n<li>Beginne mit einem einfachen Seitengeflecht, wenn du Anf\u00e4nger bist<\/li>\n<\/ul>\n<p>Wie bei einer <a href=\"https:\/\/www.journee-mondiale.com\/de\/598\/24-april-tag-der-fashion-revolution.htm\" target=\"_blank\">Tag der Fashion Revolution<\/a> geht es beim Mermaid Braid darum, Traditionen neu zu interpretieren. Dieser Flechttrend ist wie eine Welle, die alte Techniken an moderne Ufer sp\u00fclt \u2013 sch\u00f6n anzusehen und vielseitig zu tragen.<\/p>\n<h2>Inspirationsquellen f\u00fcr deinen individuellen Meerjungfrauen-Look<\/h2>\n<p>Neben Social Media-Kan\u00e4len bieten auch Fantasy-Filme erstaunliche <a href=\"https:\/\/www.journee-mondiale.com\/de\/434\/4-mai-tag-des-star-wars.htm\" target=\"_blank\">Kreative Styling-Inspiration<\/a> f\u00fcr deinen eigenen Mermaid Braid. Wie ein Gedicht, das man immer wieder neu interpretieren kann, bietet diese Frisur unendliche Variationsm\u00f6glichkeiten. Wagst du den Sprung ins Meerjungfrauen-Abenteuer diesen Fr\u00fchling? Dein Haar wird es dir mit bezaubernden Komplimenten danken!<\/p>\n","protected":false},"excerpt":{"rendered":"<p>Der Mermaid Braid verzaubert aktuell die Fr\u00fchlingssaison 2025 mit seinem romantischen Charme. Diese traumhafte Flechtfrisur, die an die wallenden Haare einer Meerjungfrau erinnert, erobert gerade Instagram und TikTok im Sturm. W\u00e4hrend wir langsam die k\u00fchlen Wintermonate hinter uns lassen, sehnen wir uns nach frischen Looks, die den \u00dcbergang zum Fr\u00fchling elegant begleiten. Der Mermaid Braid &#8230; <a title=\"Mein 3-Wochen-Experiment mit dem Mermaid Braid (der unerwartete Fr\u00fchlingstrend 2025 hat mein Haar ver\u00e4ndert)\" class=\"read-more\" href=\"https:\/\/www.journee-mondiale.com\/de\/mein-3-wochen-experiment-mit-dem-mermaid-braid-der-unerwartete-fruehlingstrend-2025-hat-mein-haar-veraendert\/\" aria-label=\"Mehr Informationen \u00fcber Mein 3-Wochen-Experiment mit dem Mermaid Braid (der unerwartete Fr\u00fchlingstrend 2025 hat mein Haar ver\u00e4ndert)\">Lire plus<\/a><\/p>\n","protected":false},"author":1,"featured_media":12453,"comment_status":"","ping_status":"","sticky":false,"template":"","format":"standard","meta":{"footnotes":""},"categories":[48],"tags":[],"class_list":["post-12454","post","type-post","status-publish","format-standard","has-post-thumbnail","hentry","category-lebensstil"],"acf":[],"_yoast_wpseo_primary_category":null,"_yoast_wpseo_title":null,"_yoast_wpseo_metadesc":null,"_links":{"self":[{"href":"https:\/\/www.journee-mondiale.com\/de\/wp-json\/wp\/v2\/posts\/12454","targetHints":{"allow":["GET"]}}],"collection":[{"href":"https:\/\/www.journee-mondiale.com\/de\/wp-json\/wp\/v2\/posts"}],"about":[{"href":"https:\/\/www.journee-mondiale.com\/de\/wp-json\/wp\/v2\/types\/post"}],"author":[{"embeddable":true,"href":"https:\/\/www.journee-mondiale.com\/de\/wp-json\/wp\/v2\/users\/1"}],"replies":[{"embeddable":true,"href":"https:\/\/www.journee-mondiale.com\/de\/wp-json\/wp\/v2\/comments?post=12454"}],"version-history":[{"count":0,"href":"https:\/\/www.journee-mondiale.com\/de\/wp-json\/wp\/v2\/posts\/12454\/revisions"}],"wp:featuredmedia":[{"embeddable":true,"href":"https:\/\/www.journee-mondiale.com\/de\/wp-json\/wp\/v2\/media\/12453"}],"wp:attachment":[{"href":"https:\/\/www.journee-mondiale.com\/de\/wp-json\/wp\/v2\/media?parent=12454"}],"wp:term":[{"taxonomy":"category","embeddable":true,"href":"https:\/\/www.journee-mondiale.com\/de\/wp-json\/wp\/v2\/categories?post=12454"},{"taxonomy":"post_tag","embeddable":true,"href":"https:\/\/www.journee-mondiale.com\/de\/wp-json\/wp\/v2\/tags?post=12454"}],"curies":[{"name":"wp","href":"https:\/\/api.w.org\/{rel}","templated":true}]}}