{"id":12452,"date":"2025-03-12T09:15:44","date_gmt":"2025-03-12T08:15:44","guid":{"rendered":"https:\/\/www.journee-mondiale.com\/de\/velvet-glass-nails-meine-5-lieblingstechniken-fuer-diesen-luxurioesen-fruehjahrstrend-du-wirst-3-sofort-ausprobieren-wollen\/"},"modified":"2025-03-12T09:15:44","modified_gmt":"2025-03-12T08:15:44","slug":"velvet-glass-nails-meine-5-lieblingstechniken-fuer-diesen-luxurioesen-fruehjahrstrend-du-wirst-3-sofort-ausprobieren-wollen","status":"publish","type":"post","link":"https:\/\/www.journee-mondiale.com\/de\/velvet-glass-nails-meine-5-lieblingstechniken-fuer-diesen-luxurioesen-fruehjahrstrend-du-wirst-3-sofort-ausprobieren-wollen\/","title":{"rendered":"Velvet Glass Nails: Meine 5 Lieblingstechniken f\u00fcr diesen luxuri\u00f6sen Fr\u00fchjahrstrend (du wirst #3 sofort ausprobieren wollen&#8230;)"},"content":{"rendered":"<p>Der Fr\u00fchling 2025 l\u00e4utet eine aufregende Zeit f\u00fcr Nail Art-Enthusiasten ein! Mit frischen Farben und innovativen Techniken erobern faszinierende Nageltrends die deutsche Beauty-Szene. <strong>Velvet Glass Nails<\/strong> und andere kreative Styles versprechen, unsere Fingerspitzen in wahre Kunstwerke zu verwandeln. Zeit, Inspiration f\u00fcr die kommende Saison zu sammeln!<\/p>\n<h2>Die faszinierendsten Nail Art-Trends im Fr\u00fchling 2025<\/h2>\n<p>Der \u00dcbergang vom Winter zum Fr\u00fchling spiegelt sich auch in unserer Manik\u00fcre wider. &#8222;Nach den dunkleren Winterfarben sehnen sich die Menschen nach Leichtigkeit und spielerischen Elementen auf ihren N\u00e4geln&#8220;, erkl\u00e4rt <strong>Lisa Hoffmann<\/strong>, renommierte Nail-Artistin aus M\u00fcnchen. Die aktuelle Saison \u00fcberrascht mit einer Vielfalt an Texturen und Finishes, die f\u00fcr jeden Geschmack etwas bieten.<\/p>\n<h2>Velvet Glass Nails \u2013 Der Luxus-Look f\u00fcr jeden Tag<\/h2>\n<p>Wie Sonnenlicht, das durch geschliffenes Glas f\u00e4llt, schimmern <strong>Velvet Glass Nails<\/strong> bei jeder Bewegung in verschiedenen Nuancen. Diese Technik kombiniert transparente Schichten mit feinen Pigmenten und erzeugt einen luxuri\u00f6sen Tiefeneffekt. Ein Trend, der besonders bei Business-Frauen beliebt ist, die Eleganz mit Individualit\u00e4t verbinden m\u00f6chten.<\/p>\n<h2>3D-Elemente erobern deutsche Nagelstudios<\/h2>\n<p>Winzige Skulpturen auf unseren Fingern\u00e4geln? Die <strong>3D Nail Art<\/strong> bringt Dimensionen und Tiefe auf kleinster Fl\u00e4che. Von zarten Bl\u00fctenbl\u00e4ttern bis hin zu geometrischen Formen \u2013 der Fantasie sind keine Grenzen gesetzt. &#8222;3D-Elemente sind wie Schmuckst\u00fccke f\u00fcr die N\u00e4gel \u2013 sie verleihen selbst schlichten Outfits einen Hauch von Extravaganz&#8220;, betont Trendexpertin <strong>Claudia Weber<\/strong>.<\/p>\n<h2>Chrome und Metallic Finishes: Futuristischer Glanz<\/h2>\n<p>Metallische Oberfl\u00e4chen, die wie fl\u00fcssiges Metall wirken, dominieren die Nageltrends dieses Fr\u00fchjahrs. Besonders <strong>Chrome French Nails<\/strong> vereinen Klassik mit modernem Flair. Diese zeitgem\u00e4\u00dfe Interpretation des franz\u00f6sischen Klassikers setzt auf metallische Spitzen statt traditionellem Wei\u00df \u2013 perfekt f\u00fcr den \u00dcbergang in die w\u00e4rmere Jahreszeit.<\/p>\n<h2>Minimalistische Eleganz mit Soap Nails<\/h2>\n<p>F\u00fcr Liebhaber dezenter Designs bieten <strong>Soap Nails<\/strong> eine willkommene Alternative. Diese milchig-transparenten Manik\u00fcren wirken wie zarte Seifenblasen und passen zu jedem Anlass. Ihre subtile Sch\u00f6nheit liegt in der Schlichtheit \u2013 wie ein frischer Fr\u00fchlingsmorgen auf Ihren Fingerspitzen.<\/p>\n<h2>Praktische Tipps f\u00fcr langanhaltende Nail Art<\/h2>\n<ul>\n<li>Verwenden Sie stets eine <strong>hochwertige Grundierung<\/strong>, um Verf\u00e4rbungen zu vermeiden<\/li>\n<li>Tragen Sie zwischen komplexen Elementen d\u00fcnne Schichten <strong>Versiegelungsgel<\/strong> auf<\/li>\n<li>Sch\u00fctzen Sie Ihre Kreationen mit einem <strong>UV-best\u00e4ndigen Topcoat<\/strong><\/li>\n<\/ul>\n<h2>Umweltbewusste Alternativen im Trend<\/h2>\n<p>Die deutsche Nail Art-Szene zeigt verst\u00e4rkt Interesse an <strong>nachhaltigen Produkten<\/strong>. &#8222;Wir beobachten eine wachsende Nachfrage nach wasserbasierten und veganen Nagellacken&#8220;, berichtet Umweltexpertin <strong>Julia Berger<\/strong>. Marken wie Kryolan und OPI haben auf diesen Trend reagiert und bieten inzwischen umweltfreundlichere Alternativen an.<\/p>\n<h2>Social Media als Inspirationsquelle<\/h2>\n<ul>\n<li>Folgen Sie deutschen <strong>Nail Artists<\/strong> auf Instagram f\u00fcr t\u00e4gliche Inspiration<\/li>\n<li>Speichern Sie Ihre Lieblingsdesigns in thematischen <strong>Pinterest-Boards<\/strong><\/li>\n<li>Tauschen Sie sich in Online-Communities \u00fcber <strong>Techniken und Produkte<\/strong> aus<\/li>\n<\/ul>\n<h2>Ihre pers\u00f6nliche Nail Art-Reise<\/h2>\n<p>Nail Art ist wie ein Cham\u00e4leon der Selbstexpression \u2013 sie passt sich Ihrer Stimmung, Ihrem Outfit und der Jahreszeit an. Ob Sie sich f\u00fcr die luxuri\u00f6sen Velvet Glass Nails oder die minimalistischen Soap Nails entscheiden \u2013 der Fr\u00fchling 2025 bietet die perfekte Gelegenheit, mit neuen Stilen zu experimentieren und Ihre Pers\u00f6nlichkeit durch kunstvolle Fingerspitzen zu unterstreichen.<\/p>\n<p>Welchen Nail Art-Trend werden Sie diesen Fr\u00fchling ausprobieren? Die M\u00f6glichkeiten sind so vielf\u00e4ltig wie die ersten Fr\u00fchlingsblumen \u2013 lassen Sie Ihrer Kreativit\u00e4t freien Lauf und verwandeln Sie Ihre N\u00e4gel in kleine Kunstwerke, die Ihre einzigartige Pers\u00f6nlichkeit widerspiegeln!<\/p>\n","protected":false},"excerpt":{"rendered":"<p>Der Fr\u00fchling 2025 l\u00e4utet eine aufregende Zeit f\u00fcr Nail Art-Enthusiasten ein! Mit frischen Farben und innovativen Techniken erobern faszinierende Nageltrends die deutsche Beauty-Szene. Velvet Glass Nails und andere kreative Styles versprechen, unsere Fingerspitzen in wahre Kunstwerke zu verwandeln. Zeit, Inspiration f\u00fcr die kommende Saison zu sammeln! Die faszinierendsten Nail Art-Trends im Fr\u00fchling 2025 Der \u00dcbergang &#8230; <a title=\"Velvet Glass Nails: Meine 5 Lieblingstechniken f\u00fcr diesen luxuri\u00f6sen Fr\u00fchjahrstrend (du wirst #3 sofort ausprobieren wollen&#8230;)\" class=\"read-more\" href=\"https:\/\/www.journee-mondiale.com\/de\/velvet-glass-nails-meine-5-lieblingstechniken-fuer-diesen-luxurioesen-fruehjahrstrend-du-wirst-3-sofort-ausprobieren-wollen\/\" aria-label=\"Mehr Informationen \u00fcber Velvet Glass Nails: Meine 5 Lieblingstechniken f\u00fcr diesen luxuri\u00f6sen Fr\u00fchjahrstrend (du wirst #3 sofort ausprobieren wollen&#8230;)\">Lire plus<\/a><\/p>\n","protected":false},"author":1,"featured_media":12451,"comment_status":"","ping_status":"","sticky":false,"template":"","format":"standard","meta":{"footnotes":""},"categories":[48],"tags":[],"class_list":["post-12452","post","type-post","status-publish","format-standard","has-post-thumbnail","hentry","category-lebensstil"],"acf":[],"_yoast_wpseo_primary_category":null,"_yoast_wpseo_title":null,"_yoast_wpseo_metadesc":null,"_links":{"self":[{"href":"https:\/\/www.journee-mondiale.com\/de\/wp-json\/wp\/v2\/posts\/12452","targetHints":{"allow":["GET"]}}],"collection":[{"href":"https:\/\/www.journee-mondiale.com\/de\/wp-json\/wp\/v2\/posts"}],"about":[{"href":"https:\/\/www.journee-mondiale.com\/de\/wp-json\/wp\/v2\/types\/post"}],"author":[{"embeddable":true,"href":"https:\/\/www.journee-mondiale.com\/de\/wp-json\/wp\/v2\/users\/1"}],"replies":[{"embeddable":true,"href":"https:\/\/www.journee-mondiale.com\/de\/wp-json\/wp\/v2\/comments?post=12452"}],"version-history":[{"count":0,"href":"https:\/\/www.journee-mondiale.com\/de\/wp-json\/wp\/v2\/posts\/12452\/revisions"}],"wp:featuredmedia":[{"embeddable":true,"href":"https:\/\/www.journee-mondiale.com\/de\/wp-json\/wp\/v2\/media\/12451"}],"wp:attachment":[{"href":"https:\/\/www.journee-mondiale.com\/de\/wp-json\/wp\/v2\/media?parent=12452"}],"wp:term":[{"taxonomy":"category","embeddable":true,"href":"https:\/\/www.journee-mondiale.com\/de\/wp-json\/wp\/v2\/categories?post=12452"},{"taxonomy":"post_tag","embeddable":true,"href":"https:\/\/www.journee-mondiale.com\/de\/wp-json\/wp\/v2\/tags?post=12452"}],"curies":[{"name":"wp","href":"https:\/\/api.w.org\/{rel}","templated":true}]}}