{"id":12448,"date":"2025-03-12T07:55:14","date_gmt":"2025-03-12T06:55:14","guid":{"rendered":"https:\/\/www.journee-mondiale.com\/de\/5-geheime-styling-tricks-fuer-wellige-kurzhaarfrisuren-die-frauen-ueber-50-niemals-verraten\/"},"modified":"2025-03-12T07:55:14","modified_gmt":"2025-03-12T06:55:14","slug":"5-geheime-styling-tricks-fuer-wellige-kurzhaarfrisuren-die-frauen-ueber-50-niemals-verraten","status":"publish","type":"post","link":"https:\/\/www.journee-mondiale.com\/de\/5-geheime-styling-tricks-fuer-wellige-kurzhaarfrisuren-die-frauen-ueber-50-niemals-verraten\/","title":{"rendered":"5 geheime Styling-Tricks f\u00fcr wellige Kurzhaarfrisuren (die Frauen \u00fcber 50 niemals verraten&#8230;)"},"content":{"rendered":"<p>Mit den Jahren ver\u00e4ndert sich nicht nur unser Lebensstil, sondern auch unser Haar. Besonders nach dem 50. Lebensjahr sehnen sich viele Frauen nach einem Look, der sowohl jugendlich als auch elegant wirkt. <strong>Sanfte Wellen<\/strong> auf kurzem Haar bieten genau diese perfekte Balance \u2013 sie verleihen Volumen, Bewegung und einen Hauch von Frische, der perfekt zum Fr\u00fchlingsbeginn 2025 passt. Entdecken wir gemeinsam, wie Sie Ihrem kurzen Haar mit wenigen Handgriffen neues Leben einhauchen k\u00f6nnen. Besuchen Sie auch unsere <a href=\"https:\/\/www.journee-mondiale.com\/de\/category\/lebensstil\/\" target=\"_blank\">Lebensstil-Tipps<\/a> f\u00fcr weitere Inspirationen zur Erneuerung Ihres Looks.<\/p>\n<h2>Die richtige Basis: Der perfekte Schnitt f\u00fcr Wellen<\/h2>\n<p>Ein gelungener Wellenlook beginnt mit dem richtigen Haarschnitt. \u201eDer ideale Schnitt bildet das Fundament f\u00fcr jedes Styling&#8220;, erkl\u00e4rt <strong>Monika Berger<\/strong>, Meisterfriseurin aus M\u00fcnchen. \u201eBei Frauen \u00fcber 50 empfehle ich einen stufigen Bob oder einen textureichen Pixie Cut, der die nat\u00fcrliche Bewegung des Haares unterst\u00fctzt.&#8220; Besonders beliebt sind derzeit kurze bis mittellange Schnitte mit sanften Stufen, die dem Haar mehr Dimension verleihen und das Styling erleichtern.<\/p>\n<h2>Vorbereitung ist die halbe Miete<\/h2>\n<p>Bevor der Lockenstab zum Einsatz kommt, gilt es, das Haar optimal vorzubereiten. Tragen Sie ein <strong>Hitzeschutzspray<\/strong> auf und arbeiten Sie eine haselnussgro\u00dfe Menge Volumenmousse ins handtuchtrockene Haar ein. \u201eDie richtige Vorbereitung verdoppelt die Haltbarkeit Ihrer Wellen&#8220;, betont Stylistin <strong>Claudia Weber<\/strong> vom Berliner Salon &#8222;Haarkunst&#8220;. F\u00f6hnen Sie Ihr Haar anschlie\u00dfend kopf\u00fcber, um maximales Volumen an den Wurzeln zu erzielen.<\/p>\n<h2>Die perfekte Technik f\u00fcr weiche Wellen<\/h2>\n<p>F\u00fcr kurzes Haar eignet sich ein <strong>Lockenstab mit einem Durchmesser von 16-19 mm<\/strong>. So entstehen definierte Locken, die sich sp\u00e4ter zu weichen Wellen ausk\u00e4mmen lassen. Teilen Sie Ihr Haar in kleine Abschnitte und wickeln Sie diese jeweils f\u00fcr etwa 10 Sekunden um den Lockenstab. Variieren Sie die Richtung der Locken f\u00fcr einen nat\u00fcrlicheren Look \u2013 wie Wellen im Meer, die in verschiedene Richtungen flie\u00dfen. Entdecken Sie auch die neuesten <a href=\"https:\/\/www.journee-mondiale.com\/de\/\" target=\"_blank\">Aktuelle Beauty-Trends<\/a> f\u00fcr Inspiration.<\/p>\n<h2>Produkte, die den Unterschied machen<\/h2>\n<p>Die richtigen Produkte k\u00f6nnen Ihren Wellenlook von gut zu gro\u00dfartig verwandeln. Folgende <strong>Must-haves<\/strong> sollten in Ihrem Styling-Arsenal nicht fehlen:<\/p>\n<ul>\n<li>Leichtes Texturspray f\u00fcr Definition ohne Beschweren<\/li>\n<li>Feuchtigkeitsspendendes \u00d6l f\u00fcr die Haarspitzen<\/li>\n<li>Haarwachs mit leichtem Halt f\u00fcr die finale Strukturierung<\/li>\n<\/ul>\n<h2>Der Fr\u00fchlings-Wellenlook 2025<\/h2>\n<p>Im Fr\u00fchling 2025 sehen wir einen klaren Trend zu <strong>nat\u00fcrlich wirkenden Wellen<\/strong> mit viel Bewegung. \u201eWir bewegen uns weg vom perfekt gestylten Look hin zu einer entspannteren, lebendigeren \u00c4sthetik&#8220;, verr\u00e4t Thomas Schmidt, Creative Director bei Schwarzkopf Professional. Diese Nat\u00fcrlichkeit wirkt besonders verj\u00fcngend und harmoniert perfekt mit den leichteren Outfits der Fr\u00fchlingsgarderobe.<\/p>\n<h2>Alltagstaugliche Styling-Tipps<\/h2>\n<p>Der gr\u00f6\u00dfte Vorteil von weichen Wellen auf kurzem Haar? Sie sind \u00fcberraschend <strong>pflegeleicht<\/strong> im Alltag. Um Ihren Look aufzufrischen, k\u00f6nnen Sie einfach mit angefeuchteten Fingern durch das Haar fahren und es neu formen. F\u00fcr zus\u00e4tzliche Inspiration lesen Sie die <a href=\"https:\/\/www.journee-mondiale.com\/de\/comments\/feed\/\" target=\"_blank\">Erfahrungsberichte anderer Frauen<\/a>, die diesen Look lieben gelernt haben.<\/p>\n<h2>H\u00e4ufige Herausforderungen meistern<\/h2>\n<p>Selbst bei feinem Haar lassen sich wundervolle Wellen zaubern. Hier einige <strong>Probleml\u00f6sungen<\/strong> f\u00fcr typische Herausforderungen:<\/p>\n<ul>\n<li>Bei sehr feinem Haar: Vorher ein Volumenpuder in die Ans\u00e4tze einarbeiten<\/li>\n<li>Bei widerspenstigem Haar: Hitzeschutz und eine leichte Haarspray-Fixierung vor dem Stylen<\/li>\n<li>Bei grauem Haar: Spezielles Violett-Shampoo f\u00fcr strahlenden Glanz<\/li>\n<\/ul>\n<h2>Ihre Wellen unterwegs pflegen<\/h2>\n<p>Auch auf Reisen m\u00fcssen Sie nicht auf Ihren Wellenlook verzichten. Ein kompakter Reise-Lockenstab und ein <strong>trockenes Texturshampoo<\/strong> sind wahre Lebensretter. Entdecken Sie weitere praktische <a href=\"https:\/\/www.journee-mondiale.com\/de\/category\/reisen\/\" target=\"_blank\">Reise-Sch\u00f6nheitstipps<\/a> f\u00fcr unterwegs. Planen Sie alle 6-8 Wochen einen Besuch beim Friseur ein, um Ihren Schnitt frisch zu halten.<\/p>\n<h2>Wie k\u00f6nnen Sie Ihren pers\u00f6nlichen Wellenstil finden?<\/h2>\n<p>Jedes Gesicht und jeder Haartyp ist einzigartig \u2013 wie ein Kunstwerk, das einen individuellen Rahmen verdient. Experimentieren Sie mit verschiedenen Wellenintensit\u00e4ten und finden Sie Ihren pers\u00f6nlichen Stil. Bleiben Sie auf dem Laufenden mit den neuesten Techniken durch unsere <a href=\"https:\/\/www.journee-mondiale.com\/de\/feed\/\" target=\"_blank\">Regelm\u00e4\u00dfige Styling-Updates<\/a>. Weiche Wellen sind nicht nur eine Frisur \u2013 sie sind eine Einladung, jeden Tag mit neuem Schwung und Selbstbewusstsein zu beginnen.<\/p>\n","protected":false},"excerpt":{"rendered":"<p>Mit den Jahren ver\u00e4ndert sich nicht nur unser Lebensstil, sondern auch unser Haar. Besonders nach dem 50. Lebensjahr sehnen sich viele Frauen nach einem Look, der sowohl jugendlich als auch elegant wirkt. Sanfte Wellen auf kurzem Haar bieten genau diese perfekte Balance \u2013 sie verleihen Volumen, Bewegung und einen Hauch von Frische, der perfekt zum &#8230; <a title=\"5 geheime Styling-Tricks f\u00fcr wellige Kurzhaarfrisuren (die Frauen \u00fcber 50 niemals verraten&#8230;)\" class=\"read-more\" href=\"https:\/\/www.journee-mondiale.com\/de\/5-geheime-styling-tricks-fuer-wellige-kurzhaarfrisuren-die-frauen-ueber-50-niemals-verraten\/\" aria-label=\"Mehr Informationen \u00fcber 5 geheime Styling-Tricks f\u00fcr wellige Kurzhaarfrisuren (die Frauen \u00fcber 50 niemals verraten&#8230;)\">Lire plus<\/a><\/p>\n","protected":false},"author":1,"featured_media":12447,"comment_status":"","ping_status":"","sticky":false,"template":"","format":"standard","meta":{"footnotes":""},"categories":[48],"tags":[],"class_list":["post-12448","post","type-post","status-publish","format-standard","has-post-thumbnail","hentry","category-lebensstil"],"acf":[],"_yoast_wpseo_primary_category":null,"_yoast_wpseo_title":null,"_yoast_wpseo_metadesc":null,"_links":{"self":[{"href":"https:\/\/www.journee-mondiale.com\/de\/wp-json\/wp\/v2\/posts\/12448","targetHints":{"allow":["GET"]}}],"collection":[{"href":"https:\/\/www.journee-mondiale.com\/de\/wp-json\/wp\/v2\/posts"}],"about":[{"href":"https:\/\/www.journee-mondiale.com\/de\/wp-json\/wp\/v2\/types\/post"}],"author":[{"embeddable":true,"href":"https:\/\/www.journee-mondiale.com\/de\/wp-json\/wp\/v2\/users\/1"}],"replies":[{"embeddable":true,"href":"https:\/\/www.journee-mondiale.com\/de\/wp-json\/wp\/v2\/comments?post=12448"}],"version-history":[{"count":0,"href":"https:\/\/www.journee-mondiale.com\/de\/wp-json\/wp\/v2\/posts\/12448\/revisions"}],"wp:featuredmedia":[{"embeddable":true,"href":"https:\/\/www.journee-mondiale.com\/de\/wp-json\/wp\/v2\/media\/12447"}],"wp:attachment":[{"href":"https:\/\/www.journee-mondiale.com\/de\/wp-json\/wp\/v2\/media?parent=12448"}],"wp:term":[{"taxonomy":"category","embeddable":true,"href":"https:\/\/www.journee-mondiale.com\/de\/wp-json\/wp\/v2\/categories?post=12448"},{"taxonomy":"post_tag","embeddable":true,"href":"https:\/\/www.journee-mondiale.com\/de\/wp-json\/wp\/v2\/tags?post=12448"}],"curies":[{"name":"wp","href":"https:\/\/api.w.org\/{rel}","templated":true}]}}