{"id":12434,"date":"2025-03-11T21:26:16","date_gmt":"2025-03-11T20:26:16","guid":{"rendered":"https:\/\/www.journee-mondiale.com\/de\/dieser-smaragdgruene-bergsee-in-den-pyrenaeen-ist-eigentlich-kuenstlich-1-241-meter-hoch-mit-europas-hoechster-touristenbahn\/"},"modified":"2025-03-11T21:26:16","modified_gmt":"2025-03-11T20:26:16","slug":"dieser-smaragdgruene-bergsee-in-den-pyrenaeen-ist-eigentlich-kuenstlich-1-241-meter-hoch-mit-europas-hoechster-touristenbahn","status":"publish","type":"post","link":"https:\/\/www.journee-mondiale.com\/de\/dieser-smaragdgruene-bergsee-in-den-pyrenaeen-ist-eigentlich-kuenstlich-1-241-meter-hoch-mit-europas-hoechster-touristenbahn\/","title":{"rendered":"Dieser smaragdgr\u00fcne Bergsee in den Pyren\u00e4en ist eigentlich k\u00fcnstlich (1.241 Meter hoch, mit Europas h\u00f6chster Touristenbahn)"},"content":{"rendered":"<p>Ein smaragdgr\u00fcner Edelstein auf 1.241 Metern H\u00f6he \u2013 das ist der Lac de Fabr\u00e8ges in den franz\u00f6sischen Pyren\u00e4en. Was viele nicht wissen: Dieser kristallklare Bergsee ist tats\u00e4chlich ein Stausee, der sich perfekt in die majest\u00e4tische Gebirgslandschaft einf\u00fcgt und dabei das Gef\u00fchl vermittelt, als w\u00e4re er schon immer dort gewesen.<\/p>\n<h2>Ein alpines Juwel mit spektakul\u00e4rer Anreise<\/h2>\n<p>Der Lac de Fabr\u00e8ges liegt versteckt im wildromantischen Ossau-Tal, nur wenige Stunden von der spanischen Grenze entfernt. &#8222;Unser See ist wie ein Cham\u00e4leon&#8220;, erz\u00e4hlt Bergf\u00fchrer Pierre Dubois, &#8222;je nach Tageszeit wechselt er zwischen T\u00fcrkis und Tiefblau, manchmal gl\u00e4nzt er sogar in Smaragdgr\u00fcn.&#8220; Die Anreise aus Deutschland erfolgt am bequemsten \u00fcber die Flugh\u00e4fen Pau oder Biarritz \u2013 von dort erreicht man nach etwa zwei Stunden Fahrt dieses versteckte Paradies oder besucht unterwegs eine <a href=\"https:\/\/www.journee-mondiale.com\/de\/diese-festung-auf-einem-500-meter-hohen-kalksteinfelsen-verbindet-die-alpen-mit-der-provence-napoleon-uebernachtete-hier-auf-dem-weg-nach-waterloo\/\" target=\"_blank\">beeindruckende Bergfestung<\/a>.<\/p>\n<h2>Mit der legend\u00e4ren Kleinbahn zu atemberaubenden Aussichten<\/h2>\n<p>Ein absolutes Highlight ist der &#8222;Petit Train d&#8217;Artouste&#8220; \u2013 Europas h\u00f6chstgelegene Touristenbahn. Sie schl\u00e4ngelt sich auf 1.900 Metern H\u00f6he entlang steiler Felsw\u00e4nde und bietet Panoramablicke, die selbst eingefleischte Alpinisten ins Schw\u00e4rmen bringen. &#8222;Nach 50 Jahren als Zugf\u00fchrer kenne ich jede Kurve&#8220;, schmunzelt Jean Moreau, &#8222;und trotzdem bin ich jeden Tag aufs Neue \u00fcberw\u00e4ltigt von dieser Aussicht.&#8220;<\/p>\n<h2>Zwischen himmlischer Ruhe und aufregenden Aktivit\u00e4ten<\/h2>\n<p>Der See bietet nicht nur spektakul\u00e4re Fotomotive, sondern auch zahlreiche Aktivit\u00e4ten. Angelfreunde kommen auf ihre Kosten, denn der See ist reich an Forellen und anderen Arten. Wer weitere Gew\u00e4sser erkunden m\u00f6chte, findet in der Region auch andere beeindruckende <a href=\"https:\/\/www.journee-mondiale.com\/de\/dieser-versteckte-suesswassersee-ist-frankreichs-groesstes-natuerliches-juwel-5667-quadratkilometer-unberuehrtes-paradies-zwischen-atlantik-und-weinbergen\/\" target=\"_blank\">S\u00fc\u00dfwasserseen in Frankreich<\/a>. Im Sommer laden die umliegenden Wiesen zum Picknick ein, w\u00e4hrend Wanderer auf gut ausgeschilderten Wegen die Bergwelt erkunden k\u00f6nnen.<\/p>\n<h2>Verborgene Pfade zu magischen Orten<\/h2>\n<p>Abseits der bekannten Routen verbirgt das Ossau-Tal wahre Sch\u00e4tze. Das malerische Dorf Artouste mit seinen traditionellen Steinh\u00e4usern f\u00fchlt sich an wie eine Zeitreise. Ein Besuch dieses <a href=\"https:\/\/www.journee-mondiale.com\/de\/dieses-gebirgsparadies-in-frankreich-wird-zum-schoensten-sternenhimmel-europas-verstecktes-unesco-juwel-nur-einheimischen-bekannt\/\" target=\"_blank\">franz\u00f6sisches Gebirgsparadies<\/a> lohnt sich besonders in den Sommermonaten, wenn die Almwiesen in voller Bl\u00fcte stehen.<\/p>\n<h2>Kulinarische H\u00f6henfl\u00fcge zwischen Bergen und T\u00e4ler<\/h2>\n<p>&#8222;In unserer K\u00fcche spiegelt sich die Seele der Pyren\u00e4en wider&#8220;, erkl\u00e4rt Chefk\u00f6chin Marie Dubois von der Creperie de l&#8217;ours. Hier werden regionale Spezialit\u00e4ten wie Garbure (ein herzhafter Eintopf) oder das saftige Confit de Canard serviert. Das Restaurant Le Petit Lurien bietet zudem einen Panoramablick auf den See \u2013 perfekt f\u00fcr ein romantisches Abendessen bei Sonnenuntergang.<\/p>\n<h2>Unterk\u00fcnfte f\u00fcr jeden Geschmack und Geldbeutel<\/h2>\n<p>Von rustikalen Bergh\u00fctten bis zu gem\u00fctlichen Familienpensionen \u2013 das Angebot an Unterk\u00fcnften ist vielf\u00e4ltig. Das Appartement Lurien empfiehlt sich f\u00fcr Familien, w\u00e4hrend Abenteuerlustige auf einem der Campingpl\u00e4tze unter dem funkelnden Sternenhimmel \u00fcbernachten k\u00f6nnen. In der Hauptsaison empfiehlt sich eine fr\u00fchzeitige Reservierung.<\/p>\n<h2>Praktisches f\u00fcr deinen Besuch am t\u00fcrkisblauen Bergsee<\/h2>\n<p>Die beste Reisezeit erstreckt sich von Juni bis September, wenn die Wanderwege gut zug\u00e4nglich sind. Im Winter verwandelt sich die Region in ein Skiparadies. Bei Wanderungen sollte man stets das schnell wechselnde Bergwetter im Auge behalten. Wer Erholung sucht, k\u00f6nnte auch einen Abstecher zu den nahegelegenen <a href=\"https:\/\/www.journee-mondiale.com\/de\/diese-gebirgsquelle-sprudelt-seit-400-jahren-mit-28c-warmem-heilwasser-verborgenes-thermaljuwel-nur-einheimischen-bekannt\/\" target=\"_blank\">Gebirgsquellen mit Heilwasser<\/a> unternehmen.<\/p>\n<h2>Ein Geheimtipp f\u00fcr Naturliebhaber<\/h2>\n<p>Anders als der \u00fcberlaufene <a href=\"https:\/\/www.journee-mondiale.com\/de\/dieser-tuerkisblaue-bergsee-ist-frankreichs-kleinkanada-nur-45-stunden-von-deutschland-entfernt-mit-304-km%c2%b2-unberuehrter-wildnis-und-120-meter-hechten\/\" target=\"_blank\">t\u00fcrkisblauer Bergsee in Frankreich<\/a> bei Annecy bleibt der Lac de Fabr\u00e8ges selbst in der Hochsaison ein Ort der Ruhe. &#8222;Wir sch\u00e4tzen es, dass unser See noch ein Geheimtipp ist&#8220;, verr\u00e4t die Einheimische Jeanne Martin, &#8222;hier kann man noch die echte Seele der Pyren\u00e4en sp\u00fcren, ohne Touristenmassen.&#8220;<\/p>\n<p>Der Lac de Fabr\u00e8ges ist mehr als nur ein See \u2013 er ist ein Versprechen an alle, die das Authentische suchen. Wenn der Morgennebel sanft \u00fcber dem Wasser schwebt und die ersten Sonnenstrahlen die Berggipfel vergolden, versteht man, warum dieses St\u00fcck Erde seit Jahrhunderten Menschen verzaubert. Hier, zwischen rauschenden B\u00e4chen und majest\u00e4tischen Gipfeln, findet man jene Stille, die in unserer hektischen Welt so selten geworden ist.<\/p>\n","protected":false},"excerpt":{"rendered":"<p>Ein smaragdgr\u00fcner Edelstein auf 1.241 Metern H\u00f6he \u2013 das ist der Lac de Fabr\u00e8ges in den franz\u00f6sischen Pyren\u00e4en. Was viele nicht wissen: Dieser kristallklare Bergsee ist tats\u00e4chlich ein Stausee, der sich perfekt in die majest\u00e4tische Gebirgslandschaft einf\u00fcgt und dabei das Gef\u00fchl vermittelt, als w\u00e4re er schon immer dort gewesen. Ein alpines Juwel mit spektakul\u00e4rer Anreise &#8230; <a title=\"Dieser smaragdgr\u00fcne Bergsee in den Pyren\u00e4en ist eigentlich k\u00fcnstlich (1.241 Meter hoch, mit Europas h\u00f6chster Touristenbahn)\" class=\"read-more\" href=\"https:\/\/www.journee-mondiale.com\/de\/dieser-smaragdgruene-bergsee-in-den-pyrenaeen-ist-eigentlich-kuenstlich-1-241-meter-hoch-mit-europas-hoechster-touristenbahn\/\" aria-label=\"Mehr Informationen \u00fcber Dieser smaragdgr\u00fcne Bergsee in den Pyren\u00e4en ist eigentlich k\u00fcnstlich (1.241 Meter hoch, mit Europas h\u00f6chster Touristenbahn)\">Lire plus<\/a><\/p>\n","protected":false},"author":1,"featured_media":12433,"comment_status":"","ping_status":"","sticky":false,"template":"","format":"standard","meta":{"footnotes":""},"categories":[49],"tags":[],"class_list":["post-12434","post","type-post","status-publish","format-standard","has-post-thumbnail","hentry","category-reisen"],"acf":[],"_yoast_wpseo_primary_category":null,"_yoast_wpseo_title":null,"_yoast_wpseo_metadesc":null,"_links":{"self":[{"href":"https:\/\/www.journee-mondiale.com\/de\/wp-json\/wp\/v2\/posts\/12434","targetHints":{"allow":["GET"]}}],"collection":[{"href":"https:\/\/www.journee-mondiale.com\/de\/wp-json\/wp\/v2\/posts"}],"about":[{"href":"https:\/\/www.journee-mondiale.com\/de\/wp-json\/wp\/v2\/types\/post"}],"author":[{"embeddable":true,"href":"https:\/\/www.journee-mondiale.com\/de\/wp-json\/wp\/v2\/users\/1"}],"replies":[{"embeddable":true,"href":"https:\/\/www.journee-mondiale.com\/de\/wp-json\/wp\/v2\/comments?post=12434"}],"version-history":[{"count":0,"href":"https:\/\/www.journee-mondiale.com\/de\/wp-json\/wp\/v2\/posts\/12434\/revisions"}],"wp:featuredmedia":[{"embeddable":true,"href":"https:\/\/www.journee-mondiale.com\/de\/wp-json\/wp\/v2\/media\/12433"}],"wp:attachment":[{"href":"https:\/\/www.journee-mondiale.com\/de\/wp-json\/wp\/v2\/media?parent=12434"}],"wp:term":[{"taxonomy":"category","embeddable":true,"href":"https:\/\/www.journee-mondiale.com\/de\/wp-json\/wp\/v2\/categories?post=12434"},{"taxonomy":"post_tag","embeddable":true,"href":"https:\/\/www.journee-mondiale.com\/de\/wp-json\/wp\/v2\/tags?post=12434"}],"curies":[{"name":"wp","href":"https:\/\/api.w.org\/{rel}","templated":true}]}}